{"id":556118,"date":"2025-11-24T20:18:17","date_gmt":"2025-11-24T20:18:17","guid":{"rendered":"https:\/\/www.europesays.com\/fr\/556118\/"},"modified":"2025-11-24T20:18:17","modified_gmt":"2025-11-24T20:18:17","slug":"nice-previsions-meteo-du-lundi-24-novembre-2025","status":"publish","type":"post","link":"https:\/\/www.europesays.com\/fr\/556118\/","title":{"rendered":"Nice : pr\u00e9visions m\u00e9t\u00e9o du lundi 24 novembre 2025"},"content":{"rendered":"<p>\u00c0 Nice, la journ\u00e9e du lundi 24 novembre 2025 sera marqu\u00e9e par un ciel tr\u00e8s nuageux avec quelques \u00e9claircies passag\u00e8res. Les temp\u00e9ratures resteront fra\u00eeches autour de 10 \u00e0 13 degr\u00e9s, avec un vent l\u00e9ger.<\/p>\n<p>    Alerte en cours<\/p>\n<p>Le d\u00e9partement des Alpes-Maritimes est plac\u00e9 ce lundi 24 novembre en vigilance <b>Jaune Avalanche<\/b>. Cette alerte, en vigueur depuis 0 h, concerne la haute montagne et peut avoir un impact indirect sur les d\u00e9placements vers l\u2019arri\u00e8re-pays ni\u00e7ois.<\/p>\n<p>Il est recommand\u00e9 d\u2019\u00e9viter les sorties hors-piste, de reporter les randonn\u00e9es au-dessus de 1 800 m et de suivre l\u2019\u00e9volution des bulletins sur notre <a href=\"https:\/\/www.meteocity.com\/france\/alertes\" target=\"_blank\" rel=\"noopener\">page d\u00e9di\u00e9e aux alertes m\u00e9t\u00e9orologiques<\/a>.<\/p>\n<p>Les \u00e9pisodes neigeux pr\u00e9coces en altitude, associ\u00e9s \u00e0 une alternance de redoux, fragilisent le manteau neigeux, justifiant ainsi cette vigilance accrue.<\/p>\n<p>Matin : lever de soleil 07 h 36<\/p>\n<p>Le soleil s\u2019est lev\u00e9 \u00e0 7 h 36, mais les nuages dominent largement le ciel ni\u00e7ois, diffusant une lumi\u00e8re douce sur la Baie des Anges.<\/p>\n<ul>\n<li><b>Temp\u00e9rature :<\/b> 10 \u00b0C, ressenti 8 \u00b0C.<\/li>\n<li><b>Humidit\u00e9 :<\/b> 71 %.<\/li>\n<li><b>Pression :<\/b> 1 008 hPa, en l\u00e9g\u00e8re baisse.<\/li>\n<li><b>Vent :<\/b> 8 km\/h nord-nord-ouest.<\/li>\n<li>Risque de pluie : 33 %.<\/li>\n<\/ul>\n<p>Un coupe-vent sera suffisant pour la promenade matinale : l\u2019air demeure frais, sans menace imm\u00e9diate d\u2019averse.<\/p>\n<p>Ces valses nuageuses, typiques de novembre, traduisent un gradient thermique r\u00e9duit entre la mer et l\u2019arri\u00e8re-pays, un ph\u00e9nom\u00e8ne accentu\u00e9 ces derni\u00e8res ann\u00e9es par le r\u00e9chauffement de la M\u00e9diterran\u00e9e.<\/p>\n<p>Apr\u00e8s-midi<\/p>\n<p>\u00c0 la mi-journ\u00e9e, le ciel s\u2019\u00e9claircira par intermittence, laissant filtrer quelques rayons, tandis que les temp\u00e9ratures grimperont doucement vers <b>13 \u00b0C<\/b>.<\/p>\n<ul>\n<li>Ressenti : 11 \u00b0C.<\/li>\n<li>Humidit\u00e9 : 80 % \u2014 atmosph\u00e8re assez lourde.<\/li>\n<li>Vent : 10 km\/h de l\u2019est.<\/li>\n<li>Probabilit\u00e9 de pluie : 45 % sans cumul significatif.<\/li>\n<\/ul>\n<p>On pourra encore fl\u00e2ner sur la Promenade des Anglais, \u00e0 condition de garder un parapluie l\u00e9ger \u00e0 port\u00e9e de main.<\/p>\n<p>Avec une humidit\u00e9 proche de 80 %, il conviendra de surveiller les personnes sensibles aux pathologies respiratoires ; a\u00e9rer les logements reste conseill\u00e9, m\u00eame sous un ciel couvert.<\/p>\n<p>Soir : coucher de soleil 16 h 58<\/p>\n<p>Le soleil se couchera \u00e0 16 h 58 derri\u00e8re une \u00e9paisse couverture nuageuse, annon\u00e7ant une soir\u00e9e grise sur la ville.<\/p>\n<ul>\n<li>Temp\u00e9rature : 10 \u00b0C, ressenti 9 \u00b0C.<\/li>\n<li>Humidit\u00e9 : 87 %.<\/li>\n<li>Pression : 1 001 hPa.<\/li>\n<li>Vent calme, orientation sud-est.<\/li>\n<li>Pluie toujours limit\u00e9e : risque 48 %.<\/li>\n<\/ul>\n<p>L\u2019absence de vent notable limitera la sensation de fra\u00eecheur, mais un manteau imperm\u00e9able restera recommand\u00e9 pour les sorties apr\u00e8s le travail.<\/p>\n<p>Les terrasses resteront ouvertes, tandis que les restaurateurs pr\u00e9voiront des chauffages d\u2019appoint pour compenser l\u2019air humide.<\/p>\n<p>Tendance g\u00e9n\u00e9rale pour le lendemain<\/p>\n<p>Demain mardi, la masse d\u2019air restera fra\u00eeche et tr\u00e8s nuageuse sur Nice, avec un mercure oscillant entre <b>7 \u00b0C<\/b> et <b>13 \u00b0C<\/b>.<\/p>\n<ul>\n<li>Rafales possibles : 43 km\/h nord-ouest sur le littoral.<\/li>\n<li>Humidit\u00e9 moyenne : 66 %.<\/li>\n<li>Risque de pluie insignifiant : 1 %.<\/li>\n<li>Pression en nette baisse : 974 hPa.<\/li>\n<\/ul>\n<p>Les premi\u00e8res heures de la nuit suivante devraient toutefois d\u00e9gager le ciel, comme en t\u00e9moignera l\u2019\u00e9claircie observ\u00e9e \u00e0 minuit avec <b>8 \u00b0C<\/b> et un ressenti de 2 \u00b0C.<\/p>\n<p>On pourra donc envisager un temps sec pour le march\u00e9 du Cours Saleya ; pour organiser vos activit\u00e9s, consultez <a href=\"https:\/\/www.meteocity.com\/france\/nice-v2990440\/tourisme\" target=\"_blank\" rel=\"noopener\">notre page tourisme<\/a>.<\/p>\n<p>La pression tr\u00e8s basse souligne la pr\u00e9sence d\u2019un syst\u00e8me d\u00e9pressionnaire persistant sur l\u2019Europe du Sud, une configuration de plus en plus fr\u00e9quente selon Copernicus.<\/p>\n","protected":false},"excerpt":{"rendered":"\u00c0 Nice, la journ\u00e9e du lundi 24 novembre 2025 sera marqu\u00e9e par un ciel tr\u00e8s nuageux avec quelques&hellip;\n","protected":false},"author":2,"featured_media":556119,"comment_status":"","ping_status":"","sticky":false,"template":"","format":"standard","meta":{"footnotes":""},"categories":[2819],"tags":[1111,11,1777,674,1011,27,12,2401,882,25],"class_list":{"0":"post-556118","1":"post","2":"type-post","3":"status-publish","4":"format-standard","5":"has-post-thumbnail","7":"category-nice","8":"tag-actu","9":"tag-actualites","10":"tag-eu","11":"tag-europe","12":"tag-fr","13":"tag-france","14":"tag-news","15":"tag-nice","16":"tag-provence-alpes-cote-dazur","17":"tag-republique-francaise"},"share_on_mastodon":{"url":"https:\/\/pubeurope.com\/@fr\/115606526678743729","error":""},"_links":{"self":[{"href":"https:\/\/www.europesays.com\/fr\/wp-json\/wp\/v2\/posts\/556118","targetHints":{"allow":["GET"]}}],"collection":[{"href":"https:\/\/www.europesays.com\/fr\/wp-json\/wp\/v2\/posts"}],"about":[{"href":"https:\/\/www.europesays.com\/fr\/wp-json\/wp\/v2\/types\/post"}],"author":[{"embeddable":true,"href":"https:\/\/www.europesays.com\/fr\/wp-json\/wp\/v2\/users\/2"}],"replies":[{"embeddable":true,"href":"https:\/\/www.europesays.com\/fr\/wp-json\/wp\/v2\/comments?post=556118"}],"version-history":[{"count":0,"href":"https:\/\/www.europesays.com\/fr\/wp-json\/wp\/v2\/posts\/556118\/revisions"}],"wp:featuredmedia":[{"embeddable":true,"href":"https:\/\/www.europesays.com\/fr\/wp-json\/wp\/v2\/media\/556119"}],"wp:attachment":[{"href":"https:\/\/www.europesays.com\/fr\/wp-json\/wp\/v2\/media?parent=556118"}],"wp:term":[{"taxonomy":"category","embeddable":true,"href":"https:\/\/www.europesays.com\/fr\/wp-json\/wp\/v2\/categories?post=556118"},{"taxonomy":"post_tag","embeddable":true,"href":"https:\/\/www.europesays.com\/fr\/wp-json\/wp\/v2\/tags?post=556118"}],"curies":[{"name":"wp","href":"https:\/\/api.w.org\/{rel}","templated":true}]}}