{"id":556120,"date":"2025-11-24T20:19:21","date_gmt":"2025-11-24T20:19:21","guid":{"rendered":"https:\/\/www.europesays.com\/fr\/556120\/"},"modified":"2025-11-24T20:19:21","modified_gmt":"2025-11-24T20:19:21","slug":"municipales-2026-le-maire-de-cette-commune-de-loire-atlantique-vise-un-second-mandat","status":"publish","type":"post","link":"https:\/\/www.europesays.com\/fr\/556120\/","title":{"rendered":"Municipales 2026. Le maire de cette commune de Loire-Atlantique vise un second mandat"},"content":{"rendered":"<p>En fin de semaine derni\u00e8re, le maire de Roug\u00e9, Jean-Michel Duclos, annon\u00e7ait son intention de se repr\u00e9senter aux \u00e9lections municipales de 2026. Agriculteur \u00e2g\u00e9 de 58\u00a0ans, il est entr\u00e9 au conseil municipal en 2014 comme conseiller et s\u2019est retrouv\u00e9 dans l\u2019opposition.<\/p>\n<p>En 2020, il est \u00e9lu maire de la commune pour la premi\u00e8re fois, en pleine crise sanitaire li\u00e9e au Covid. Des premiers mois compliqu\u00e9s, notamment en raison du changement de majorit\u00e9 et de la reprise des chantiers en cours. Mais n\u2019est-ce pas l\u00e0 le lot de chaque commune de devoir s\u2019adapter\u00a0?<\/p>\n<p><strong>LIRE AUSSI\u00a0: <\/strong> <a href=\"https:\/\/nantes.maville.com\/actu\/actudet_-municipales-2026.-nantes-bientot-une-zad-a-ciel-ouvert-questionne-jean-claude-hulot-rn-_8-7075825_actu.Htm\" target=\"_blank\" rel=\"noopener\">Municipales 2026. \u00ab\u00a0Nantes, bient\u00f4t une ZAD \u00e0 ciel ouvert\u00a0?\u00a0\u00bb questionne Jean-Claude Hulot (RN)<\/a><\/p>\n<p>La liste compl\u00e8te d\u00e9voil\u00e9e fin janvier<\/p>\n<p>Apr\u00e8s consultation de l\u2019\u00e9quipe municipale actuelle, pr\u00e8s de la moiti\u00e9 se dit pr\u00eate \u00e0 repartir pour un second mandat. De nouveaux projets sont en cours\u00a0: r\u00e9alisation d\u2019une cantine municipale neuve, extension du lotissement Grand Domaine. Pour constituer la nouvelle \u00e9quipe, \u00ab\u00a0l\u2019objectif sera d\u2019accompagner les nouveaux entrants afin qu\u2019ils trouvent rapidement leur place\u00a0\u00bb, pr\u00e9cise-t-il.<\/p>\n<p>Un enjeu majeur sera le maintien des effectifs dans les \u00e9coles, face \u00e0 la baisse de natalit\u00e9. S\u2019ajoutent \u00e9galement la volont\u00e9 de conserver les commerces et, enfin, l\u2019espoir de voir arriver un m\u00e9decin au p\u00f4le sant\u00e9.<\/p>\n<p>La liste des 19\u00a0candidats sera d\u00e9voil\u00e9e fin janvier, lors d\u2019une r\u00e9union publique.<\/p>\n<p><strong>LIRE AUSSI\u00a0:<\/strong> <a href=\"https:\/\/nantes.maville.com\/actu\/actudet_-municipales-2026.-crise-du-logement-a-nantes-les-propositions-concretes-des-candidats-_8-7078164_actu.Htm\" target=\"_blank\" rel=\"noopener\">Municipales 2026. Crise du logement \u00e0 Nantes\u00a0: les propositions concr\u00e8tes des candidats<\/a><\/p>\n<p>\u00a0<\/p>\n","protected":false},"excerpt":{"rendered":"En fin de semaine derni\u00e8re, le maire de Roug\u00e9, Jean-Michel Duclos, annon\u00e7ait son intention de se repr\u00e9senter aux&hellip;\n","protected":false},"author":2,"featured_media":556121,"comment_status":"","ping_status":"","sticky":false,"template":"","format":"standard","meta":{"footnotes":""},"categories":[2818],"tags":[5734,1111,11,7052,1777,674,1011,27,3047,5107,13184,3554,766,12,2636,25,60166,575],"class_list":{"0":"post-556120","1":"post","2":"type-post","3":"status-publish","4":"format-standard","5":"has-post-thumbnail","7":"category-nantes","8":"tag-5734","9":"tag-actu","10":"tag-actualites","11":"tag-commune","12":"tag-eu","13":"tag-europe","14":"tag-fr","15":"tag-france","16":"tag-loire-atlantique","17":"tag-maire","18":"tag-mandat","19":"tag-municipales","20":"tag-nantes","21":"tag-news","22":"tag-pays-de-la-loire","23":"tag-republique-francaise","24":"tag-second","25":"tag-vise"},"share_on_mastodon":{"url":"https:\/\/pubeurope.com\/@fr\/115606530644393145","error":""},"_links":{"self":[{"href":"https:\/\/www.europesays.com\/fr\/wp-json\/wp\/v2\/posts\/556120","targetHints":{"allow":["GET"]}}],"collection":[{"href":"https:\/\/www.europesays.com\/fr\/wp-json\/wp\/v2\/posts"}],"about":[{"href":"https:\/\/www.europesays.com\/fr\/wp-json\/wp\/v2\/types\/post"}],"author":[{"embeddable":true,"href":"https:\/\/www.europesays.com\/fr\/wp-json\/wp\/v2\/users\/2"}],"replies":[{"embeddable":true,"href":"https:\/\/www.europesays.com\/fr\/wp-json\/wp\/v2\/comments?post=556120"}],"version-history":[{"count":0,"href":"https:\/\/www.europesays.com\/fr\/wp-json\/wp\/v2\/posts\/556120\/revisions"}],"wp:featuredmedia":[{"embeddable":true,"href":"https:\/\/www.europesays.com\/fr\/wp-json\/wp\/v2\/media\/556121"}],"wp:attachment":[{"href":"https:\/\/www.europesays.com\/fr\/wp-json\/wp\/v2\/media?parent=556120"}],"wp:term":[{"taxonomy":"category","embeddable":true,"href":"https:\/\/www.europesays.com\/fr\/wp-json\/wp\/v2\/categories?post=556120"},{"taxonomy":"post_tag","embeddable":true,"href":"https:\/\/www.europesays.com\/fr\/wp-json\/wp\/v2\/tags?post=556120"}],"curies":[{"name":"wp","href":"https:\/\/api.w.org\/{rel}","templated":true}]}}