{"id":556127,"date":"2025-11-24T20:23:12","date_gmt":"2025-11-24T20:23:12","guid":{"rendered":"https:\/\/www.europesays.com\/fr\/556127\/"},"modified":"2025-11-24T20:23:12","modified_gmt":"2025-11-24T20:23:12","slug":"actia-resiste-plutot-bien-dans-un-contexte-incertain","status":"publish","type":"post","link":"https:\/\/www.europesays.com\/fr\/556127\/","title":{"rendered":"Actia r\u00e9siste plut\u00f4t bien dans un contexte incertain"},"content":{"rendered":"<p>Sp\u00e9cialiste toulousain de la fabrication de syst\u00e8mes \u00e9lectroniques, Actia fait le bilan de son troisi\u00e8me trimestre 2025. Le groupe annonce un chiffre d\u2019affaires consolid\u00e9 de 134,1 millions d\u2019euros, en croissance de 17,5\u00a0% par rapport \u00e0 la m\u00eame p\u00e9riode de 2024. La dynamique commerciale de la Division Mobility est en revanche \u00ab\u00a0ralentie depuis plusieurs trimestres par une conjoncture fragile sur le secteur Automotive\u00a0\u00bb. Au troisi\u00e8me trimestre 2025, l\u2019activit\u00e9 en France repr\u00e9sente, selon le groupe, 40,4\u00a0% de son chiffre d\u2019affaires, avec un montant en hausse de 9\u00a0%, tandis que celui r\u00e9alis\u00e9 \u00e0 l\u2019international progresse de 23,5\u00a0%.<\/p>\n<p>Sur les neuf premiers mois, le chiffre d\u2019affaires du groupe est affich\u00e9 \u00e0 400,5 millions d\u2019euros, en l\u00e9g\u00e8re progression de 1,8\u00a0%, \u00ab\u00a0en ligne avec l\u2019objectif annuel de stabiliser le chiffre d\u2019affaires du groupe autour du niveau de 2024, dans un environnement \u00e9conomique toujours marqu\u00e9 par l\u2019incertitude\u00a0\u00bb.<\/p>\n","protected":false},"excerpt":{"rendered":"Sp\u00e9cialiste toulousain de la fabrication de syst\u00e8mes \u00e9lectroniques, Actia fait le bilan de son troisi\u00e8me trimestre 2025. Le&hellip;\n","protected":false},"author":2,"featured_media":373637,"comment_status":"","ping_status":"","sticky":false,"template":"","format":"standard","meta":{"footnotes":""},"categories":[2816],"tags":[67371,1111,11,9860,1777,674,1011,27,12,2680,25,2312,800],"class_list":{"0":"post-556127","1":"post","2":"type-post","3":"status-publish","4":"format-standard","5":"has-post-thumbnail","7":"category-toulouse","8":"tag-actia","9":"tag-actu","10":"tag-actualites","11":"tag-electronique","12":"tag-eu","13":"tag-europe","14":"tag-fr","15":"tag-france","16":"tag-news","17":"tag-occitanie","18":"tag-republique-francaise","19":"tag-toulouse","20":"tag-transports"},"share_on_mastodon":{"url":"https:\/\/pubeurope.com\/@fr\/115606546330765181","error":""},"_links":{"self":[{"href":"https:\/\/www.europesays.com\/fr\/wp-json\/wp\/v2\/posts\/556127","targetHints":{"allow":["GET"]}}],"collection":[{"href":"https:\/\/www.europesays.com\/fr\/wp-json\/wp\/v2\/posts"}],"about":[{"href":"https:\/\/www.europesays.com\/fr\/wp-json\/wp\/v2\/types\/post"}],"author":[{"embeddable":true,"href":"https:\/\/www.europesays.com\/fr\/wp-json\/wp\/v2\/users\/2"}],"replies":[{"embeddable":true,"href":"https:\/\/www.europesays.com\/fr\/wp-json\/wp\/v2\/comments?post=556127"}],"version-history":[{"count":0,"href":"https:\/\/www.europesays.com\/fr\/wp-json\/wp\/v2\/posts\/556127\/revisions"}],"wp:featuredmedia":[{"embeddable":true,"href":"https:\/\/www.europesays.com\/fr\/wp-json\/wp\/v2\/media\/373637"}],"wp:attachment":[{"href":"https:\/\/www.europesays.com\/fr\/wp-json\/wp\/v2\/media?parent=556127"}],"wp:term":[{"taxonomy":"category","embeddable":true,"href":"https:\/\/www.europesays.com\/fr\/wp-json\/wp\/v2\/categories?post=556127"},{"taxonomy":"post_tag","embeddable":true,"href":"https:\/\/www.europesays.com\/fr\/wp-json\/wp\/v2\/tags?post=556127"}],"curies":[{"name":"wp","href":"https:\/\/api.w.org\/{rel}","templated":true}]}}