{"id":556134,"date":"2025-11-24T20:27:17","date_gmt":"2025-11-24T20:27:17","guid":{"rendered":"https:\/\/www.europesays.com\/fr\/556134\/"},"modified":"2025-11-24T20:27:17","modified_gmt":"2025-11-24T20:27:17","slug":"marseille-cirque-contemporain-lentre2-biac-revient-en-janvier-2026","status":"publish","type":"post","link":"https:\/\/www.europesays.com\/fr\/556134\/","title":{"rendered":"Marseille. Cirque contemporain: l\u2019Entre2 Biac revient en janvier 2026"},"content":{"rendered":"<p>La Biennale internationale des arts du cirque (Biac) a une petite s\u0153ur, : L\u2019Entre2 Biac. Une sorte de hors-d\u2019oeuvre pour patienter entre deux rendez-vous internationaux. Durant un mois, du 15 janvier au 15 f\u00e9vrier, l\u2019Entre2 Biac propose 25 spectacles. L\u2019an pass\u00e9 la Biac a accueilli pr\u00e8s de 110 000 spectateurs. L\u2019ambition d\u2019Archaos, le p\u00f4le national cirque de la cit\u00e9 phoc\u00e9enne est de pr\u00e9senter \u00e0 travers ce rendez-vous une discipline parmi les plus innovantes de ces derni\u00e8res d\u00e9cennies.<br \/>\n<img fetchpriority=\"high\" decoding=\"async\" class=\"size-large wp-image-111036\" src=\"https:\/\/www.europesays.com\/fr\/wp-content\/uploads\/2025\/11\/IMG-20251123-WA0000-1024x768.jpg\" alt=\"Destimed IMG 20251123 WA0000\" width=\"1024\" height=\"768\"  \/>A droite Jean-Marc Coppola, adjoint au maire en charge de la Culture et les repr\u00e9sentants des structures qui accueillent le festival \u00a9 Jo\u00ebl Barcy<br \/>\n\u00ab Un art de tous les possibles \u00bb<br \/>\n<img loading=\"lazy\" decoding=\"async\" class=\"size-large wp-image-111035\" src=\"https:\/\/www.europesays.com\/fr\/wp-content\/uploads\/2025\/11\/IMG-20251123-WA0002-1024x682.jpg\" alt=\"Destimed IMG 20251123 WA0002\" width=\"1024\" height=\"682\"  \/>Wolf, compagnie Circa, \u00a9Andy Philippson<\/p>\n<p>Tout au long de l\u2019ann\u00e9e, Archaos accueille en r\u00e9sidence des troupes et coproduit de nombreuses compagnies dont une majorit\u00e9 est programm\u00e9e \u00e0 la Biac ou \u00e0 l\u2019Entre2 Biac. Depuis 3 ou 4 d\u00e9cennies le cirque contemporain, qui travaillait en silo, a pris un tournant. \u00ab On arrive l\u00e0 o\u00f9 je voulais toujours, se f\u00e9licite Raquel Rache de Andrade, codirectrice de la Biac et cofondatrice d\u2019Archaos, devenu p\u00f4le national Cirque. On a vu cet art \u00e9voluer et avoir des \u00e9changes avec l\u2019\u00e9criture, la dramaturgie. C\u2019est un art qui accueille, qui ouvre les bras, aime la diff\u00e9rence, la diversit\u00e9. C\u2019est un art de tous les possibles\u00bb<\/p>\n<p>Un coup de coeur<\/p>\n<p>Avec 25 spectacles dont un quart de cr\u00e9ations, l\u2019Entre2 Biac n\u2019offre pas la vari\u00e9t\u00e9 de la biennale mais permet de prendre un bel ap\u00e9ritif avec des compagnies nationales et internationales de renom et de patienter agr\u00e9ablement en attendant la BIAC 2027. \u00ab Il y a des spectacles qui sont tr\u00e8s forts, rel\u00e8ve la co-directrice. Il y a le spectacle \u201cDes Nuits pour voir le jour\u201d avec une artiste qui fait de la contorsion et fait un peu un r\u00e9cit o\u00f9 elle met son histoire et ses blessures en avant. Elle fait de la contorsion sur une sc\u00e8ne qui est un miroir et c\u2019est super beau car \u00e0 un moment on ne sait plus o\u00f9 sont les jambes, les bras. \u00bb<\/p>\n<\/p>\n<p>Diverses structures mobilis\u00e9es<\/p>\n<p>En 2026, 11 structures participent \u00e0 l\u2019Entre2 Biac et vont faire rayonner le festival dans divers lieux de la r\u00e9gion. Un programme o\u00f9 contorsions, sensations, po\u00e9sie vont fusionner pour ravir un public \u00e9clectique.<\/p>\n<p><strong>Reportage Jo\u00ebl BARCY<\/strong><\/p>\n<p>L\u2019entre2 Biac se tient du 15 janvier au 25 f\u00e9vrier 2026 \u2013 Plus d\u2019info :\u00a0 <a href=\"https:\/\/archaos.fr\/fr\" target=\"_blank\" rel=\"noopener\">archaos.fr<\/a><\/p>\n<p>\u00a0<\/p>\n","protected":false},"excerpt":{"rendered":"La Biennale internationale des arts du cirque (Biac) a une petite s\u0153ur, : L\u2019Entre2 Biac. Une sorte de&hellip;\n","protected":false},"author":2,"featured_media":556135,"comment_status":"","ping_status":"","sticky":false,"template":"","format":"standard","meta":{"footnotes":""},"categories":[2814],"tags":[1111,11,1777,674,1011,27,884,12,882,25],"class_list":{"0":"post-556134","1":"post","2":"type-post","3":"status-publish","4":"format-standard","5":"has-post-thumbnail","7":"category-marseille","8":"tag-actu","9":"tag-actualites","10":"tag-eu","11":"tag-europe","12":"tag-fr","13":"tag-france","14":"tag-marseille","15":"tag-news","16":"tag-provence-alpes-cote-dazur","17":"tag-republique-francaise"},"share_on_mastodon":{"url":"https:\/\/pubeurope.com\/@fr\/115606563029068875","error":""},"_links":{"self":[{"href":"https:\/\/www.europesays.com\/fr\/wp-json\/wp\/v2\/posts\/556134","targetHints":{"allow":["GET"]}}],"collection":[{"href":"https:\/\/www.europesays.com\/fr\/wp-json\/wp\/v2\/posts"}],"about":[{"href":"https:\/\/www.europesays.com\/fr\/wp-json\/wp\/v2\/types\/post"}],"author":[{"embeddable":true,"href":"https:\/\/www.europesays.com\/fr\/wp-json\/wp\/v2\/users\/2"}],"replies":[{"embeddable":true,"href":"https:\/\/www.europesays.com\/fr\/wp-json\/wp\/v2\/comments?post=556134"}],"version-history":[{"count":0,"href":"https:\/\/www.europesays.com\/fr\/wp-json\/wp\/v2\/posts\/556134\/revisions"}],"wp:featuredmedia":[{"embeddable":true,"href":"https:\/\/www.europesays.com\/fr\/wp-json\/wp\/v2\/media\/556135"}],"wp:attachment":[{"href":"https:\/\/www.europesays.com\/fr\/wp-json\/wp\/v2\/media?parent=556134"}],"wp:term":[{"taxonomy":"category","embeddable":true,"href":"https:\/\/www.europesays.com\/fr\/wp-json\/wp\/v2\/categories?post=556134"},{"taxonomy":"post_tag","embeddable":true,"href":"https:\/\/www.europesays.com\/fr\/wp-json\/wp\/v2\/tags?post=556134"}],"curies":[{"name":"wp","href":"https:\/\/api.w.org\/{rel}","templated":true}]}}