{"id":556139,"date":"2025-11-24T20:30:31","date_gmt":"2025-11-24T20:30:31","guid":{"rendered":"https:\/\/www.europesays.com\/fr\/556139\/"},"modified":"2025-11-24T20:30:31","modified_gmt":"2025-11-24T20:30:31","slug":"le-modem-se-place-dans-la-roue-de-jean-michel-aulas","status":"publish","type":"post","link":"https:\/\/www.europesays.com\/fr\/556139\/","title":{"rendered":"le Modem se place dans la roue de Jean-Michel Aulas"},"content":{"rendered":"<p>Le temps passe et le temps presse. Les \u00e9lections municipales et m\u00e9tropolitaines du 15 et 22\u00a0mars se rapprochent. La perspective de voir le mouvement de <a href=\"https:\/\/www.leprogres.fr\/p\/jean-michel-aulas\" target=\"_blank\" rel=\"noopener\">Jean-Michel Aulas<\/a> profiter de sa dynamique lyonnaise pour \u00e9largir sa conqu\u00eate \u00e0 la M\u00e9tropole de Lyon s\u2019affirme. La naissance annonc\u00e9e de \u00ab\u00a0Grand c\u0153ur lyonnais\u00a0\u00bb pousse ses partenaires \u00e0 avancer leur pion. Apr\u00e8s les d\u00e9clarations d\u2019<a href=\"https:\/\/www.leprogres.fr\/p\/alexandre-vincendet\" target=\"_blank\" rel=\"noopener\">Alexandre Vincendet<\/a> (Horizons) et les appels pressants des LR r\u00e9unis derri\u00e8re V\u00e9ronique Sarselli pour s\u2019inscrire dans ce souffle, c\u2019est au tour du Modem du Rh\u00f4ne de sortir de son silence ce 24\u00a0novembre.<\/p>\n<p>  \u00ab\u00a0On ne va pas retomber dans les travers partisans\u00a0\u00bb<\/p>\n<p>Si le mouvement a pr\u00e9sent\u00e9 dix-sept chefs de file sur autant de communes de l\u2019agglom\u00e9ration ainsi qu\u2019\u00e0 Villefranche-sur-Sa\u00f4ne, ce sont bien les \u00e9lections m\u00e9tropolitaines qui ont occup\u00e9 la majeure partie du temps de la conf\u00e9rence de presse.<\/p>\n<p>Un parti \u00e0 la strat\u00e9gie claire pour conqu\u00e9rir la M\u00e9tropole\u00a0: se placer dans la roue de JMA. \u00ab\u00a0On poussera \u00ab\u00a0Grand c\u0153ur lyonnais\u00a0\u00bb dans les 14 circos\u00a0\u00bb, affirme <a href=\"https:\/\/www.leprogres.fr\/p\/cyrille-isaac-sibille\" target=\"_blank\" rel=\"noopener\">Cyrille Isaac-Sibille<\/a>. Un soutien enrichi de 11 th\u00e8mes programmatiques intitul\u00e9s \u00ab\u00a0Prot\u00e9ger, stimuler, relier\u00a0\u00bb que le mouvement porte dans les discussions men\u00e9es avec le staff Aulas, au-del\u00e0 des \u00ab\u00a0logiques partisanes\u00a0\u00bb. \u00ab\u00a0On ne va pas retomber dans ces travers au d\u00e9triment de la repr\u00e9sentation de la sensibilit\u00e9, des forces et des talents des territoires,\u00a0\u00bb appelle Fran\u00e7ois-Xavier Penicaud.<\/p>\n<p>  \u00ab\u00a0Ce n\u2019est pas un syndicat des maires\u00a0\u00bb<\/p>\n<p>\u00ab\u00a0La M\u00e9tropole est une collectivit\u00e9 de plein exercice. Ce n\u2019est pas un syndicat des maires et on n\u2019est pas dans une \u00e9lection s\u00e9natoriale. Nous appelons Jean-Michel Aulas \u00e0 jouer pleinement son r\u00f4le de rassemblement,\u00a0\u00bb ajoute Cyrille Isaac-Sibille, dans une r\u00e9f\u00e9rence \u00e0 peine voil\u00e9e <a href=\"https:\/\/www.leprogres.fr\/elections\/2025\/11\/13\/metropolitaines-2026-30-maires-autour-de-veronique-sarselli-un-nouveau-message-a-jean-michel-aulas\" target=\"_blank\" rel=\"noopener\">aux r\u00e9centes prises de position LR<\/a>.\u00a0Cela pourrait-il\u00a0amener le Modem \u00e0 revoir sa position, \u00e0 l\u2019heure de d\u00e9voiler la personnalit\u00e9 appel\u00e9e \u00e0 incarner le \u00ab\u00a0Grand c\u0153ur lyonnais\u00a0\u00bb pour la conqu\u00eate de la M\u00e9tro\u00a0? Le d\u00e9bat est \u00e9cart\u00e9 par ses repr\u00e9sentants, soucieux d\u2019insister sur ses correspondances avec la m\u00e9thode Aulas aujourd\u2019hui.<\/p>\n<p>  \u00ab\u00a0Repartir des territoires\u00a0\u00bb<\/p>\n<p>\u00ab\u00a0On a une opportunit\u00e9 exceptionnelle de donner tout son sens et son envergure \u00e0 la M\u00e9tropole de Lyon. Notre mouvement \u00e0 un r\u00f4le \u00e0 jouer sur la programmatique et la m\u00e9thode\u2026 C\u2019est d\u2019abord un engagement citoyen au-del\u00e0 d\u2019un engagement partisan. Jean-Michel Aulas est en train d\u2019y parvenir\u2026 On doit repartir des territoires, on est dans l\u2019ADN de notre mouvement\u00a0\u00bb, assure <a href=\"https:\/\/www.leprogres.fr\/p\/blandine-brocard\" target=\"_blank\" rel=\"noopener\">Blandine Brocard<\/a>. Reste \u00e0 voir de quelle repr\u00e9sentation b\u00e9n\u00e9ficiera le Modem fort de \u00ab\u00a0quelques centaines d\u2019adh\u00e9rents\u00a0\u00bb sur la Rh\u00f4ne dans les futures listes.<\/p>\n","protected":false},"excerpt":{"rendered":"Le temps passe et le temps presse. Les \u00e9lections municipales et m\u00e9tropolitaines du 15 et 22\u00a0mars se rapprochent.&hellip;\n","protected":false},"author":2,"featured_media":556140,"comment_status":"","ping_status":"","sticky":false,"template":"","format":"standard","meta":{"footnotes":""},"categories":[1889],"tags":[1111,11,2430,2757,36284,1777,674,107,1011,27,2428,2756,12,316,25,2429],"class_list":{"0":"post-556139","1":"post","2":"type-post","3":"status-publish","4":"format-standard","5":"has-post-thumbnail","7":"category-lyon","8":"tag-actu","9":"tag-actualites","10":"tag-auvergne-rhone-alpes","11":"tag-edition-lyon-villeurbanne","12":"tag-elections-metropolitaines","13":"tag-eu","14":"tag-europe","15":"tag-fil-info","16":"tag-fr","17":"tag-france","18":"tag-lyon","19":"tag-lyon-bassin","20":"tag-news","21":"tag-politique","22":"tag-republique-francaise","23":"tag-rhone"},"share_on_mastodon":{"url":"https:\/\/pubeurope.com\/@fr\/115606573812616810","error":""},"_links":{"self":[{"href":"https:\/\/www.europesays.com\/fr\/wp-json\/wp\/v2\/posts\/556139","targetHints":{"allow":["GET"]}}],"collection":[{"href":"https:\/\/www.europesays.com\/fr\/wp-json\/wp\/v2\/posts"}],"about":[{"href":"https:\/\/www.europesays.com\/fr\/wp-json\/wp\/v2\/types\/post"}],"author":[{"embeddable":true,"href":"https:\/\/www.europesays.com\/fr\/wp-json\/wp\/v2\/users\/2"}],"replies":[{"embeddable":true,"href":"https:\/\/www.europesays.com\/fr\/wp-json\/wp\/v2\/comments?post=556139"}],"version-history":[{"count":0,"href":"https:\/\/www.europesays.com\/fr\/wp-json\/wp\/v2\/posts\/556139\/revisions"}],"wp:featuredmedia":[{"embeddable":true,"href":"https:\/\/www.europesays.com\/fr\/wp-json\/wp\/v2\/media\/556140"}],"wp:attachment":[{"href":"https:\/\/www.europesays.com\/fr\/wp-json\/wp\/v2\/media?parent=556139"}],"wp:term":[{"taxonomy":"category","embeddable":true,"href":"https:\/\/www.europesays.com\/fr\/wp-json\/wp\/v2\/categories?post=556139"},{"taxonomy":"post_tag","embeddable":true,"href":"https:\/\/www.europesays.com\/fr\/wp-json\/wp\/v2\/tags?post=556139"}],"curies":[{"name":"wp","href":"https:\/\/api.w.org\/{rel}","templated":true}]}}