{"id":556145,"date":"2025-11-24T20:36:13","date_gmt":"2025-11-24T20:36:13","guid":{"rendered":"https:\/\/www.europesays.com\/fr\/556145\/"},"modified":"2025-11-24T20:36:13","modified_gmt":"2025-11-24T20:36:13","slug":"la-procureure-de-paris-souhaite-plus-denqueteurs-et-de-magistrats-pour-traiter-les-violences-faites-aux-femmes","status":"publish","type":"post","link":"https:\/\/www.europesays.com\/fr\/556145\/","title":{"rendered":"La procureure de Paris souhaite \u00ab\u00a0plus d&rsquo;enqu\u00eateurs\u00a0\u00bb et de \u00ab\u00a0magistrats\u00a0\u00bb pour traiter les violences faites aux femmes"},"content":{"rendered":"<p class=\"mb-4 text-lg md:leading-8 break-words\">La procureure de Paris Laure Beccuau a estim\u00e9, lundi 24 novembre, qu&rsquo;il fallait \u00ab\u00a0plus d&rsquo;enqu\u00eateurs\u00a0\u00bb et de \u00ab\u00a0magistrats\u00a0\u00bb pour <a href=\"https:\/\/fr.news.yahoo.com\/mieux-rep%C3%A9rer-signes-avant-coureurs-135540061.html\" data-ylk=\"slk:traiter les violences faites aux femmes;elm:context_link;itc:0;sec:content-canvas;outcm:mb_qualified_link;_E:mb_qualified_link;ct:story;\" class=\"link  yahoo-link\" target=\"_blank\" rel=\"noopener\">traiter les violences faites aux femmes<\/a>, \u00e0 la veille de la journ\u00e9e internationale de lutte contre ces violences.<\/p>\n<p class=\"mb-4 text-lg md:leading-8 break-words\">\u00ab\u00a0Il faudrait plus d&rsquo;enqu\u00eateurs. Il faudrait sans doute plus de magistrats pour r\u00e9pondre\u00a0\u00bb en temps voulu \u00e0 l&rsquo;augmentation du nombre de dossiers, a affirm\u00e9 Laure Beccuau sur <a href=\"https:\/\/www.rtl.fr\/actu\/justice-faits-divers\/la-piste-dz-mafia-loi-du-silence-sur-rtl-la-procureure-de-paris-fait-le-point-sur-l-enquete-apres-le-meurtre-de-mehdi-kessaci-7900570748\" rel=\"nofollow noopener\" target=\"_blank\" data-ylk=\"slk:RTL;elm:context_link;itc:0;sec:content-canvas\" class=\"link \">RTL<\/a>.<\/p>\n<p class=\"mb-4 text-lg md:leading-8 break-words\">\u00ab\u00a0On continue \u00e0 constater ces violences extr\u00eames contre les femmes, en d\u00e9pit d&rsquo;une mobilisation qui date effectivement du temps de ce qu&rsquo;on a appel\u00e9 le Grenelle des violences conjugales\u00a0\u00bb, en 2019, et du mouvement #Metoo, a soulign\u00e9 la procureure de Paris. Elle a \u00e9voqu\u00e9 une \u00ab\u00a0mobilisation des enqu\u00eateurs, des magistrats\u00a0\u00bb qui \u00ab\u00a0est au rendez-vous\u00a0\u00bb.<\/p>\n<p>\u00ab\u00a0Aller chercher la r\u00e9v\u00e9lation des faits\u00a0\u00bb<\/p>\n<p class=\"mb-4 text-lg md:leading-8 break-words\">La magistrate a \u00e9voqu\u00e9 \u00ab\u00a0l&rsquo;une des grandes actions\u00a0\u00bb qu&rsquo;elle veut mener dans son parquet, \u00e0 savoir \u00ab\u00a0aller chercher la r\u00e9v\u00e9lation des faits\u00a0\u00bb qui \u00e9taient autrefois \u00ab\u00a0peu connus, parce que les femmes ne d\u00e9posaient pas du tout plainte\u00a0\u00bb.<\/p>\n<p class=\"mb-4 text-lg md:leading-8 break-words\">Laure Beccuau a assur\u00e9 que son parquet prenait d\u00e9sormais \u00ab\u00a0des plaintes hors les murs, par exemple au sein des services d&rsquo;urgence: on prend des plaintes, on prend des preuves, m\u00eame quand (les femmes) ne veulent pas d\u00e9poser plainte, on fait les pr\u00e9l\u00e8vements pour plus tard\u00a0\u00bb.<\/p>\n<p class=\"mb-4 text-lg md:leading-8 break-words\">La procureure a aussi \u00e9voqu\u00e9 \u00ab\u00a0une action en faveur des personnes d&rsquo;un certain \u00e2ge\u00a0\u00bb, \u00ab\u00a0un ph\u00e9nom\u00e8ne qui n&rsquo;est pas du tout pour le moment suffisamment rep\u00e9r\u00e9 et donc \u00e7a veut dire plus de dossiers\u00a0\u00bb.<\/p>\n<p class=\"mb-4 text-lg md:leading-8 break-words\">Alors qu&rsquo;il y a eu en France <a href=\"https:\/\/fr.news.yahoo.com\/f%C3%A9minicides-quatre-femmes-tu%C3%A9es-journ%C3%A9e-095531343.html\" data-ylk=\"slk:quatre f\u00e9minicides en une seule journ\u00e9e jeudi 20 novembre;elm:context_link;itc:0;sec:content-canvas;outcm:mb_qualified_link;_E:mb_qualified_link;ct:story;\" class=\"link  yahoo-link\" target=\"_blank\" rel=\"noopener\">quatre f\u00e9minicides en une seule journ\u00e9e jeudi 20 novembre<\/a>, Laure Beccuau a indiqu\u00e9 que ses services avaient trait\u00e9 une proc\u00e9dure \u00e0 Paris pour des faits datant du week-end: \u00ab\u00a0On n&rsquo;est pas pass\u00e9 loin d&rsquo;un f\u00e9minicide. Le mis en cause va \u00eatre d\u00e9f\u00e9r\u00e9\u00a0\u00bb, c&rsquo;est-\u00e0-dire pr\u00e9sent\u00e9 \u00e0 un magistrat \u00e0 l&rsquo;issue de sa garde \u00e0 vue.<\/p>\n<p class=\"mb-4 text-lg md:leading-8 break-words\">Selon les derniers chiffres officiels publi\u00e9s jeudi par la Mission interminist\u00e9rielle pour la protection des femmes (Miprof), le nombre de f\u00e9minicides conjugaux a augment\u00e9 de 11% entre 2023 et 2024, avec 107 femmes tu\u00e9es par leur conjoint ou ex-conjoint.<\/p>\n<p class=\"mb-4 text-lg md:leading-8 break-words\"><a href=\"https:\/\/www.bfmtv.com\/police-justice\/la-procureure-de-paris-souhaite-plus-d-enqueteurs-et-de-magistrats-pour-traiter-les-violences-faites-aux-femmes_AD-202511240986.html#xtor=AL-68\" rel=\"nofollow noopener\" target=\"_blank\" data-ylk=\"slk:Article original publi\u00e9 sur BFMTV.com;elm:context_link;itc:0;sec:content-canvas\" class=\"link \">Article original publi\u00e9 sur BFMTV.com<\/a><\/p>\n","protected":false},"excerpt":{"rendered":"La procureure de Paris Laure Beccuau a estim\u00e9, lundi 24 novembre, qu&rsquo;il fallait \u00ab\u00a0plus d&rsquo;enqu\u00eateurs\u00a0\u00bb et de \u00ab\u00a0magistrats\u00a0\u00bb&hellip;\n","protected":false},"author":2,"featured_media":556146,"comment_status":"","ping_status":"","sticky":false,"template":"","format":"standard","meta":{"footnotes":""},"categories":[1888],"tags":[1111,1928,11,1927,1777,674,1011,27,27746,33238,6194,12,1926,626,1925,25,797],"class_list":{"0":"post-556145","1":"post","2":"type-post","3":"status-publish","4":"format-standard","5":"has-post-thumbnail","7":"category-paris","8":"tag-actu","9":"tag-actu-paris","10":"tag-actualites","11":"tag-actualites-paris","12":"tag-eu","13":"tag-europe","14":"tag-fr","15":"tag-france","16":"tag-journee-internationale","17":"tag-laure-beccuau","18":"tag-magistrats","19":"tag-news","20":"tag-news-paris","21":"tag-paris","22":"tag-paris-news","23":"tag-republique-francaise","24":"tag-violences-faites-aux-femmes"},"share_on_mastodon":{"url":"https:\/\/pubeurope.com\/@fr\/115606597347050018","error":""},"_links":{"self":[{"href":"https:\/\/www.europesays.com\/fr\/wp-json\/wp\/v2\/posts\/556145","targetHints":{"allow":["GET"]}}],"collection":[{"href":"https:\/\/www.europesays.com\/fr\/wp-json\/wp\/v2\/posts"}],"about":[{"href":"https:\/\/www.europesays.com\/fr\/wp-json\/wp\/v2\/types\/post"}],"author":[{"embeddable":true,"href":"https:\/\/www.europesays.com\/fr\/wp-json\/wp\/v2\/users\/2"}],"replies":[{"embeddable":true,"href":"https:\/\/www.europesays.com\/fr\/wp-json\/wp\/v2\/comments?post=556145"}],"version-history":[{"count":0,"href":"https:\/\/www.europesays.com\/fr\/wp-json\/wp\/v2\/posts\/556145\/revisions"}],"wp:featuredmedia":[{"embeddable":true,"href":"https:\/\/www.europesays.com\/fr\/wp-json\/wp\/v2\/media\/556146"}],"wp:attachment":[{"href":"https:\/\/www.europesays.com\/fr\/wp-json\/wp\/v2\/media?parent=556145"}],"wp:term":[{"taxonomy":"category","embeddable":true,"href":"https:\/\/www.europesays.com\/fr\/wp-json\/wp\/v2\/categories?post=556145"},{"taxonomy":"post_tag","embeddable":true,"href":"https:\/\/www.europesays.com\/fr\/wp-json\/wp\/v2\/tags?post=556145"}],"curies":[{"name":"wp","href":"https:\/\/api.w.org\/{rel}","templated":true}]}}