{"id":556149,"date":"2025-11-24T20:38:13","date_gmt":"2025-11-24T20:38:13","guid":{"rendered":"https:\/\/www.europesays.com\/fr\/556149\/"},"modified":"2025-11-24T20:38:13","modified_gmt":"2025-11-24T20:38:13","slug":"mercato-rate-le-paris-fc-va-tout-recommencer","status":"publish","type":"post","link":"https:\/\/www.europesays.com\/fr\/556149\/","title":{"rendered":"Mercato rat\u00e9, le Paris FC va tout recommencer"},"content":{"rendered":"<p><b>Battu \u00e0 Lille (4-2) dimanche, le Paris FC constate encore son \u00e9chec sur le march\u00e9 des transferts. Le promu a commis des erreurs qu\u2019il faudra corriger dans les mois \u00e0 venir.<\/b><\/p>\n<p>Le discours reste le m\u00eame. Apr\u00e8s chaque contre-performance, le <a href=\"https:\/\/www.foot01.com\/equipe\/parisfc\/\" target=\"_blank\" rel=\"noopener\">Paris FC<\/a> regrette que le r\u00e9sultat ne refl\u00e8te pas la qualit\u00e9 de son match. Il est vrai que les Parisiens ont souvent manqu\u00e9 de r\u00e9alisme offensif. Notamment en cause, l\u2019inefficacit\u00e9 de ses recrues Moses Simon, attir\u00e9 pour 7 millions d\u2019euros, ainsi que Willem Geubbels qui a seulement inscrit son deuxi\u00e8me but de la saison \u00e0 Lille dimanche. C\u2019est \u00e9videmment insuffisant pour emballer Daniel Riolo, persuad\u00e9 que le promu devra mieux entourer Ilan Kebbal en deuxi\u00e8me partie d\u2019exercice.\u00ab Kebbal est le meilleur joueur du Paris FC depuis le d\u00e9but de la saison, a constat\u00e9 le journaliste de RMC. Quand certains, m\u00eame au sein du club, commen\u00e7aient \u00e0 douter de sa capacit\u00e9 \u00e0 franchir l&rsquo;\u00e9tage de la Ligue 2 \u00e0 la <a href=\"https:\/\/www.foot01.com\/ligue1\" title=\"Ligue 1\" target=\"_blank\" rel=\"noopener\">Ligue 1<\/a> en raison de son physique, je trouve qu&rsquo;il a r\u00e9pondu et il en a surpris beaucoup. A chaque fois qu&rsquo;on regarde le Paris FC, c&rsquo;est quasiment tout le temps le meilleur joueur. Les actions offensives viennent souvent de lui. Maintenant il n&rsquo;est pas aid\u00e9 parce qu&rsquo;il n&rsquo;y a pas d&rsquo;attaquant devant lui, le Paris FC est un club qui joue quasiment sans attaquant. C&rsquo;est un vrai probl\u00e8me, ils ont un <a href=\"https:\/\/www.foot01.com\/mercato\" title=\"Mercato\" target=\"_blank\" rel=\"noopener\">mercato<\/a> \u00e0 faire. \u00bb<\/p>\n<p>\u00ab Le probl\u00e8me c&rsquo;est qu&rsquo;ils vont faire un mercato, mais qu&rsquo;est-ce qu&rsquo;ils vont faire des joueurs qu&rsquo;ils ont d\u00e9j\u00e0 ? Ikon\u00e9 est venu pour rien, Geubbels c&rsquo;est une escroquerie, Moses Simon \u00e7a ne marche pas, il fait tout le temps la m\u00eame chose, Krasso c&rsquo;\u00e9tait le gars qui \u00e9tait l\u00e0 en Ligue 2 mais normalement il n&rsquo;\u00e9tait pas cens\u00e9 \u00eatre l\u00e0 en Ligue 1. Il devait laisser sa place, s&rsquo;effacer tranquillement et jouer des bouts de match. Offensivement c&rsquo;est tr\u00e8s pauvre. Mettre deux buts \u00e0 Lille, se cr\u00e9er des occasions, c&rsquo;est presque pas mal \u00bb, a conclu Daniel Riolo, impatient d\u2019assister \u00e0 la r\u00e9action de la famille Arnault, propri\u00e9taire du Paris FC.<\/p>\n","protected":false},"excerpt":{"rendered":"Battu \u00e0 Lille (4-2) dimanche, le Paris FC constate encore son \u00e9chec sur le march\u00e9 des transferts. Le&hellip;\n","protected":false},"author":2,"featured_media":556150,"comment_status":"","ping_status":"","sticky":false,"template":"","format":"standard","meta":{"footnotes":""},"categories":[1888],"tags":[11,1777,674,1011,27,66,1434,12,626,445,25],"class_list":{"0":"post-556149","1":"post","2":"type-post","3":"status-publish","4":"format-standard","5":"has-post-thumbnail","7":"category-paris","8":"tag-actualites","9":"tag-eu","10":"tag-europe","11":"tag-fr","12":"tag-france","13":"tag-ligue-1","14":"tag-mercato","15":"tag-news","16":"tag-paris","17":"tag-paris-fc","18":"tag-republique-francaise"},"share_on_mastodon":{"url":"https:\/\/pubeurope.com\/@fr\/115606605312427726","error":""},"_links":{"self":[{"href":"https:\/\/www.europesays.com\/fr\/wp-json\/wp\/v2\/posts\/556149","targetHints":{"allow":["GET"]}}],"collection":[{"href":"https:\/\/www.europesays.com\/fr\/wp-json\/wp\/v2\/posts"}],"about":[{"href":"https:\/\/www.europesays.com\/fr\/wp-json\/wp\/v2\/types\/post"}],"author":[{"embeddable":true,"href":"https:\/\/www.europesays.com\/fr\/wp-json\/wp\/v2\/users\/2"}],"replies":[{"embeddable":true,"href":"https:\/\/www.europesays.com\/fr\/wp-json\/wp\/v2\/comments?post=556149"}],"version-history":[{"count":0,"href":"https:\/\/www.europesays.com\/fr\/wp-json\/wp\/v2\/posts\/556149\/revisions"}],"wp:featuredmedia":[{"embeddable":true,"href":"https:\/\/www.europesays.com\/fr\/wp-json\/wp\/v2\/media\/556150"}],"wp:attachment":[{"href":"https:\/\/www.europesays.com\/fr\/wp-json\/wp\/v2\/media?parent=556149"}],"wp:term":[{"taxonomy":"category","embeddable":true,"href":"https:\/\/www.europesays.com\/fr\/wp-json\/wp\/v2\/categories?post=556149"},{"taxonomy":"post_tag","embeddable":true,"href":"https:\/\/www.europesays.com\/fr\/wp-json\/wp\/v2\/tags?post=556149"}],"curies":[{"name":"wp","href":"https:\/\/api.w.org\/{rel}","templated":true}]}}