{"id":556155,"date":"2025-11-24T20:41:14","date_gmt":"2025-11-24T20:41:14","guid":{"rendered":"https:\/\/www.europesays.com\/fr\/556155\/"},"modified":"2025-11-24T20:41:14","modified_gmt":"2025-11-24T20:41:14","slug":"les-etats-unis-approuvent-la-possible-vente-de-terminaux-de-communication-par-satellite-de-la-marine-a-la-grande-bretagne-annonce-le-pentagone","status":"publish","type":"post","link":"https:\/\/www.europesays.com\/fr\/556155\/","title":{"rendered":"Les \u00c9tats-Unis approuvent la possible vente de terminaux de communication par satellite de la Marine \u00e0 la Grande-Bretagne, annonce le Pentagone"},"content":{"rendered":"<p>Le d\u00e9partement d&rsquo;\u00c9tat am\u00e9ricain a donn\u00e9 son feu vert \u00e0 une possible vente de terminaux multibandes de la Marine, un syst\u00e8me de communication militaire maritime par satellite, ainsi que d&rsquo;\u00e9quipements connexes au Royaume-Uni, pour un montant estim\u00e9 \u00e0 200\u00a0millions de dollars, a annonc\u00e9 le Pentagone lundi dans un communiqu\u00e9.<\/p>\n<p>Le principal contractant de cette vente est la soci\u00e9t\u00e9 RTX Corporation, a pr\u00e9cis\u00e9 le Pentagone.<\/p>\n","protected":false},"excerpt":{"rendered":"Le d\u00e9partement d&rsquo;\u00c9tat am\u00e9ricain a donn\u00e9 son feu vert \u00e0 une possible vente de terminaux multibandes de la&hellip;\n","protected":false},"author":2,"featured_media":48534,"comment_status":"","ping_status":"","sticky":false,"template":"","format":"standard","meta":{"footnotes":""},"categories":[1589],"tags":[11,340,73,1866,12,1864,1865,1863,308],"class_list":{"0":"post-556155","1":"post","2":"type-post","3":"status-publish","4":"format-standard","5":"has-post-thumbnail","7":"category-etats-unis","8":"tag-actualites","9":"tag-bourse","10":"tag-etats-unis","11":"tag-etats-unis-damerique","12":"tag-news","13":"tag-united-states","14":"tag-united-states-of-america","15":"tag-us","16":"tag-usa"},"share_on_mastodon":{"url":"https:\/\/pubeurope.com\/@fr\/115606617196670516","error":""},"_links":{"self":[{"href":"https:\/\/www.europesays.com\/fr\/wp-json\/wp\/v2\/posts\/556155","targetHints":{"allow":["GET"]}}],"collection":[{"href":"https:\/\/www.europesays.com\/fr\/wp-json\/wp\/v2\/posts"}],"about":[{"href":"https:\/\/www.europesays.com\/fr\/wp-json\/wp\/v2\/types\/post"}],"author":[{"embeddable":true,"href":"https:\/\/www.europesays.com\/fr\/wp-json\/wp\/v2\/users\/2"}],"replies":[{"embeddable":true,"href":"https:\/\/www.europesays.com\/fr\/wp-json\/wp\/v2\/comments?post=556155"}],"version-history":[{"count":0,"href":"https:\/\/www.europesays.com\/fr\/wp-json\/wp\/v2\/posts\/556155\/revisions"}],"wp:featuredmedia":[{"embeddable":true,"href":"https:\/\/www.europesays.com\/fr\/wp-json\/wp\/v2\/media\/48534"}],"wp:attachment":[{"href":"https:\/\/www.europesays.com\/fr\/wp-json\/wp\/v2\/media?parent=556155"}],"wp:term":[{"taxonomy":"category","embeddable":true,"href":"https:\/\/www.europesays.com\/fr\/wp-json\/wp\/v2\/categories?post=556155"},{"taxonomy":"post_tag","embeddable":true,"href":"https:\/\/www.europesays.com\/fr\/wp-json\/wp\/v2\/tags?post=556155"}],"curies":[{"name":"wp","href":"https:\/\/api.w.org\/{rel}","templated":true}]}}