{"id":556157,"date":"2025-11-24T20:43:17","date_gmt":"2025-11-24T20:43:17","guid":{"rendered":"https:\/\/www.europesays.com\/fr\/556157\/"},"modified":"2025-11-24T20:43:17","modified_gmt":"2025-11-24T20:43:17","slug":"allemagne-plus-de-15-des-mineurs-menaces-de-pauvrete-en-2024","status":"publish","type":"post","link":"https:\/\/www.europesays.com\/fr\/556157\/","title":{"rendered":"Allemagne : plus de 15% des mineurs menac\u00e9s de pauvret\u00e9 en 2024"},"content":{"rendered":"<p><strong>En 2024, plus de 2,2 millions de mineurs allemands vivaient sous le seuil de pauvret\u00e9, selon Destatis. Le ph\u00e9nom\u00e8ne touche davantage les enfants issus de l\u2019immigration ou de familles peu dipl\u00f4m\u00e9es, dans un pays pourtant en dessous de la moyenne europ\u00e9enne.<\/strong><\/p>\n<p>Durant l\u2019ann\u00e9e derni\u00e8re, 15,2% des enfants et adolescents en Allemagne \u00e9taient menac\u00e9s de pauvret\u00e9, soit plus d\u2019un mineur sur sept, selon les donn\u00e9es de l\u2019Office f\u00e9d\u00e9ral de la statistique (Destatis) publi\u00e9es \u00e0 l\u2019occasion de la Journ\u00e9e internationale des droits de l\u2019enfant. Destatis pr\u00e9cise que cette proportion repr\u00e9sente environ 2,2 millions de mineurs, un taux l\u00e9g\u00e8rement inf\u00e9rieur \u00e0 celui de l\u2019ensemble de la population, dont 15,5% \u00e9taient menac\u00e9s de pauvret\u00e9.<\/p>\n<p>La tendance est toutefois \u00e0 la hausse par rapport \u00e0 2023, o\u00f9 la proportion \u00e9tait de 14%. En comparaison europ\u00e9enne, l\u2019Allemagne reste sous la moyenne de l\u2019UE, \u00e9tablie \u00e0 19,3%, indique Destatis sur la base des r\u00e9sultats de l\u2019enqu\u00eate europ\u00e9enne sur les revenus et conditions de vie (EU-SILC). Selon EU-SILC, une personne est consid\u00e9r\u00e9e comme menac\u00e9e de pauvret\u00e9 lorsqu\u2019elle vit dans un m\u00e9nage dont le revenu disponible est inf\u00e9rieur \u00e0 60% du revenu m\u00e9dian.<\/p>\n<p>Destatis indique qu\u2019en 2024, ce seuil correspondait \u00e0 1.381 euros par mois pour une personne seule, \u00e0 1.795 euros pour un parent isol\u00e9 avec un enfant de moins de 14 ans, et \u00e0 2.900 euros pour un m\u00e9nage compos\u00e9 de deux adultes et de deux enfants de moins de 14 ans.<\/p>\n<p>Par ailleurs, le risque de pauvret\u00e9 varie fortement selon le niveau d\u2019\u00e9ducation des parents : 41,8% des enfants de parents faiblement dipl\u00f4m\u00e9s \u00e9taient menac\u00e9s, contre 15,2% lorsque les parents disposaient d\u2019un niveau d\u2019\u00e9ducation interm\u00e9diaire, et 7,2% lorsque ceux-ci avaient un niveau sup\u00e9rieur.<\/p>\n<p>Les mineurs ayant une histoire migratoire sont \u00e9galement plus touch\u00e9s, avec un taux de 31,9%, soit environ quatre fois plus que ceux sans histoire migratoire, dont seulement 7,7% sont menac\u00e9s de pauvret\u00e9. L\u2019office statistique rel\u00e8ve enfin que 11,3% des moins de 16 ans \u00e9taient priv\u00e9s de certains besoins mat\u00e9riels ou sociaux en 2024, vivant dans des m\u00e9nages qui ne peuvent financer plusieurs \u00e9l\u00e9ments essentiels.<\/p>\n<p>Les cas les plus courants concernent l\u2019impossibilit\u00e9 de remplacer des meubles ab\u00eem\u00e9s (19%), l\u2019absence de moyens pour financer une semaine de vacances (12%) et le fait de devoir renoncer \u00e0 des activit\u00e9s de loisirs r\u00e9guli\u00e8res (5%).<\/p>\n<p>S.N. avec agences \/ Les Inspirations \u00c9CO<\/p>\n","protected":false},"excerpt":{"rendered":"En 2024, plus de 2,2 millions de mineurs allemands vivaient sous le seuil de pauvret\u00e9, selon Destatis. Le&hellip;\n","protected":false},"author":2,"featured_media":556158,"comment_status":"","ping_status":"","sticky":false,"template":"","format":"standard","meta":{"footnotes":""},"categories":[1587],"tags":[11,672,1804,1805,1803,1777,674,1801,6636,12,4518,1802],"class_list":{"0":"post-556157","1":"post","2":"type-post","3":"status-publish","4":"format-standard","5":"has-post-thumbnail","7":"category-allemagne","8":"tag-actualites","9":"tag-allemagne","10":"tag-bundesrepublik-deutschland","11":"tag-de","12":"tag-deutschland","13":"tag-eu","14":"tag-europe","15":"tag-germany","16":"tag-mineurs","17":"tag-news","18":"tag-pauvrete","19":"tag-republique-federale-dallemagne"},"share_on_mastodon":{"url":"https:\/\/pubeurope.com\/@fr\/115606624969098449","error":""},"_links":{"self":[{"href":"https:\/\/www.europesays.com\/fr\/wp-json\/wp\/v2\/posts\/556157","targetHints":{"allow":["GET"]}}],"collection":[{"href":"https:\/\/www.europesays.com\/fr\/wp-json\/wp\/v2\/posts"}],"about":[{"href":"https:\/\/www.europesays.com\/fr\/wp-json\/wp\/v2\/types\/post"}],"author":[{"embeddable":true,"href":"https:\/\/www.europesays.com\/fr\/wp-json\/wp\/v2\/users\/2"}],"replies":[{"embeddable":true,"href":"https:\/\/www.europesays.com\/fr\/wp-json\/wp\/v2\/comments?post=556157"}],"version-history":[{"count":0,"href":"https:\/\/www.europesays.com\/fr\/wp-json\/wp\/v2\/posts\/556157\/revisions"}],"wp:featuredmedia":[{"embeddable":true,"href":"https:\/\/www.europesays.com\/fr\/wp-json\/wp\/v2\/media\/556158"}],"wp:attachment":[{"href":"https:\/\/www.europesays.com\/fr\/wp-json\/wp\/v2\/media?parent=556157"}],"wp:term":[{"taxonomy":"category","embeddable":true,"href":"https:\/\/www.europesays.com\/fr\/wp-json\/wp\/v2\/categories?post=556157"},{"taxonomy":"post_tag","embeddable":true,"href":"https:\/\/www.europesays.com\/fr\/wp-json\/wp\/v2\/tags?post=556157"}],"curies":[{"name":"wp","href":"https:\/\/api.w.org\/{rel}","templated":true}]}}