{"id":556159,"date":"2025-11-24T20:44:19","date_gmt":"2025-11-24T20:44:19","guid":{"rendered":"https:\/\/www.europesays.com\/fr\/556159\/"},"modified":"2025-11-24T20:44:19","modified_gmt":"2025-11-24T20:44:19","slug":"pourparlers-sur-lukraine-kiev-et-leurope-voient-des-avancees-mais-encore-beaucoup-de-travail","status":"publish","type":"post","link":"https:\/\/www.europesays.com\/fr\/556159\/","title":{"rendered":"Pourparlers sur l&rsquo;Ukraine: Kiev et l&rsquo;Europe voient des avanc\u00e9es mais encore beaucoup de travail"},"content":{"rendered":"<p class=\"mb-4 text-lg md:leading-8 break-words\">Le chancelier allemand a insist\u00e9 lundi pour que la Russie rejoigne la table des n\u00e9gociations sur un plan de paix pour l&rsquo;Ukraine, au lendemain de pourparlers \u00e0 Gen\u00e8ve ayant donn\u00e9 lieu \u00e0 un \u00ab\u00a0nouvel \u00e9lan\u00a0\u00bb, mais qui n\u00e9cessitent encore \u00ab\u00a0du travail\u00a0\u00bb selon Kiev et l&rsquo;UE.<\/p>\n<p class=\"mb-4 text-lg md:leading-8 break-words\">Les discussions entre Ukrainiens, Am\u00e9ricains et Europ\u00e9ens, convoqu\u00e9es dimanche dans l&rsquo;urgence, se sont tenues sur la base du projet de plan en 28 points de Donald Trump, consid\u00e9r\u00e9 comme largement favorable \u00e0 Moscou. Am\u00e9ricains et Ukrainiens ont affirm\u00e9 qu&rsquo;un \u00ab\u00a0futur accord\u00a0\u00bb de paix devrait respecter la souverainet\u00e9 de l&rsquo;Ukraine.<\/p>\n<p class=\"mb-4 text-lg md:leading-8 break-words\">L&rsquo;Ukraine, qui lutte depuis pr\u00e8s de quatre ans contre l&rsquo;invasion de la Russie, est de nouveau au coeur d&rsquo;\u00e9changes lundi \u00e0 Luanda en marge d&rsquo;un sommet entre l&rsquo;UE et l&rsquo;Union africaine. Et la \u00ab\u00a0Coalition des volontaires\u00a0\u00bb, qui r\u00e9unit les alli\u00e9s de l&rsquo;Ukraine, se r\u00e9unira mardi en visioconf\u00e9rence.<\/p>\n<p class=\"mb-4 text-lg md:leading-8 break-words\">\u00ab\u00a0La Russie doit \u00eatre pr\u00e9sente \u00e0 la table (des n\u00e9gociations)\u00a0\u00bb, a affirm\u00e9 le chancelier allemand Friedrich Merz, jugeant n\u00e9anmoins improbable \u00ab\u00a0une perc\u00e9e\u00a0\u00bb diplomatique cette semaine.<\/p>\n<p class=\"mb-4 text-lg md:leading-8 break-words\">Or, le Kremlin a fait savoir lundi que la contre-proposition europ\u00e9enne au plan am\u00e9ricain n&rsquo;\u00e9tait pas constructive et ne convenait pas \u00e0 la Russie.<\/p>\n<p class=\"mb-4 text-lg md:leading-8 break-words\">\u00ab\u00a0Ce matin (lundi) nous avons appris l&rsquo;existence d&rsquo;un plan europ\u00e9en qui, \u00e0 premi\u00e8re vue, n&rsquo;est pas du tout constructif et ne nous convient pas\u00a0\u00bb, a d\u00e9clar\u00e9 le conseiller diplomatique de Vladimir Poutine, Iouri Ouchakov, selon l&rsquo;agence de presse officielle TASS.<\/p>\n<p class=\"mb-4 text-lg md:leading-8 break-words\">Les Etats-Unis ont de leur c\u00f4t\u00e9 fait pression sur l&rsquo;Ukraine pour accepter leurs propositions, lors des pourparlers \u00e0 Gen\u00e8ve dimanche, a d\u00e9clar\u00e9 \u00e0 l&rsquo;AFP un haut responsable inform\u00e9 des discussions.<\/p>\n<p class=\"mb-4 text-lg md:leading-8 break-words\">Bien que la pression am\u00e9ricaine se soit att\u00e9nu\u00e9e au cours de la r\u00e9union, une \u00ab\u00a0pression globale\u00a0\u00bb demeure, a indiqu\u00e9 lundi ce responsable ayant requis l&rsquo;anonymat.<\/p>\n<p class=\"mb-4 text-lg md:leading-8 break-words\">Le pr\u00e9sident am\u00e9ricain avait initialement donn\u00e9 jusqu&rsquo;au 27 novembre au pr\u00e9sident ukrainien Volodymyr Zelensky pour r\u00e9pondre \u00e0 son plan, comprenant notamment la cession de territoires ukrainiens et s&rsquo;apparentant \u00e0 une capitulation de Kiev. Il a ensuite pr\u00e9cis\u00e9 que ce n&rsquo;\u00e9tait pas sa \u00ab\u00a0derni\u00e8re offre\u00a0\u00bb.<\/p>\n<p class=\"mb-4 text-lg md:leading-8 break-words\">Salu\u00e9 par le pr\u00e9sident russe Vladimir Poutine, le texte initial du plan Trump reprenait plusieurs exigences cruciales pour Moscou.<\/p>\n<p class=\"mb-4 text-lg md:leading-8 break-words\">Si M. Zelensky a salu\u00e9 lundi des avanc\u00e9es, il a estim\u00e9 qu&rsquo;il fallait \u00ab\u00a0beaucoup plus\u00a0\u00bb pour parvenir \u00e0 une \u00ab\u00a0paix r\u00e9elle\u00a0\u00bb avec la Russie et mettre fin au conflit le plus meurtrier en Europe depuis la Seconde Guerre mondiale.<\/p>\n<p class=\"mb-4 text-lg md:leading-8 break-words\">-atmosph\u00e8re \u00ab\u00a0constructive\u00a0\u00bb-<\/p>\n<p class=\"mb-4 text-lg md:leading-8 break-words\">Le dirigeant ukrainien s&rsquo;est n\u00e9anmoins f\u00e9licit\u00e9 de l&rsquo;inclusion d&rsquo;\u00e9l\u00e9ments \u00ab\u00a0extr\u00eamement sensibles\u00a0\u00bb: la lib\u00e9ration totale des prisonniers ukrainiens selon la formule de \u00ab\u00a0tous-contre-tous\u00a0\u00bb et des civils, et le retour des \u00ab\u00a0enfants ukrainiens enlev\u00e9s par la Russie\u00a0\u00bb.<\/p>\n<p class=\"mb-4 text-lg md:leading-8 break-words\">Un haut responsable ukrainien a indiqu\u00e9 \u00e0 l&rsquo;AFP que l&rsquo;hypoth\u00e8se d&rsquo;une visite de Volodymyr Zelensky \u00e0 Washington \u00e9tait \u00ab\u00a0au stade de la discussion\u00a0\u00bb, sans date fix\u00e9e.<\/p>\n<p class=\"mb-4 text-lg md:leading-8 break-words\">L&rsquo;atmosph\u00e8re \u00e0 Gen\u00e8ve \u00e9tait \u00ab\u00a0parfois tendue, parfois plus l\u00e9g\u00e8re mais dans l&rsquo;ensemble constructive\u00a0\u00bb, a-t-il d\u00e9crit, \u00e9voquant une ambiance \u00ab\u00a0typique des n\u00e9gociations extr\u00eamement importantes\u00a0\u00bb.<\/p>\n<p class=\"mb-4 text-lg md:leading-8 break-words\">Depuis Luanda, les alli\u00e9s europ\u00e9ens de Kiev se sont dit prudemment optimistes.<\/p>\n<p class=\"mb-4 text-lg md:leading-8 break-words\">\u00ab\u00a0Il reste encore du travail \u00e0 faire mais il y a une base solide pour avancer\u00a0\u00bb, a dit la pr\u00e9sidente de la Commission europ\u00e9enne, Ursula von der Leyen. Le pr\u00e9sident du Conseil europ\u00e9en, Antonio Costa, a lui salu\u00e9 un \u00ab\u00a0nouvel \u00e9lan\u00a0\u00bb.<\/p>\n<p class=\"mb-4 text-lg md:leading-8 break-words\">Le Premier ministre britannique, Keir Starmer, a aussi not\u00e9 les \u00ab\u00a0progr\u00e8s significatifs\u00a0\u00bb r\u00e9alis\u00e9s \u00e0 Gen\u00e8ve.<\/p>\n<p class=\"mb-4 text-lg md:leading-8 break-words\">Aucune nouvelle version du texte n&rsquo;a pour l&rsquo;heure \u00e9t\u00e9 publi\u00e9e.<\/p>\n<p class=\"mb-4 text-lg md:leading-8 break-words\">\u00ab\u00a0Nous continuons tous \u00e0 travailler avec nos partenaires, en particulier les \u00c9tats-Unis, et \u00e0 rechercher des compromis qui nous renforcent et ne nous affaiblissent pas\u00a0\u00bb, a dit M. Zelensky lors d&rsquo;une conf\u00e9rence virtuelle en Su\u00e8de, ajoutant que son pays se trouve \u00e0 un \u00ab\u00a0moment critique\u00a0\u00bb.<\/p>\n<p class=\"mb-4 text-lg md:leading-8 break-words\">Le pr\u00e9sident am\u00e9ricain a sembl\u00e9 se r\u00e9jouir de l&rsquo;issue de la rencontre \u00e0 Gen\u00e8ve. \u00ab\u00a0Est-ce vraiment possible que de grands progr\u00e8s soient r\u00e9alis\u00e9s dans les pourparlers de paix entre la Russie et l&rsquo;Ukraine??? Ne croyez que ce que vous voyez, mais quelque chose de bon pourrait bien se produire\u00a0\u00bb, a-t-il \u00e9crit sur son r\u00e9seau Truth Social.<\/p>\n<p class=\"mb-4 text-lg md:leading-8 break-words\">A Gen\u00e8ve, son secr\u00e9taire d&rsquo;Etat Marco Rubio avait estim\u00e9 dimanche que \u00ab\u00a0les points qui restent en suspens ne sont pas insurmontables\u00a0\u00bb.<\/p>\n<p class=\"mb-4 text-lg md:leading-8 break-words\">Lors d&rsquo;un entretien t\u00e9l\u00e9phonique lundi entre Vladimir Poutine et son homologue turc Recep Tayyip Erdogan, le dirigeant russe a r\u00e9it\u00e9r\u00e9 son opinion selon laquelle le plan initial des \u00c9tats-Unis pourrait \u00ab\u00a0servir de base \u00e0 un r\u00e8glement de paix final\u00a0\u00bb.<\/p>\n<p class=\"mb-4 text-lg md:leading-8 break-words\">La pouss\u00e9e lente, mais progressive, des troupes russes accentue la pression sur Kiev.<\/p>\n<p class=\"mb-4 text-lg md:leading-8 break-words\">Moscou a revendiqu\u00e9 lundi la prise d&rsquo;un village dans la r\u00e9gion de Zaporijjia (sud), tandis que des frappes a\u00e9riennes russes ont fait au moins quatre morts \u00e0 Kharkiv.<\/p>\n<p class=\"mb-4 text-lg md:leading-8 break-words\">bur-blb\/mda\/cls\/ial\/<\/p>\n","protected":false},"excerpt":{"rendered":"Le chancelier allemand a insist\u00e9 lundi pour que la Russie rejoigne la table des n\u00e9gociations sur un plan&hellip;\n","protected":false},"author":2,"featured_media":556160,"comment_status":"","ping_status":"","sticky":false,"template":"","format":"standard","meta":{"footnotes":""},"categories":[1586],"tags":[11,19487,75,1777,674,1011,27,5493,2489,12,7274,25,135],"class_list":{"0":"post-556159","1":"post","2":"type-post","3":"status-publish","4":"format-standard","5":"has-post-thumbnail","7":"category-europe","8":"tag-actualites","9":"tag-chancelier-allemand","10":"tag-donald-trump","11":"tag-eu","12":"tag-europe","13":"tag-fr","14":"tag-france","15":"tag-lukraine","16":"tag-la-russie","17":"tag-news","18":"tag-president-americain","19":"tag-republique-francaise","20":"tag-vladimir-poutine"},"share_on_mastodon":{"url":"https:\/\/pubeurope.com\/@fr\/115606628958370843","error":""},"_links":{"self":[{"href":"https:\/\/www.europesays.com\/fr\/wp-json\/wp\/v2\/posts\/556159","targetHints":{"allow":["GET"]}}],"collection":[{"href":"https:\/\/www.europesays.com\/fr\/wp-json\/wp\/v2\/posts"}],"about":[{"href":"https:\/\/www.europesays.com\/fr\/wp-json\/wp\/v2\/types\/post"}],"author":[{"embeddable":true,"href":"https:\/\/www.europesays.com\/fr\/wp-json\/wp\/v2\/users\/2"}],"replies":[{"embeddable":true,"href":"https:\/\/www.europesays.com\/fr\/wp-json\/wp\/v2\/comments?post=556159"}],"version-history":[{"count":0,"href":"https:\/\/www.europesays.com\/fr\/wp-json\/wp\/v2\/posts\/556159\/revisions"}],"wp:featuredmedia":[{"embeddable":true,"href":"https:\/\/www.europesays.com\/fr\/wp-json\/wp\/v2\/media\/556160"}],"wp:attachment":[{"href":"https:\/\/www.europesays.com\/fr\/wp-json\/wp\/v2\/media?parent=556159"}],"wp:term":[{"taxonomy":"category","embeddable":true,"href":"https:\/\/www.europesays.com\/fr\/wp-json\/wp\/v2\/categories?post=556159"},{"taxonomy":"post_tag","embeddable":true,"href":"https:\/\/www.europesays.com\/fr\/wp-json\/wp\/v2\/tags?post=556159"}],"curies":[{"name":"wp","href":"https:\/\/api.w.org\/{rel}","templated":true}]}}