{"id":556161,"date":"2025-11-24T20:45:37","date_gmt":"2025-11-24T20:45:37","guid":{"rendered":"https:\/\/www.europesays.com\/fr\/556161\/"},"modified":"2025-11-24T20:45:37","modified_gmt":"2025-11-24T20:45:37","slug":"nouvel-adressage-a-pont-aven-il-y-a-eu-un-ratage-reconnait-christian-dautel","status":"publish","type":"post","link":"https:\/\/www.europesays.com\/fr\/556161\/","title":{"rendered":"Nouvel adressage \u00e0 Pont-Aven\u00a0: \u00ab\u00a0Il y a eu un ratage\u00a0\u00bb, reconna\u00eet Christian Dautel"},"content":{"rendered":"<p>Depuis deux semaines, le nouvel adressage \u00e0 Pont-Aven cr\u00e9e des m\u00e9contentements. Pourquoi avoir lanc\u00e9 cette op\u00e9ration\u00a0?<\/p>\n<p>Le point de d\u00e9part, \u00e7a a \u00e9t\u00e9 M\u00e9galis, qui nous a indiqu\u00e9 que si on n\u2019avait pas des adresses claires, la fibre ne pourrait pas \u00eatre pos\u00e9e. <a href=\"https:\/\/www.letelegramme.fr\/finistere\/pont-aven-29930\/a-pont-aven-les-nouvelles-plaques-dadresses-sont-a-recuperer-a-la-mairie-cette-semaine-6929500.php\" target=\"_blank\" rel=\"noopener\">Ce lissage et cette simplification des adresses<\/a>, c\u2019est aussi une demande de l\u2019\u00c9tat, des secours, des distributeurs de colis. C\u2019est vrai qu\u2019il y avait beaucoup d\u2019erreurs avant.<\/p>\n<p>Comment avez-vous proc\u00e9d\u00e9 pour apporter ces modifications\u00a0?<\/p>\n<p>C\u2019est une op\u00e9ration complexe, qui doit \u00eatre men\u00e9e tous les 50 ans. On s\u2019est attaqu\u00e9 aux homonymies. Il y avait par exemple une rue du H\u00e9nan, une impasse du H\u00e9nan, une route du H\u00e9nan. On s\u2019est aussi occup\u00e9 de tous les bis, les ter et les quater. Et puis on a eu une r\u00e9flexion pour remettre en place un syst\u00e8me m\u00e9trique prenant en compte le c\u00f4t\u00e9 pair et impair. On s\u2019est ensuite attaqu\u00e9 \u00e0 la traduction en breton, avec l\u2019Office public de la langue bretonne. Au total, 1\u00a0400 adresses sont concern\u00e9es. C\u2019est un travail de dentelle. L\u2019id\u00e9e a aussi \u00e9t\u00e9 d\u2019anticiper les \u00e9volutions d\u2019urbanisation. On a ainsi attribu\u00e9 des num\u00e9ros \u00e0 des b\u00e2timents annexes et \u00e0 des terrains constructibles.<\/p>\n<p><img decoding=\"async\" src=\"https:\/\/www.europesays.com\/fr\/wp-content\/uploads\/2025\/11\/69249f0f0a725d833c0cdd2e.1.jpeg\" width=\"480\" height=\"300\" class=\"web_golden_m\" loading=\"lazy\" alt=\"La rue Auguste-Brizeux se nomme dor\u00e9navant quai Auguste-Brizeux. \u00ab\u00a0Et il est possible d\u2019utiliser aussi bien l\u2019adresse en breton que l\u2019adresse en fran\u00e7ais\u00a0\u00bb, note le maire.\"\/>La rue Auguste-Brizeux se nomme dor\u00e9navant quai Auguste-Brizeux. \u00ab\u00a0Et il est possible d\u2019utiliser aussi bien l\u2019adresse en breton que l\u2019adresse en fran\u00e7ais\u00a0\u00bb, note le maire.Beaucoup vous reprochent un manque de concertation.<\/p>\n<p>On s\u2019est attaqu\u00e9 au projet il y a un an et demi. On a mis en place <a href=\"https:\/\/www.letelegramme.fr\/finistere\/pont-aven-29930\/une-quinzaine-de-personnes-a-la-reunion-publique-sur-ladressage-a-pont-aven-6709687.php\" target=\"_blank\" rel=\"noopener\">trois r\u00e9unions publiques<\/a>. Il y a eu beaucoup de discussions. On a communiqu\u00e9 dans la presse, dans le bulletin d\u2019information municipale. Mais on aurait peut-\u00eatre pu faire mieux. \u00c0 l\u2019arriv\u00e9e, la d\u00e9lib\u00e9ration du conseil municipal a \u00e9t\u00e9 vot\u00e9e \u00e0 l\u2019unanimit\u00e9, en d\u00e9cembre 2024.<\/p>\n<p>Justement, l\u2019opposition vous reproche des modifications dans la Banque Adresse Nationale avant cette d\u00e9lib\u00e9ration, d\u00e8s mars 2024.<\/p>\n<p>Non, il n\u2019y a eu aucune modification majeure avant la d\u00e9lib\u00e9ration.<\/p>\n<p>\u00c0 l\u2019arriv\u00e9e, de nombreux habitants semblent quand m\u00eame avoir d\u00e9couvert leur changement d\u2019adressage tr\u00e8s tardivement.<\/p>\n<p>Beaucoup sont tr\u00e8s contents de ces changements. Comme \u00e0 Nizon, o\u00f9 il y a maintenant des num\u00e9ros. Mais oui, on a manqu\u00e9 une \u00e9tape dans la communication. Il y a eu un ratage. On a fait appel \u00e0 un prestataire pour distribuer des courriers individuels. Mais les panneaux ont \u00e9t\u00e9 pos\u00e9s avant que les courriers ne soient arriv\u00e9s. Les gens ont \u00e9t\u00e9 surpris. Je peux les comprendre. Je pr\u00e9sente mes excuses. Et je reconnais que sur les 1\u00a0400 adresses, il a pu y avoir des erreurs.<\/p>\n<p>Comment allez-vous rattraper la situation\u00a0?<\/p>\n<p>On a mis en place <a href=\"https:\/\/www.letelegramme.fr\/finistere\/pont-aven-29930\/des-permanences-a-la-mairie-de-pont-aven-pour-repondre-aux-questions-sur-ladressage-6932290.php\" target=\"_blank\" rel=\"noopener\">des permanences toute la semaine derni\u00e8re<\/a>. Et on en remet jusqu\u2019\u00e0 la semaine prochaine. Pour les personnes \u00e2g\u00e9es qui peuvent avoir du mal pour les d\u00e9marches administratives, on va se rendre sur place. Et on va embaucher un \u00e9tudiant pour recevoir les personnes qui ont des difficult\u00e9s, afin de les aider dans leurs d\u00e9marches.<\/p>\n<p>Combien de temps doivent durer ces op\u00e9rations\u00a0?<\/p>\n<p>On a encore deux ou trois semaines pour tout finir. Et il y aura ensuite sans doute un peu de r\u00e9siduel, avec des r\u00e9sidences secondaires.<\/p>\n","protected":false},"excerpt":{"rendered":"Depuis deux semaines, le nouvel adressage \u00e0 Pont-Aven cr\u00e9e des m\u00e9contentements. Pourquoi avoir lanc\u00e9 cette op\u00e9ration\u00a0? Le point&hellip;\n","protected":false},"author":2,"featured_media":556162,"comment_status":"","ping_status":"","sticky":false,"template":"","format":"standard","meta":{"footnotes":""},"categories":[1586],"tags":[11,3322,1777,674,1779,1011,27,12,8278,25,1778,364,1352],"class_list":{"0":"post-556161","1":"post","2":"type-post","3":"status-publish","4":"format-standard","5":"has-post-thumbnail","7":"category-europe","8":"tag-actualites","9":"tag-concarneau","10":"tag-eu","11":"tag-europe","12":"tag-european-union","13":"tag-fr","14":"tag-france","15":"tag-news","16":"tag-pont-aven","17":"tag-republique-francaise","18":"tag-ue","19":"tag-union-europeenne","20":"tag-urbanisme"},"share_on_mastodon":{"url":"https:\/\/pubeurope.com\/@fr\/115606633558667074","error":""},"_links":{"self":[{"href":"https:\/\/www.europesays.com\/fr\/wp-json\/wp\/v2\/posts\/556161","targetHints":{"allow":["GET"]}}],"collection":[{"href":"https:\/\/www.europesays.com\/fr\/wp-json\/wp\/v2\/posts"}],"about":[{"href":"https:\/\/www.europesays.com\/fr\/wp-json\/wp\/v2\/types\/post"}],"author":[{"embeddable":true,"href":"https:\/\/www.europesays.com\/fr\/wp-json\/wp\/v2\/users\/2"}],"replies":[{"embeddable":true,"href":"https:\/\/www.europesays.com\/fr\/wp-json\/wp\/v2\/comments?post=556161"}],"version-history":[{"count":0,"href":"https:\/\/www.europesays.com\/fr\/wp-json\/wp\/v2\/posts\/556161\/revisions"}],"wp:featuredmedia":[{"embeddable":true,"href":"https:\/\/www.europesays.com\/fr\/wp-json\/wp\/v2\/media\/556162"}],"wp:attachment":[{"href":"https:\/\/www.europesays.com\/fr\/wp-json\/wp\/v2\/media?parent=556161"}],"wp:term":[{"taxonomy":"category","embeddable":true,"href":"https:\/\/www.europesays.com\/fr\/wp-json\/wp\/v2\/categories?post=556161"},{"taxonomy":"post_tag","embeddable":true,"href":"https:\/\/www.europesays.com\/fr\/wp-json\/wp\/v2\/tags?post=556161"}],"curies":[{"name":"wp","href":"https:\/\/api.w.org\/{rel}","templated":true}]}}