{"id":556168,"date":"2025-11-24T20:52:13","date_gmt":"2025-11-24T20:52:13","guid":{"rendered":"https:\/\/www.europesays.com\/fr\/556168\/"},"modified":"2025-11-24T20:52:13","modified_gmt":"2025-11-24T20:52:13","slug":"rugby-a-7-cinq-champions-olympiques-carla-neisen-de-retour-les-groupes-de-la-france-pour-le-premier-tournoi-de-la-saison-a-dubai","status":"publish","type":"post","link":"https:\/\/www.europesays.com\/fr\/556168\/","title":{"rendered":"Rugby \u00e0 7 \u2013 Cinq champions olympiques, Carla Neisen de retour\u2026 Les groupes de la France pour le premier tournoi de la saison \u00e0 Duba\u00ef"},"content":{"rendered":"<p>\n                Le circuit mondial de rugby \u00e0 sept reprend ce samedi. Les groupes France des \u00e9quipes masculines et f\u00e9minines ont \u00e9t\u00e9 d\u00e9voil\u00e9s. Chez les hommes cinq champions olympiques sont pr\u00e9sents, quand Carla Neisen retrouve le seven apr\u00e8s avoir disput\u00e9 la Coupe du monde \u00e0 XV.\n            <\/p>\n<p><strong><a href=\"https:\/\/www.rugbyrama.fr\/rugby-a-VII\/\" target=\"_self\" rel=\"noopener\">Le circuit \u00e0 sept va red\u00e9marrer<\/a><\/strong>, et ses tribulations \u00e0 travers le monde aussi. Ce week-end, la saison se lancera \u00e0 Duba\u00ef. Les groupes France ont \u00e9t\u00e9 d\u00e9voil\u00e9s. Chez les hommes, cinq champions olympiques ont \u00e9t\u00e9 convoqu\u00e9s\u00a0: Andy Timo, Antoine Zeghdar, Paulin Riva, Jordan Sepho et Stephen Parez-Edo Martin. Prometteur tant \u00e0 XV\u00a0avec le Stade toulousain qu\u2019avec les Bleus la saison prochaine, C\u00e9lian Pouzelgues sera de la partie. Andy Timo (Stade fran\u00e7ais) fait partie des 17 joueurs de la liste \u00ab\u00a0Objectifs 2028\u00a0\u00bb. Josselin Bouhier (Pau), Merlin Leflamand (Montauban) et\u00a0C\u00e9lian Pouzelgues (Toulouse) sont sous convention tripartite.<\/p>\n<p class=\"std-elt__inline\">\n        <strong>\u00c0 lire aussi :<\/strong><br \/>\n        <a href=\"https:\/\/www.rugbyrama.fr\/2025\/10\/21\/rugby-a-7-esteban-capilla-gregoire-arfeuil-temo-matiu-la-liste-des-joueurs-mis-a-disposition-de-france-7-en-vue-des-jeux-2028-13005892.php\" target=\"_blank\" rel=\"noopener\">Rugby \u00e0 7 &#8211; Esteban Capilla, Gr\u00e9goire Arfeuil, Temo Matiu&#8230; La liste des joueurs mis \u00e0 disposition de France 7 en vue des Jeux 2028<\/a>\n    <\/p>\n<p>Chez les Bleues, Carla Neisen a fait son retour dans le groupe de rugby \u00e0 7. La joueuse de Blagnac a jou\u00e9 la Coupe du monde de rugby \u00e0 XV avec les Tricolores en d\u00e9but de saison. \u00ab\u00a0On a h\u00e2te de d\u00e9buter ce nouveau cycle \u00e0 Duba\u00ef apr\u00e8s plusieurs semaines de travail intense et structurant. Cette \u00e9tape lance une saison importante o\u00f9 chaque match et chaque \u00e9tape comptent pour installer notre dynamique. Je sens un groupe ambitieux, jeune et d\u00e9termin\u00e9, pr\u00eat \u00e0 se mesurer imm\u00e9diatement au plus haut niveau\u00a0\u00bb, a comment\u00e9 Romain Huet au sujet de son groupe, dans un communiqu\u00e9 de la FFR.<\/p>\n<p>    Le groupe masculin\u00a0:<\/p>\n<ul>\n<li>Enahemo ARTAUD (FFR)<\/li>\n<li>Josselin BOUHIER (Pau)<\/li>\n<li>Ali DABO (FFR)<\/li>\n<li>Liam DELAMARE (FFR)<\/li>\n<li>Simon DESERT (FFR)<\/li>\n<li>Merlin LEFLAMAND (MONTAUBAN)<\/li>\n<li>Luca MIGNOT (MASSY)<\/li>\n<li>Stephen PAREZ-EDO MARTIN (FFR)<\/li>\n<li>C\u00e9lian POUZELGUES (Stade toulousain)<\/li>\n<li>Paulin RIVA (Rugby Club Auch \/ FFR)<\/li>\n<li>Jordan SEPHO (FFR)<\/li>\n<li>Andy TIMO (Stade fran\u00e7ais)<\/li>\n<li>Antoine ZEGHDAR (FFR)<\/li>\n<\/ul>\n<p>    Le groupe f\u00e9minin\u00a0:<\/p>\n<ul>\n<li>Kelly ARBEY (Stade toulousain)<\/li>\n<li>Alycia CHRISTIAENS (Stade Villeneuvois)<\/li>\n<li>Lili DEZOU (Stade toulousain)<\/li>\n<li>Lilou GRACIET (LOU Rugby)<\/li>\n<li>Ana\u00efck KONYI (Stade rochelais)<\/li>\n<li>Valentine LOTHOZ (Stade rochelais)<\/li>\n<li>Carla NEISEN (Blagnac)<\/li>\n<li>Lou NOEL RIVIER (Grenoble Amazones)<\/li>\n<li>Faustine PISCICELLI (Grenoble Amazones)<\/li>\n<li>Suliana SIVI (Montpellier HR)<\/li>\n<li>Mariama TANDIANG (Bobigny)<\/li>\n<li>Rugby Hawa TOUNKARA (Bobigny)<\/li>\n<li>Rugby Aelig TREGOUET (Stade toulousain)<\/li>\n<li>L\u00e9a TROLLIER (LOU Rugby)<\/li>\n<\/ul>\n","protected":false},"excerpt":{"rendered":"Le circuit mondial de rugby \u00e0 sept reprend ce samedi. Les groupes France des \u00e9quipes masculines et f\u00e9minines&hellip;\n","protected":false},"author":2,"featured_media":556169,"comment_status":"","ping_status":"","sticky":false,"template":"","format":"standard","meta":{"footnotes":""},"categories":[1416],"tags":[1011,27,479,1468,60],"class_list":{"0":"post-556168","1":"post","2":"type-post","3":"status-publish","4":"format-standard","5":"has-post-thumbnail","7":"category-rugby","8":"tag-fr","9":"tag-france","10":"tag-rugby","11":"tag-rugby-football","12":"tag-sports"},"share_on_mastodon":{"url":"https:\/\/pubeurope.com\/@fr\/115606660223185651","error":""},"_links":{"self":[{"href":"https:\/\/www.europesays.com\/fr\/wp-json\/wp\/v2\/posts\/556168","targetHints":{"allow":["GET"]}}],"collection":[{"href":"https:\/\/www.europesays.com\/fr\/wp-json\/wp\/v2\/posts"}],"about":[{"href":"https:\/\/www.europesays.com\/fr\/wp-json\/wp\/v2\/types\/post"}],"author":[{"embeddable":true,"href":"https:\/\/www.europesays.com\/fr\/wp-json\/wp\/v2\/users\/2"}],"replies":[{"embeddable":true,"href":"https:\/\/www.europesays.com\/fr\/wp-json\/wp\/v2\/comments?post=556168"}],"version-history":[{"count":0,"href":"https:\/\/www.europesays.com\/fr\/wp-json\/wp\/v2\/posts\/556168\/revisions"}],"wp:featuredmedia":[{"embeddable":true,"href":"https:\/\/www.europesays.com\/fr\/wp-json\/wp\/v2\/media\/556169"}],"wp:attachment":[{"href":"https:\/\/www.europesays.com\/fr\/wp-json\/wp\/v2\/media?parent=556168"}],"wp:term":[{"taxonomy":"category","embeddable":true,"href":"https:\/\/www.europesays.com\/fr\/wp-json\/wp\/v2\/categories?post=556168"},{"taxonomy":"post_tag","embeddable":true,"href":"https:\/\/www.europesays.com\/fr\/wp-json\/wp\/v2\/tags?post=556168"}],"curies":[{"name":"wp","href":"https:\/\/api.w.org\/{rel}","templated":true}]}}