{"id":556172,"date":"2025-11-24T20:57:12","date_gmt":"2025-11-24T20:57:12","guid":{"rendered":"https:\/\/www.europesays.com\/fr\/556172\/"},"modified":"2025-11-24T20:57:12","modified_gmt":"2025-11-24T20:57:12","slug":"cyclisme-transfert-uno-x-mobility-soffre-les-services-du-9e-du-dernier-tour-despagne","status":"publish","type":"post","link":"https:\/\/www.europesays.com\/fr\/556172\/","title":{"rendered":"Cyclisme. Transfert &#8211; Uno-X Mobility s&rsquo;offre les services du 9e du dernier Tour d&rsquo;Espagne"},"content":{"rendered":"<p>Le beau coup de la formation <strong><a href=\"https:\/\/www.cyclismactu.net\/..\/news-transfert-route-un-danois-de-retour-chez-uno-x-mobility-pour-saison-2026-90708.html\" target=\"_blank\" rel=\"noopener\">Uno-X Mobility<\/a><\/strong>\u00a0! En effet, l&rsquo;\u00e9quipe norv\u00e9gienne qui va rejoindre le WorldTour en 2026 a annonc\u00e9 la signature de <strong>Torstein Traeen<\/strong> jusqu&rsquo;en 2027. Form\u00e9 et pass\u00e9 pro chez<strong> Uno-X<\/strong>, le Norv\u00e9gien de 30 ans avait rejoint la <strong><a href=\"https:\/\/www.cyclismactu.net\/..\/news-route-nikolas-maes-rejoint-direction-sportive-de-equipe-bahrain-victorious-90999.html\" target=\"_blank\" rel=\"noopener\">Bahrain Victorious<\/a><\/strong> en 2024&#8230; et va donc retourner dans son \u00e9quipe de (quasi) toujours. <strong>Traeen <\/strong>a r\u00e9ellement pass\u00e9 un cap ces derni\u00e8res ann\u00e9es, il a d&rsquo;ailleurs r\u00e9alis\u00e9 une incroyable <strong>Vuelta <\/strong>2025 en portant le maillot rouge pendant 4 jours et en terminant 9e du classement g\u00e9n\u00e9ral.<\/p>\n<p>Vid\u00e9o &#8211; Torstein Traeen a port\u00e9 le maillot rouge sur La Vuelta Lire la suite de l&rsquo;article&#13;<\/p>\n<p>\u00a0<\/p>\n<p>&#13;<br \/>\n\u00ab\u00a0C\u2019est presque comme retrouver un amour d\u2019enfance\u00a0\u00bb&#13;<\/p>\n<p>\u00ab\u00a0Je peux \u00e0 peine d\u00e9crire \u00e0 quel point j\u2019ai h\u00e2te de rejoindre Uno-X Mobility. Pour moi, c\u2019est presque comme retrouver un amour d\u2019enfance \u2014 quelque chose qui vivait en silence au fond de moi depuis des ann\u00e9es, attendant simplement le bon moment\u00a0\u00bb, a d\u00e9clar\u00e9 <strong>Traeen<\/strong>. \u00ab\u00a0Rejoindre Uno-X ne ressemble pas \u00e0 une \u00e9tape de plus dans ma carri\u00e8re. C\u2019est comme rentrer \u00e0 la maison. Il y a une chaleur, une familiarit\u00e9 et un sentiment de possibilit\u00e9 qui rendent cette d\u00e9cision incroyablement sp\u00e9ciale pour moi. Je suis profond\u00e9ment reconnaissant pour la confiance, l\u2019opportunit\u00e9 et la foi que l\u2019\u00e9quipe m\u2019a accord\u00e9es.\u00a0\u00bb<\/p>\n<p>&#13;<\/p>\n<p>\u00ab\u00a0Quand je pense \u00e0 la route qui m\u2019attend, je ne ressens que de l\u2019excitation, de la motivation et une gratitude sinc\u00e8re. Ce n\u2019est pas seulement un nouveau chapitre \u2014 c\u2019est le d\u00e9but de quelque chose qui, vraiment, semble fait pour moi\u00a0\u00bb, poursuit-il. \u00ab\u00a0Comme Jonas Abrahamsen, je r\u00eave de gagner une \u00e9tape sur l\u2019un des Grands Tours \u2014 le Giro, le Tour de France ou la Vuelta. Ce serait vraiment, vraiment g\u00e9nial.\u00a0Mon objectif personnel est de gagner des courses \u2014 et d\u2019aider mes co\u00e9quipiers \u00e0 gagner les leurs. Rejoindre Uno-X me motive \u00e9norm\u00e9ment, parce que je sais que cela me donne l\u2019occasion de devenir la meilleure version de moi-m\u00eame.\u00a0\u00bb<\/p>\n","protected":false},"excerpt":{"rendered":"Le beau coup de la formation Uno-X Mobility\u00a0! En effet, l&rsquo;\u00e9quipe norv\u00e9gienne qui va rejoindre le WorldTour en&hellip;\n","protected":false},"author":2,"featured_media":556173,"comment_status":"","ping_status":"","sticky":false,"template":"","format":"standard","meta":{"footnotes":""},"categories":[1411],"tags":[1154,207,211,1011,27,209,60,210,969,212,208,213],"class_list":{"0":"post-556172","1":"post","2":"type-post","3":"status-publish","4":"format-standard","5":"has-post-thumbnail","7":"category-cyclisme","8":"tag-cycling","9":"tag-cyclisme","10":"tag-ffc","11":"tag-fr","12":"tag-france","13":"tag-route","14":"tag-sports","15":"tag-tour-de-france","16":"tag-transfert","17":"tag-uci","18":"tag-velo","19":"tag-world-tour"},"share_on_mastodon":{"url":"https:\/\/pubeurope.com\/@fr\/115606680115902714","error":""},"_links":{"self":[{"href":"https:\/\/www.europesays.com\/fr\/wp-json\/wp\/v2\/posts\/556172","targetHints":{"allow":["GET"]}}],"collection":[{"href":"https:\/\/www.europesays.com\/fr\/wp-json\/wp\/v2\/posts"}],"about":[{"href":"https:\/\/www.europesays.com\/fr\/wp-json\/wp\/v2\/types\/post"}],"author":[{"embeddable":true,"href":"https:\/\/www.europesays.com\/fr\/wp-json\/wp\/v2\/users\/2"}],"replies":[{"embeddable":true,"href":"https:\/\/www.europesays.com\/fr\/wp-json\/wp\/v2\/comments?post=556172"}],"version-history":[{"count":0,"href":"https:\/\/www.europesays.com\/fr\/wp-json\/wp\/v2\/posts\/556172\/revisions"}],"wp:featuredmedia":[{"embeddable":true,"href":"https:\/\/www.europesays.com\/fr\/wp-json\/wp\/v2\/media\/556173"}],"wp:attachment":[{"href":"https:\/\/www.europesays.com\/fr\/wp-json\/wp\/v2\/media?parent=556172"}],"wp:term":[{"taxonomy":"category","embeddable":true,"href":"https:\/\/www.europesays.com\/fr\/wp-json\/wp\/v2\/categories?post=556172"},{"taxonomy":"post_tag","embeddable":true,"href":"https:\/\/www.europesays.com\/fr\/wp-json\/wp\/v2\/tags?post=556172"}],"curies":[{"name":"wp","href":"https:\/\/api.w.org\/{rel}","templated":true}]}}