{"id":55618,"date":"2025-04-27T00:28:17","date_gmt":"2025-04-27T00:28:17","guid":{"rendered":"https:\/\/www.europesays.com\/fr\/55618\/"},"modified":"2025-04-27T00:28:17","modified_gmt":"2025-04-27T00:28:17","slug":"un-jeune-artiste-urbain-plein-de-couleurs","status":"publish","type":"post","link":"https:\/\/www.europesays.com\/fr\/55618\/","title":{"rendered":"un jeune artiste urbain plein de couleurs"},"content":{"rendered":"<p>\u00abJ e dessine depuis mon plus jeune \u00e2ge, j\u2019ai commenc\u00e9 \u00e0 exposer \u00e0 13 ans, et j\u2019ai beaucoup \u00e9volu\u00e9 depuis, gr\u00e2ce aux rencontres avec d\u2019autres artistes\u00a0\u00bb, confie ce pa ssionn\u00e9 de street art.<\/p>\n<p>Son parcours a pris une autre dimension au salon 2023 de l\u2019Automne des arts de Tomblaine. \u00ab\u00a0J\u2019ai \u00e9t\u00e9 rep\u00e9r\u00e9 par Maryse Panosetti, professeure d\u2019anglais au lyc\u00e9e Varoquaux, qui a eu un coup de c\u0153ur pour mes toiles. En septembre dernier, je suis entr\u00e9 dans cet&#8230;<\/p>\n","protected":false},"excerpt":{"rendered":"\u00abJ e dessine depuis mon plus jeune \u00e2ge, j\u2019ai commenc\u00e9 \u00e0 exposer \u00e0 13 ans, et j\u2019ai beaucoup&hellip;\n","protected":false},"author":2,"featured_media":55619,"comment_status":"","ping_status":"","sticky":false,"template":"","format":"standard","meta":{"footnotes":""},"categories":[9635],"tags":[1111,11,1687,1704,1777,674,2271,1011,27,775,11260,1702,12,25,11703],"class_list":{"0":"post-55618","1":"post","2":"type-post","3":"status-publish","4":"format-standard","5":"has-post-thumbnail","7":"category-nancy","8":"tag-actu","9":"tag-actualites","10":"tag-culture-loisirs","11":"tag-edition-nancy-et-agglomeration","12":"tag-eu","13":"tag-europe","14":"tag-exposition-arts-plastiques","15":"tag-fr","16":"tag-france","17":"tag-grand-est","18":"tag-metropole-du-grand-nancy-54b4","19":"tag-nancy","20":"tag-news","21":"tag-republique-francaise","22":"tag-tomblaine"},"share_on_mastodon":{"url":"https:\/\/pubeurope.com\/@fr\/114407099949588237","error":""},"_links":{"self":[{"href":"https:\/\/www.europesays.com\/fr\/wp-json\/wp\/v2\/posts\/55618","targetHints":{"allow":["GET"]}}],"collection":[{"href":"https:\/\/www.europesays.com\/fr\/wp-json\/wp\/v2\/posts"}],"about":[{"href":"https:\/\/www.europesays.com\/fr\/wp-json\/wp\/v2\/types\/post"}],"author":[{"embeddable":true,"href":"https:\/\/www.europesays.com\/fr\/wp-json\/wp\/v2\/users\/2"}],"replies":[{"embeddable":true,"href":"https:\/\/www.europesays.com\/fr\/wp-json\/wp\/v2\/comments?post=55618"}],"version-history":[{"count":0,"href":"https:\/\/www.europesays.com\/fr\/wp-json\/wp\/v2\/posts\/55618\/revisions"}],"wp:featuredmedia":[{"embeddable":true,"href":"https:\/\/www.europesays.com\/fr\/wp-json\/wp\/v2\/media\/55619"}],"wp:attachment":[{"href":"https:\/\/www.europesays.com\/fr\/wp-json\/wp\/v2\/media?parent=55618"}],"wp:term":[{"taxonomy":"category","embeddable":true,"href":"https:\/\/www.europesays.com\/fr\/wp-json\/wp\/v2\/categories?post=55618"},{"taxonomy":"post_tag","embeddable":true,"href":"https:\/\/www.europesays.com\/fr\/wp-json\/wp\/v2\/tags?post=55618"}],"curies":[{"name":"wp","href":"https:\/\/api.w.org\/{rel}","templated":true}]}}