{"id":556184,"date":"2025-11-24T21:06:13","date_gmt":"2025-11-24T21:06:13","guid":{"rendered":"https:\/\/www.europesays.com\/fr\/556184\/"},"modified":"2025-11-24T21:06:13","modified_gmt":"2025-11-24T21:06:13","slug":"on-a-decouvert-le-chantier-de-world-of-frozen-a-disneyland-paris","status":"publish","type":"post","link":"https:\/\/www.europesays.com\/fr\/556184\/","title":{"rendered":"On a d\u00e9couvert le chantier de World of Frozen \u00e0 Disneyland Paris"},"content":{"rendered":"<p style=\"text-align: justify;\">Ce 24 novembre 2025, <strong>Disneyland Paris<\/strong> a lev\u00e9 un voile suppl\u00e9mentaire sur ce qui s\u2019annonce comme la plus grande immersion jamais r\u00e9alis\u00e9e autour de <strong>La Reine des Neiges<\/strong>\u00a0en Europe continentale. <strong>World of Frozen<\/strong>, premi\u00e8re zone th\u00e9matique d\u00e9di\u00e9e aux films de <strong>Chris Buck<\/strong> et <strong>Jennifer Lee<\/strong>, ne se contente pas de reproduire des d\u00e9cors : elle recr\u00e9e le royaume d\u2019Arendelle avec une fid\u00e9lit\u00e9 presque documentaire, enrichie de cr\u00e9ations originales qui en font une destination \u00e0 part enti\u00e8re. Int\u00e9gr\u00e9e au futur<strong> Disney Adventure World<\/strong> \u2013 le nouveau nom du parc <strong>Walt Disney Studios<\/strong>, cette zone de plusieurs hectares<a href=\"https:\/\/www.disneyphile.fr\/disneyland-paris-date-ouverture-disney-adventure-world-frozen\/\" target=\"_blank\" rel=\"noopener\"> ouvrira ses portes le 29 mars 2026<\/a> et promet de devenir l\u2019un des points d\u2019orgue du resort parisien.<\/p>\n<p>Une architecture qui raconte l\u2019histoire avant m\u00eame d\u2019entrer<\/p>\n<p style=\"text-align: justify;\">D\u00e8s l\u2019approche, la silhouette domine : la Montagne du Nord culmine \u00e0 36 m\u00e8tres, couronn\u00e9e par le Palais de Glace d\u2019Elsa dont les fa\u00e7ades translucides captent la lumi\u00e8re comme un cristal vivant. Con\u00e7u par les \u00e9quipes de <strong>Walt Disney Imagineering<\/strong> et fabriqu\u00e9 par la soci\u00e9t\u00e9 britannique UK Loco, le ch\u00e2teau n\u2019est pas un simple paysage : il est le point d\u2019ancrage visuel d\u2019un village dont chaque fa\u00e7ade a \u00e9t\u00e9 pens\u00e9e pour \u00e9voquer les ports scandinaves du XIXe si\u00e8cle.<\/p>\n<p><a href=\"https:\/\/www.disneyphile.fr\/wp-content\/uploads\/2025\/11\/backdrop-world-of-frozen-presentation-disney-adventure-world-01.webp\" target=\"_blank\" rel=\"noopener\"><img data-od-added-loading=\"\" data-od-replaced- data-od-xpath=\"\/HTML\/BODY\/DIV[@id='page']\/*[4][self::DIV]\/*[2][self::DIV]\/*[1][self::DIV]\/*[1][self::MAIN]\/*[1][self::DIV]\/*[1][self::DIV]\/*[1][self::DIV]\/*[1][self::DIV]\/*[2][self::DIV]\/*[2][self::ARTICLE]\/*[2][self::DIV]\/*[4][self::FIGURE]\/*[1][self::A]\/*[1][self::IMG]\" loading=\"lazy\" decoding=\"async\" class=\"wp-image-161995\" data-pagespeed-lazy-src=\"https:\/\/www.disneyphile.fr\/wp-content\/uploads\/2025\/11\/backdrop-world-of-frozen-presentation-disney-adventure-world-01.webp.pagespeed.ce.CsAtSXuFPJ.webp\" alt=\"chantier world frozen disneyland\" width=\"400\" height=\"225\" data-pagespeed-lazy-  src=\"\/pagespeed_static\/1.JiBnMqyl6S.gif\" onload=\"pagespeed.lazyLoadImages.loadIfVisibleAndMaybeBeacon(this);\" onerror=\"this.onerror=null;pagespeed.lazyLoadImages.loadIfVisibleAndMaybeBeacon(this);\"\/><\/a>24 novembre 2025 \u2013 Reproduction sous forme d\u2019arri\u00e8re-plan de l\u2019\u00e9tude pr\u00e9paratoire panoramique de World of Frozen \u00e0 Disneyland Paris<\/p>\n<p style=\"text-align: justify;\">Le village d\u2019Arendelle s\u2019\u00e9tend au pied de la montagne, avec sa place centrale, ses fontaines scintillantes et ses b\u00e2timents aux couleurs chaudes \u2013 ocre, rouge, bleu profond \u2013 typiques de Bergen ou de Lofoten. L\u2019art d\u00e9coratif traditionnel norv\u00e9gien, le rosemaling, couvre moulures, portes et enseignes d\u2019un motif floral \u00e9l\u00e9gant. Les conif\u00e8res, bouleaux et h\u00eatres plant\u00e9s en nombre recr\u00e9ent l\u2019atmosph\u00e8re foresti\u00e8re des films, tandis que des crocus et des tapis de mousse renforcent l\u2019illusion d\u2019un printemps nordique \u00e9ternel. Une bande-son symphonique, r\u00e9interpr\u00e9tation subtile des th\u00e8mes des deux longs-m\u00e9trages, flotte dans l\u2019air et guide les visiteurs d\u2019un lieu \u00e0 l\u2019autre.<\/p>\n<p>Frozen Ever After : la croisi\u00e8re familiale qui fait chanter tout Arendelle<\/p>\n<p style=\"text-align: justify;\">L\u2019attraction phare, <strong>Frozen Ever After<\/strong>, similaire \u00e0 celle d\u00e9j\u00e0 ouverte \u00e0 <strong>Hong Kong Disneyland<\/strong>, prend place derri\u00e8re la Tour de l\u2019Horloge, au c\u0153ur du village. Les visiteurs embarquent dans des bateaux inspir\u00e9s des barques nordiques pour un voyage qui suit la chronologie \u00e9motionnelle des films : la for\u00eat enneig\u00e9e, la Vall\u00e9e des Trolls, la salle du Palais de Glace d\u2019Elsa, puis la Baie d\u2019Arendelle illumin\u00e9e de feux d\u2019artifice en forme de flocons.<\/p>\n<p><a href=\"https:\/\/www.disneyphile.fr\/wp-content\/uploads\/2024\/04\/frozen-ever-after-concept.jpg\" target=\"_blank\" rel=\"noopener\"><img data-od-xpath=\"\/HTML\/BODY\/DIV[@id='page']\/*[4][self::DIV]\/*[2][self::DIV]\/*[1][self::DIV]\/*[1][self::MAIN]\/*[1][self::DIV]\/*[1][self::DIV]\/*[1][self::DIV]\/*[1][self::DIV]\/*[2][self::DIV]\/*[2][self::ARTICLE]\/*[2][self::DIV]\/*[8][self::FIGURE]\/*[1][self::A]\/*[1][self::IMG]\" loading=\"lazy\" decoding=\"async\" class=\"wp-image-119474\" data-pagespeed-lazy-src=\"https:\/\/www.disneyphile.fr\/wp-content\/uploads\/2024\/04\/frozen-ever-after-concept.jpg.pagespeed.ce.KqL6n9RcLg.jpg\" alt=\"frozen ever after\" width=\"400\" height=\"231\" data-pagespeed-lazy-  src=\"\/pagespeed_static\/1.JiBnMqyl6S.gif\" onload=\"pagespeed.lazyLoadImages.loadIfVisibleAndMaybeBeacon(this);\" onerror=\"this.onerror=null;pagespeed.lazyLoadImages.loadIfVisibleAndMaybeBeacon(this);\"\/><\/a>Courtoisie de Disneyland Paris<\/p>\n<p style=\"text-align: justify;\">Derni\u00e8re g\u00e9n\u00e9ration d\u2019Audio-Animatronics, projections immersives et effets aquatiques se combineront pour un rendu saisissant : Anna, Elsa, Olaf, Sven et Kristoff apparaitront plus vrais que nature. Les chansons cultes \u2013 \u00ab Je voudrais un Bonhomme de Neige \u00bb, \u00ab Le Renouveau \u00bb, \u00ab Lib\u00e9r\u00e9e, d\u00e9livr\u00e9e \u00bb \u2013 r\u00e9sonneront dans l\u2019attraction, port\u00e9es par les voix originales du doublage. Les \u00e9quipes de<strong> Walt Disney Imagineering<\/strong> finalisent encore la programmation, preuve que l\u2019attraction continuera d\u2019\u00e9voluer jusqu\u2019\u00e0 l\u2019ouverture.<\/p>\n<p>Des moments royaux et festifs au bord de l\u2019eau<\/p>\n<p style=\"text-align: justify;\">Le Ch\u00e2teau d\u2019Arendelle ouvrira ses portes pour une <strong>Rencontre Royale<\/strong>\u00a0<strong>avec Anna et Elsa<\/strong>. Les visiteurs devront traverser la Galerie des Portraits \u2013 dont les derniers tableaux sont en cours de pose \u2013 avant d\u2019acc\u00e9der \u00e0 la salle du tr\u00f4ne pour un \u00e9change privil\u00e9gi\u00e9 et des photos souvenirs. Une file d\u2019attente virtuelle sera propos\u00e9e sur l\u2019application officielle du Resort chaque jour pour acc\u00e9der \u00e0 ce point de rencontre. Un premier aper\u00e7u des portraits d\u2019Anna et Elsa au niveau de ce lieu de rencontre nous a \u00e9t\u00e9 d\u00e9voil\u00e9. Nous avons \u00e9t\u00e9 autoris\u00e9s \u00e0 en publier un bref aper\u00e7u :<\/p>\n<p style=\"text-align: justify;\">Sur la Baie d\u2019Arendelle, le spectacle <strong>C\u00e9l\u00e9bration \u00e0 Arendelle<\/strong> durera une quinzaine de minutes et se jouera plusieurs fois par jour. Trois drakkars majestueux, construits par le chantier naval fran\u00e7ais Couach (bassin d\u2019Arcachon) et d\u00e9cor\u00e9s par des artisans locaux \u2013 dont Prelud pr\u00e8s de Dijon pour le bateau de Kristoff, deviendront la sc\u00e8ne flottante d\u2019Anna, Elsa, Kristoff, Olaf et des villageois. Le public sera invit\u00e9 \u00e0 chanter \u00ab Lib\u00e9r\u00e9e, d\u00e9livr\u00e9e \u00bb ou \u00ab Je te Cherche \u00bb.<\/p>\n<p><a class=\"item-gallery-justified\" href=\"https:\/\/www.disneyphile.fr\/wp-content\/uploads\/2025\/11\/2025-DLP-World-of-Frozen-5-scaled-1.webp\" title=\"\" data-rel=\"penci-gallery-image-content\" target=\"_blank\" rel=\"noopener\"><img data-od-added-loading=\"\" data-od-xpath=\"\/HTML\/BODY\/DIV[@id='page']\/*[4][self::DIV]\/*[2][self::DIV]\/*[1][self::DIV]\/*[1][self::MAIN]\/*[1][self::DIV]\/*[1][self::DIV]\/*[1][self::DIV]\/*[1][self::DIV]\/*[2][self::DIV]\/*[2][self::ARTICLE]\/*[2][self::DIV]\/*[14][self::DIV]\/*[1][self::A]\/*[1][self::IMG]\" loading=\"lazy\" decoding=\"async\" data-pagespeed-lazy-src=\"https:\/\/www.disneyphile.fr\/wp-content\/uploads\/2025\/11\/2025-DLP-World-of-Frozen-5-scaled-1-585x877.webp\" alt=\"\" src=\"\/pagespeed_static\/1.JiBnMqyl6S.gif\" onload=\"pagespeed.lazyLoadImages.loadIfVisibleAndMaybeBeacon(this);\" onerror=\"this.onerror=null;pagespeed.lazyLoadImages.loadIfVisibleAndMaybeBeacon(this);\"\/><\/a><a class=\"item-gallery-justified\" href=\"https:\/\/www.disneyphile.fr\/wp-content\/uploads\/2025\/11\/2025-DLP-World-of-Frozen-7-scaled-1.webp\" title=\"\" data-rel=\"penci-gallery-image-content\" target=\"_blank\" rel=\"noopener\"><img data-od-added-loading=\"\" data-od-xpath=\"\/HTML\/BODY\/DIV[@id='page']\/*[4][self::DIV]\/*[2][self::DIV]\/*[1][self::DIV]\/*[1][self::MAIN]\/*[1][self::DIV]\/*[1][self::DIV]\/*[1][self::DIV]\/*[1][self::DIV]\/*[2][self::DIV]\/*[2][self::ARTICLE]\/*[2][self::DIV]\/*[14][self::DIV]\/*[2][self::A]\/*[1][self::IMG]\" loading=\"lazy\" decoding=\"async\" data-pagespeed-lazy-src=\"https:\/\/www.disneyphile.fr\/wp-content\/uploads\/2025\/11\/2025-DLP-World-of-Frozen-7-scaled-1-585x877.webp\" alt=\"\" src=\"\/pagespeed_static\/1.JiBnMqyl6S.gif\" onload=\"pagespeed.lazyLoadImages.loadIfVisibleAndMaybeBeacon(this);\" onerror=\"this.onerror=null;pagespeed.lazyLoadImages.loadIfVisibleAndMaybeBeacon(this);\"\/><\/a><\/p>\n<p>D\u00e9couvrez un premier aper\u00e7u exclusif de cet Audio-Animatronic d\u2019Olaf, de derni\u00e8re g\u00e9n\u00e9ration :<\/p>\n<p style=\"text-align: justify;\">Exclusivit\u00e9 mondiale : <strong>Kristen Anderson-Lopez<\/strong> et <strong>Robert Lopez<\/strong>, couple oscaris\u00e9 pour \u00ab Let It Go \u00bb, ont compos\u00e9 de nouvelles chansons sp\u00e9cialement pour ce spectacle. Par ailleurs,<a href=\"https:\/\/www.disneyphile.fr\/bruce-vaughn-de-retour-chez-walt-disney-imagineering-en-qualite-de-directeur-creatif\/\" target=\"_blank\" rel=\"noopener\"><strong> Bruce Vaughn<\/strong><\/a>, pr\u00e9sident de <strong>Walt Disney Imagineering<\/strong>, a d\u00e9voil\u00e9 un Olaf robotis\u00e9 dernier cri \u2013 fruit d\u2019une collaboration entre <strong>Imagineering R&amp;D<\/strong>, <strong>Disney Live Entertainment<\/strong> et les studios d\u2019animation <strong>Walt Disney<\/strong> \u2013 qui appara\u00eetra dans le show et interagira avec les visiteurs. Deux robots seront pr\u00e9sents \u00e0 Paris et leur voix sera uniquement am\u00e9ricaine (<strong>Josh Gad<\/strong>).<\/p>\n<p><a href=\"https:\/\/www.disneyphile.fr\/wp-content\/uploads\/2025\/11\/Disneyland-Paris_Disney-Adventure-World_World-of-Frozen_Horizontal_2.webp\" target=\"_blank\" rel=\"noopener\"><img data-od-xpath=\"\/HTML\/BODY\/DIV[@id='page']\/*[4][self::DIV]\/*[2][self::DIV]\/*[1][self::DIV]\/*[1][self::MAIN]\/*[1][self::DIV]\/*[1][self::DIV]\/*[1][self::DIV]\/*[1][self::DIV]\/*[2][self::DIV]\/*[2][self::ARTICLE]\/*[2][self::DIV]\/*[18][self::P]\/*[1][self::A]\/*[1][self::IMG]\" loading=\"lazy\" decoding=\"async\" class=\"aligncenter wp-image-162097\" data-pagespeed-lazy-src=\"https:\/\/www.disneyphile.fr\/wp-content\/uploads\/2025\/11\/xDisneyland-Paris_Disney-Adventure-World_World-of-Frozen_Horizontal_2.webp.pagespeed.ic.ebgc573quK.webp\" alt=\"chantier world of frozen\" width=\"400\" height=\"267\" data-pagespeed-lazy-  src=\"\/pagespeed_static\/1.JiBnMqyl6S.gif\" onload=\"pagespeed.lazyLoadImages.loadIfVisibleAndMaybeBeacon(this);\" onerror=\"this.onerror=null;pagespeed.lazyLoadImages.loadIfVisibleAndMaybeBeacon(this);\"\/><\/a><\/p>\n<p>Rencontres inattendues dans les ruelles<\/p>\n<p style=\"text-align: justify;\">Oaken et son l\u00e9gendaire \u00ab Hou-Hou ! \u00bb tiendront boutique et sauna. Mossie, un b\u00e9b\u00e9 troll d\u00e9j\u00e0 pr\u00e9sent\u00e9 \u00e0 <strong>Hong Kong Disneyland<\/strong> dans la zone du m\u00eame nom, fera ses premiers pas curieux en France. Et R\u00fana, jouet interactif exclusif, r\u00e9agira au toucher, clignote, bougera les oreilles et interagira avec les lieux, les personnages et les autres trolls. Une c\u00e9r\u00e9monie de rencontre est pr\u00e9vue au <strong>Fjord View Shop<\/strong>, suivi d\u2019un espace maquillage et coiffure pour se mettre dans l\u2019ambiance du<strong> Festival de la Fleur de Neige<\/strong>.<\/p>\n<p><a href=\"https:\/\/www.disneyphile.fr\/wp-content\/uploads\/2025\/11\/2025-DLP-World-of-Frozen-15-scaled-1.webp\" target=\"_blank\" rel=\"noopener\"><img data-od-xpath=\"\/HTML\/BODY\/DIV[@id='page']\/*[4][self::DIV]\/*[2][self::DIV]\/*[1][self::DIV]\/*[1][self::MAIN]\/*[1][self::DIV]\/*[1][self::DIV]\/*[1][self::DIV]\/*[1][self::DIV]\/*[2][self::DIV]\/*[2][self::ARTICLE]\/*[2][self::DIV]\/*[21][self::P]\/*[1][self::A]\/*[1][self::IMG]\" loading=\"lazy\" decoding=\"async\" class=\"aligncenter wp-image-162091\" data-pagespeed-lazy-src=\"https:\/\/www.disneyphile.fr\/wp-content\/uploads\/2025\/11\/2025-DLP-World-of-Frozen-15-scaled-1.webp\" alt=\"\" width=\"400\" height=\"595\" data-pagespeed-lazy-  src=\"\/pagespeed_static\/1.JiBnMqyl6S.gif\" onload=\"pagespeed.lazyLoadImages.loadIfVisibleAndMaybeBeacon(this);\" onerror=\"this.onerror=null;pagespeed.lazyLoadImages.loadIfVisibleAndMaybeBeacon(this);\"\/><\/a><\/p>\n<p>Une pause gourmande \u00e0 la nordique<\/p>\n<p style=\"text-align: justify;\">Le restaurant rapide <strong>Nordic Crowns Tavern<\/strong> propose une cuisine personnalisable d\u2019inspiration scandinave : \u00e9cras\u00e9 de pommes de terre ou quinoa, saumon grill\u00e9 ou boulettes, l\u00e9gumes de saison, sauce cranberry ou aneth. Seize combinaisons possibles, options sans gluten et v\u00e9ganes. En dessert : sorbet bleu, glaces \u00e0 customiser, flocon de neige en p\u00e2tisserie. La d\u00e9coration maritime \u2013 lustres globes, bois brut, r\u00e9f\u00e9rences portuaires \u2013 est compl\u00e9t\u00e9e par une verri\u00e8re o\u00f9 un chat observe les visiteurs depuis le plafond, clin d\u2019\u0153il discret aux d\u00e9tails que les fans adorent traquer. Le restaurant se divisera en plusieurs petites pi\u00e8ces de part et d\u2019autre de l\u2019entr\u00e9e. Une douzaine de bornes de commande seront en place \u00e0 l\u2019ouverture. Un comptoir de commande sera \u00e9galement propos\u00e9 pour les PMR par exemple.<\/p>\n<p><a href=\"https:\/\/www.disneyphile.fr\/wp-content\/uploads\/2025\/11\/Disneyland-Paris_Disney-Adventure-World_World-of-Frozen_Horizontal_6.webp\" target=\"_blank\" rel=\"noopener\"><img data-od-xpath=\"\/HTML\/BODY\/DIV[@id='page']\/*[4][self::DIV]\/*[2][self::DIV]\/*[1][self::DIV]\/*[1][self::MAIN]\/*[1][self::DIV]\/*[1][self::DIV]\/*[1][self::DIV]\/*[1][self::DIV]\/*[2][self::DIV]\/*[2][self::ARTICLE]\/*[2][self::DIV]\/*[24][self::P]\/*[1][self::A]\/*[1][self::IMG]\" loading=\"lazy\" decoding=\"async\" class=\"aligncenter wp-image-162096\" data-pagespeed-lazy-src=\"https:\/\/www.disneyphile.fr\/wp-content\/uploads\/2025\/11\/xDisneyland-Paris_Disney-Adventure-World_World-of-Frozen_Horizontal_6.webp.pagespeed.ic.ZCz3E81qJm.webp\" alt=\"\" width=\"400\" height=\"267\" data-pagespeed-lazy-  src=\"\/pagespeed_static\/1.JiBnMqyl6S.gif\" onload=\"pagespeed.lazyLoadImages.loadIfVisibleAndMaybeBeacon(this);\" onerror=\"this.onerror=null;pagespeed.lazyLoadImages.loadIfVisibleAndMaybeBeacon(this);\"\/><\/a><\/p>\n<p>Shopping artisanal et souvenirs exclusifs<\/p>\n<p style=\"text-align: justify;\"><strong>Arendelle Boutique<\/strong> mettra en avant l\u2019artisanat scandinave : sculptures de bois, v\u00eatements brod\u00e9s de rosemaling, motifs floraux. Une bo\u00eete aux lettres permet d\u2019envoyer une carte postale directement depuis le village \u2013 d\u00e9tail qui fait la diff\u00e9rence entre une boutique et un lieu vivant.<\/p>\n<p>Un royaume qui vit au rythme du Festival de la Fleur de Neige<\/p>\n<p style=\"text-align: justify;\">Tout le village sera d\u00e9cor\u00e9 pour le <strong>Festival de la Fleur de Neige<\/strong>, une c\u00e9l\u00e9bration originale qui donne une raison narrative \u00e0 l\u2019ambiance festive : guirlandes, lanternes, \u00e9tals color\u00e9s. Les villageois, les spectacles, les odeurs de pain d\u2019\u00e9pices et de cannelle participent \u00e0 l\u2019illusion que l\u2019on est vraiment, le temps d\u2019une journ\u00e9e, citoyen d\u2019Arendelle. Ainsi, la trame sc\u00e9naristique de <strong>World of Frozen<\/strong> \u00e0 <strong>Hong Kong Disneyland<\/strong> est plus ou moins r\u00e9pliqu\u00e9e \u00e0 <strong>Disneyland Paris<\/strong>.<\/p>\n<p><a href=\"https:\/\/www.disneyphile.fr\/wp-content\/uploads\/2025\/11\/2025-DLP-World-of-Frozen-9.webp\" target=\"_blank\" rel=\"noopener\"><img data-od-xpath=\"\/HTML\/BODY\/DIV[@id='page']\/*[4][self::DIV]\/*[2][self::DIV]\/*[1][self::DIV]\/*[1][self::MAIN]\/*[1][self::DIV]\/*[1][self::DIV]\/*[1][self::DIV]\/*[1][self::DIV]\/*[2][self::DIV]\/*[2][self::ARTICLE]\/*[2][self::DIV]\/*[29][self::P]\/*[1][self::A]\/*[1][self::IMG]\" loading=\"lazy\" decoding=\"async\" class=\"aligncenter wp-image-162095\" data-pagespeed-lazy-src=\"https:\/\/www.disneyphile.fr\/wp-content\/uploads\/2025\/11\/2025-DLP-World-of-Frozen-9.webp\" alt=\"chantier world of frozen\" width=\"400\" height=\"267\" data-pagespeed-lazy-  src=\"\/pagespeed_static\/1.JiBnMqyl6S.gif\" onload=\"pagespeed.lazyLoadImages.loadIfVisibleAndMaybeBeacon(this);\" onerror=\"this.onerror=null;pagespeed.lazyLoadImages.loadIfVisibleAndMaybeBeacon(this);\"\/><\/a><\/p>\n<p style=\"text-align: justify;\">Avec <strong>World of Frozen<\/strong>, <strong>Disneyland Paris<\/strong> ne se contente pas d\u2019ajouter une attraction : il cr\u00e9e un monde o\u00f9 l\u2019on peut vivre, manger, chanter et se faire prendre en photo au c\u0153ur de l\u2019un des univers les plus aim\u00e9s de <strong>Disney<\/strong>. Certes, la zone est finalement un peu trop r\u00e9duite en terme de superficie et d\u2019offre en attractions mais c\u2019est assu bizarrement ce qui fera son charme. Ce c\u00f4t\u00e9 intimiste dans un royaume gel\u00e9, mais qui r\u00e9chauffe les c\u0153urs d\u00e8s le premier regard sur la Montagne du Nord, n\u2019attend plus que vous. Rendez-vous au printemps 2026 pour v\u00e9rifier si la promesse est tenue.<\/p>\n<p>\u00a9 Disneyphile 2025 \/ Tous droits r\u00e9serv\u00e9s \/ Reproduction interdite<\/p>\n","protected":false},"excerpt":{"rendered":"Ce 24 novembre 2025, Disneyland Paris a lev\u00e9 un voile suppl\u00e9mentaire sur ce qui s\u2019annonce comme la plus&hellip;\n","protected":false},"author":2,"featured_media":556185,"comment_status":"","ping_status":"","sticky":false,"template":"","format":"standard","meta":{"footnotes":""},"categories":[1354],"tags":[49283,4906,58,59,1346,1011,27,7792,1360],"class_list":{"0":"post-556184","1":"post","2":"type-post","3":"status-publish","4":"format-standard","5":"has-post-thumbnail","7":"category-films","8":"tag-disney-adventure-world","9":"tag-disneyland-paris","10":"tag-divertissement","11":"tag-entertainment","12":"tag-films","13":"tag-fr","14":"tag-france","15":"tag-la-reine-des-neiges","16":"tag-movies"},"share_on_mastodon":{"url":"","error":""},"_links":{"self":[{"href":"https:\/\/www.europesays.com\/fr\/wp-json\/wp\/v2\/posts\/556184","targetHints":{"allow":["GET"]}}],"collection":[{"href":"https:\/\/www.europesays.com\/fr\/wp-json\/wp\/v2\/posts"}],"about":[{"href":"https:\/\/www.europesays.com\/fr\/wp-json\/wp\/v2\/types\/post"}],"author":[{"embeddable":true,"href":"https:\/\/www.europesays.com\/fr\/wp-json\/wp\/v2\/users\/2"}],"replies":[{"embeddable":true,"href":"https:\/\/www.europesays.com\/fr\/wp-json\/wp\/v2\/comments?post=556184"}],"version-history":[{"count":0,"href":"https:\/\/www.europesays.com\/fr\/wp-json\/wp\/v2\/posts\/556184\/revisions"}],"wp:featuredmedia":[{"embeddable":true,"href":"https:\/\/www.europesays.com\/fr\/wp-json\/wp\/v2\/media\/556185"}],"wp:attachment":[{"href":"https:\/\/www.europesays.com\/fr\/wp-json\/wp\/v2\/media?parent=556184"}],"wp:term":[{"taxonomy":"category","embeddable":true,"href":"https:\/\/www.europesays.com\/fr\/wp-json\/wp\/v2\/categories?post=556184"},{"taxonomy":"post_tag","embeddable":true,"href":"https:\/\/www.europesays.com\/fr\/wp-json\/wp\/v2\/tags?post=556184"}],"curies":[{"name":"wp","href":"https:\/\/api.w.org\/{rel}","templated":true}]}}