{"id":556196,"date":"2025-11-24T21:12:20","date_gmt":"2025-11-24T21:12:20","guid":{"rendered":"https:\/\/www.europesays.com\/fr\/556196\/"},"modified":"2025-11-24T21:12:20","modified_gmt":"2025-11-24T21:12:20","slug":"en-australie-lelue-dextreme-droite-pauline-hanson-debarque-en-burqa-au-parlement","status":"publish","type":"post","link":"https:\/\/www.europesays.com\/fr\/556196\/","title":{"rendered":"En Australie, l\u2019\u00e9lue d\u2019extr\u00eame droite Pauline Hanson d\u00e9barque en burqa au Parlement"},"content":{"rendered":"<p>        <img decoding=\"async\" loading=\"lazy\" src=\"https:\/\/www.europesays.com\/fr\/wp-content\/uploads\/2025\/11\/21e15a1_upload-1-mebke3jebjla-2025-11-24t103640z-738454167-rc2s2iajbzjg-rtrmadp-3-australia-politics.jpeg\"  width=\"728\" height=\"409\" alt=\"La s\u00e9natrice du parti One Nation, Pauline Hanson, portant une burqa dans l\u2019h\u00e9micycle du S\u00e9nat \u00e0 Canberra, en Australie, le 24\u00a0novembre 2025.\"\/>  <\/p>\n<p>MICK TSIKAS \/ via REUTERS<\/p>\n<p>La s\u00e9natrice du parti One Nation, Pauline Hanson, portant une burqa dans l\u2019h\u00e9micycle du S\u00e9nat \u00e0 Canberra, en Australie, le 24\u00a0novembre 2025.<\/p>\n<p class=\"asset asset-text\">Sc\u00e8ne rarissime au Parlement australien ce lundi 24\u00a0novembre. La s\u00e9natrice d\u2019extr\u00eame droite Pauline Hanson y a port\u00e9 une burqa, un acte d\u00e9cri\u00e9 comme \u00ab\u00a0raciste\u00a0\u00bb et \u00ab\u00a0irrespectueux\u00a0\u00bb par d\u2019autres parlementaires.<\/p>\n<p class=\"asset asset-text\">Membre du parti anti-immigration One Nation, qui dispose de quatre si\u00e8ges au Parlement, Pauline Hanson cherchait \u00e0 pr\u00e9senter au S\u00e9nat une loi interdisant le port de ce voile int\u00e9gral en Australie.<\/p>\n<p class=\"asset asset-text\">Les parlementaires l\u2019en ont emp\u00each\u00e9e. Quelques minutes plus tard, Pauline Hanson est revenue v\u00eatue d\u2019une burqa noire et s\u2019est assise, suscitant l\u2019indignation de ses coll\u00e8gues.<\/p>\n<p> La lecture de ce contenu est susceptible d\u2019entra\u00eener un d\u00e9p\u00f4t de cookies de la part de l\u2019op\u00e9rateur tiers qui l\u2019h\u00e9berge. Compte-tenu des choix que vous avez exprim\u00e9s en mati\u00e8re de d\u00e9p\u00f4t de cookies, nous avons bloqu\u00e9 l\u2019affichage de ce contenu. Si vous souhaitez y acc\u00e9der, vous devez accepter la cat\u00e9gorie de cookies \u201cContenus tiers\u201d en cliquant sur le bouton ci-dessous. <\/p>\n<p> Lire la Vid\u00e9o        <\/p>\n<p class=\"asset asset-text\">Ce geste est un \u00ab\u00a0doigt d\u2019honneur aux personnes croyantes\u00a0\u00bb, a d\u00e9nonc\u00e9 Larissa Waters, cheffe du parti Australian Greens (gauche) au S\u00e9nat. \u00ab\u00a0C\u2019est extr\u00eamement raciste et dangereux\u00a0\u00bb, a-t-elle ajout\u00e9.<\/p>\n<p class=\"asset asset-text\">La ministre des Affaires \u00e9trang\u00e8res Penny Wong l\u2019a qualifi\u00e9 d\u2019\u00ab\u00a0irrespectueux\u00a0\u00bb. \u00ab\u00a0Nous repr\u00e9sentons dans nos \u00c9tats des personnes de toutes confessions et de toutes origines. Et nous devons le faire dignement\u00a0\u00bb, a-t-elle d\u00e9clar\u00e9.<\/p>\n<p class=\"asset asset-text\">\u00ab\u00a0Il s\u2019agit d\u2019une s\u00e9natrice raciste, faisant preuve d\u2019un racisme criant\u00a0\u00bb, a elle affirm\u00e9 Mehreen Faruqi, s\u00e9natrice musulmane \u00e9cologiste de Nouvelle-Galles du Sud, <a href=\"https:\/\/www.bbc.com\/news\/articles\/cz94pdkzqvwo\" target=\"_blank\" rel=\"noopener\" title=\"Nouvelle fen\u00eatre\">rapporte la BBC<\/a>.<\/p>\n<p>    D\u00e9j\u00e0 en 2017    <\/p>\n<p class=\"asset asset-text\">Pauline Hanson a refus\u00e9 d\u2019enlever sa burqa et la s\u00e9ance au S\u00e9nat a \u00e9t\u00e9 suspendue.\u00a0C\u2019est la deuxi\u00e8me fois qu\u2019elle porte un voile int\u00e9gral dans cette institution.<\/p>\n<p class=\"asset asset-text\">En 2017, elle avait rev\u00eatu une burqa au S\u00e9nat pour souligner ce qu\u2019elle consid\u00e9rait comme des probl\u00e8mes de s\u00e9curit\u00e9 pos\u00e9s par le v\u00eatement port\u00e9 par des femmes musulmanes, qu\u2019elle associait au terrorisme.<\/p>\n<p class=\"asset asset-text\">Pauline Hanson a d\u00e9crit l\u2019islam comme \u00ab\u00a0une culture et une id\u00e9ologie incompatibles avec les n\u00f4tres\u00a0\u00bb. \u00ab\u00a0Plus de 20 pays \u00e0 travers le monde ont interdit le port de la burqa car ils la consid\u00e8rent comme un outil d\u2019oppression des femmes, une menace pour la s\u00e9curit\u00e9 nationale, un vecteur d\u2019islamisme radical et une menace pour la coh\u00e9sion sociale. Si ces hypocrites ne veulent pas que je porte la burqa, ils peuvent toujours soutenir mon interdiction\u00a0\u00bb, a-t-elle \u00e9crit apr\u00e8s coup sur X.<\/p>\n<p> La lecture de ce contenu est susceptible d\u2019entra\u00eener un d\u00e9p\u00f4t de cookies de la part de l\u2019op\u00e9rateur tiers qui l\u2019h\u00e9berge. Compte-tenu des choix que vous avez exprim\u00e9s en mati\u00e8re de d\u00e9p\u00f4t de cookies, nous avons bloqu\u00e9 l\u2019affichage de ce contenu. Si vous souhaitez y acc\u00e9der, vous devez accepter la cat\u00e9gorie de cookies \u201cContenus tiers\u201d en cliquant sur le bouton ci-dessous. <\/p>\n<p> Lire la Vid\u00e9o        <\/p>\n<p class=\"asset asset-text\">Son parti d\u2019extr\u00eame droite gagne en popularit\u00e9, atteignant 18\u00a0% d\u2019opinion positive, selon un sondage du Australian Financial Review paru en novembre.<\/p>\n<p class=\"asset asset-text\">En septembre, un repr\u00e9sentant du gouvernement avait d\u00e9clar\u00e9 que l\u2019Australie \u00e9chouait \u00e0 lutter contre l\u2019islamophobie croissante.<\/p>\n","protected":false},"excerpt":{"rendered":"MICK TSIKAS \/ via REUTERS La s\u00e9natrice du parti One Nation, Pauline Hanson, portant une burqa dans l\u2019h\u00e9micycle&hellip;\n","protected":false},"author":2,"featured_media":556197,"comment_status":"","ping_status":"","sticky":false,"template":"","format":"standard","meta":{"footnotes":""},"categories":[5],"tags":[11,5035,67376,1011,27,14,12,10162,28],"class_list":{"0":"post-556196","1":"post","2":"type-post","3":"status-publish","4":"format-standard","5":"has-post-thumbnail","7":"category-international","8":"tag-actualites","9":"tag-australie","10":"tag-burqa","11":"tag-fr","12":"tag-france","13":"tag-international","14":"tag-news","15":"tag-racisme","16":"tag-world"},"share_on_mastodon":{"url":"https:\/\/pubeurope.com\/@fr\/115606739946311633","error":""},"_links":{"self":[{"href":"https:\/\/www.europesays.com\/fr\/wp-json\/wp\/v2\/posts\/556196","targetHints":{"allow":["GET"]}}],"collection":[{"href":"https:\/\/www.europesays.com\/fr\/wp-json\/wp\/v2\/posts"}],"about":[{"href":"https:\/\/www.europesays.com\/fr\/wp-json\/wp\/v2\/types\/post"}],"author":[{"embeddable":true,"href":"https:\/\/www.europesays.com\/fr\/wp-json\/wp\/v2\/users\/2"}],"replies":[{"embeddable":true,"href":"https:\/\/www.europesays.com\/fr\/wp-json\/wp\/v2\/comments?post=556196"}],"version-history":[{"count":0,"href":"https:\/\/www.europesays.com\/fr\/wp-json\/wp\/v2\/posts\/556196\/revisions"}],"wp:featuredmedia":[{"embeddable":true,"href":"https:\/\/www.europesays.com\/fr\/wp-json\/wp\/v2\/media\/556197"}],"wp:attachment":[{"href":"https:\/\/www.europesays.com\/fr\/wp-json\/wp\/v2\/media?parent=556196"}],"wp:term":[{"taxonomy":"category","embeddable":true,"href":"https:\/\/www.europesays.com\/fr\/wp-json\/wp\/v2\/categories?post=556196"},{"taxonomy":"post_tag","embeddable":true,"href":"https:\/\/www.europesays.com\/fr\/wp-json\/wp\/v2\/tags?post=556196"}],"curies":[{"name":"wp","href":"https:\/\/api.w.org\/{rel}","templated":true}]}}