{"id":556198,"date":"2025-11-24T21:13:16","date_gmt":"2025-11-24T21:13:16","guid":{"rendered":"https:\/\/www.europesays.com\/fr\/556198\/"},"modified":"2025-11-24T21:13:16","modified_gmt":"2025-11-24T21:13:16","slug":"dans-lincomprehension-generale-sebastien-lecornu-annonce-cinq-debats-au-parlement-liberation","status":"publish","type":"post","link":"https:\/\/www.europesays.com\/fr\/556198\/","title":{"rendered":"dans l\u2019incompr\u00e9hension g\u00e9n\u00e9rale, S\u00e9bastien Lecornu annonce cinq d\u00e9bats au Parlement \u2013 Lib\u00e9ration"},"content":{"rendered":"<p class=\"sc-cPiKLX AiZTS text-element\">Comment relancer une partie dont on a perdu la main ? C\u2019est peut-\u00eatre pour r\u00e9pondre \u00e0 cette question que S\u00e9bastien Lecornu a d\u00e9cid\u00e9 subitement de prendre la parole lundi matin, sur le perron de Matignon. Car si la s\u00e9quence budg\u00e9taire n\u2019est pas encore termin\u00e9e, le week-end a d\u00e9montr\u00e9 <a href=\"https:\/\/www.liberation.fr\/economie\/budget-2026-a-la-mi-temps-des-debats-a-lassemblee-bercy-releve-les-compteurs-20251103_C7JQXZBVZFCOLIHASH5T2Q4MKY\/\" target=\"_blank\" rel=\"noopener\" title=\"https:\/\/www.liberation.fr\/economie\/budget-2026-a-la-mi-temps-des-debats-a-lassemblee-bercy-releve-les-compteurs-20251103_C7JQXZBVZFCOLIHASH5T2Q4MKY\/\">qu\u2019\u00e0 mi-parcours<\/a> les choses \u00e9taient plut\u00f4t mal emmanch\u00e9es. Vendredi soir, 404 d\u00e9put\u00e9s (sur 577), issus de tous les groupes politiques, ont rejet\u00e9 la \u00abpartie recettes\u00bb du projet de loi de finances (PLF) \u2013 et un seul d\u2019entre eux a vot\u00e9 pour \u2013 une premi\u00e8re sous la Ve R\u00e9publique. C\u2019est donc la copie initiale, d\u00e9lest\u00e9e de tout ce qu\u2019avaient obtenu les socialistes, qui a \u00e9t\u00e9 transmise au S\u00e9nat, o\u00f9 l\u2019examen a d\u00e9marr\u00e9 en commission lundi.<\/p>\n<p class=\"sc-cPiKLX AiZTS text-element\">En parall\u00e8le, Les R\u00e9publicains, majoritaires au Palais du Luxembourg, s\u2019emploient depuis une semaine \u00e0 laver le Projet de loi de financement de la S\u00e9curit\u00e9 sociale (PLFSS) des concessions accord\u00e9es par l\u2019ex\u00e9cutif au PS, notamment la suspension de la r\u00e9forme des retraites. La commission mixte paritaire (CMP), l\u2019instance qui r\u00e9unit 7 d\u00e9put\u00e9s et 7 s\u00e9nateurs pour tenter de trouver un accord entre les deux chambres, doit plancher \u00e0 partir <\/p>\n","protected":false},"excerpt":{"rendered":"Comment relancer une partie dont on a perdu la main ? C\u2019est peut-\u00eatre pour r\u00e9pondre \u00e0 cette question&hellip;\n","protected":false},"author":2,"featured_media":556199,"comment_status":"","ping_status":"","sticky":false,"template":"","format":"standard","meta":{"footnotes":""},"categories":[4],"tags":[11,416,25548,1011,27,12,25,11067],"class_list":{"0":"post-556198","1":"post","2":"type-post","3":"status-publish","4":"format-standard","5":"has-post-thumbnail","7":"category-france","8":"tag-actualites","9":"tag-assemblee-nationale","10":"tag-budget-public","11":"tag-fr","12":"tag-france","13":"tag-news","14":"tag-republique-francaise","15":"tag-sebastien-lecornu"},"share_on_mastodon":{"url":"https:\/\/pubeurope.com\/@fr\/115606742989641368","error":""},"_links":{"self":[{"href":"https:\/\/www.europesays.com\/fr\/wp-json\/wp\/v2\/posts\/556198","targetHints":{"allow":["GET"]}}],"collection":[{"href":"https:\/\/www.europesays.com\/fr\/wp-json\/wp\/v2\/posts"}],"about":[{"href":"https:\/\/www.europesays.com\/fr\/wp-json\/wp\/v2\/types\/post"}],"author":[{"embeddable":true,"href":"https:\/\/www.europesays.com\/fr\/wp-json\/wp\/v2\/users\/2"}],"replies":[{"embeddable":true,"href":"https:\/\/www.europesays.com\/fr\/wp-json\/wp\/v2\/comments?post=556198"}],"version-history":[{"count":0,"href":"https:\/\/www.europesays.com\/fr\/wp-json\/wp\/v2\/posts\/556198\/revisions"}],"wp:featuredmedia":[{"embeddable":true,"href":"https:\/\/www.europesays.com\/fr\/wp-json\/wp\/v2\/media\/556199"}],"wp:attachment":[{"href":"https:\/\/www.europesays.com\/fr\/wp-json\/wp\/v2\/media?parent=556198"}],"wp:term":[{"taxonomy":"category","embeddable":true,"href":"https:\/\/www.europesays.com\/fr\/wp-json\/wp\/v2\/categories?post=556198"},{"taxonomy":"post_tag","embeddable":true,"href":"https:\/\/www.europesays.com\/fr\/wp-json\/wp\/v2\/tags?post=556198"}],"curies":[{"name":"wp","href":"https:\/\/api.w.org\/{rel}","templated":true}]}}