{"id":556200,"date":"2025-11-24T21:14:17","date_gmt":"2025-11-24T21:14:17","guid":{"rendered":"https:\/\/www.europesays.com\/fr\/556200\/"},"modified":"2025-11-24T21:14:17","modified_gmt":"2025-11-24T21:14:17","slug":"promesse-dembauche-et-amende-reglee-sur-238-ans-comment-ouaihid-ben-faiza-a-obtenu-la-permission-de-sortir-qui-fait-polemique","status":"publish","type":"post","link":"https:\/\/www.europesays.com\/fr\/556200\/","title":{"rendered":"Promesse d\u2019embauche et amende r\u00e9gl\u00e9e sur 238 ans&#8230; Comment Ouaihid Ben Fa\u00efza a obtenu la permission de sortir qui fait pol\u00e9mique"},"content":{"rendered":"<p>\n    <strong>D\u00c9CRYPTAGE<\/strong> &#8211; Le narcotrafiquant, dont la peine court jusqu\u2019en 2029, a trouv\u00e9 un employeur potentiel \u00e0 Vaulx-en-Velin et s\u2019est engag\u00e9 \u00e0 rembourser 143.000\u00a0euros d\u2019amende \u00e0 raison de 50\u00a0euros par mois.<\/p>\n<p class=\"fig-paragraph\">\u00ab\u00a0Ici, c\u2019est the place to be pour sortir\u00a0!\u00a0\u00bb David Lacroix, repr\u00e9sentant FO Surveillants \u00e0\u00a0<a href=\"http:\/\/www.lefigaro.fr\/actualite-france\/prison-de-vendin-le-vieil-l-allumage-des-cellules-la-nuit-ne-constitue-pas-une-atteinte-a-la-dignite-humaine-20250904\" data-fig-type=\"NewsFlash\" data-gtm-custom-categorie=\"navigation\" data-gtm-custom-action=\"crossclick\" data-gtm-custom-label=\"Contextuel\" data-gtm-event=\"customEventSPE\" data-fig-domain=\"LEFIGARO\" target=\"_blank\" rel=\"noopener\">la prison de Vendin-le-Vieil<\/a>\u00a0ne d\u00e9col\u00e8re pas. Il a suffisamment d\u2019anciennet\u00e9 pour tenir les comptes des diff\u00e9rends entre\u00a0<a href=\"http:\/\/www.lefigaro.fr\/actualite-france\/narcotrafic-79-detenus-transferes-a-la-prison-de-vendin-le-vieil-depuis-le-22-juillet-annonce-darmanin-20250807\" data-fig-type=\"NewsFlash\" data-gtm-custom-categorie=\"navigation\" data-gtm-custom-action=\"crossclick\" data-gtm-custom-label=\"Contextuel\" data-gtm-event=\"customEventSPE\" data-fig-domain=\"LEFIGARO\" target=\"_blank\" rel=\"noopener\">l\u2019\u00e9tablissement p\u00e9nitentiaire du Pas-de-Calais<\/a>\u00a0et la justice en mati\u00e8re de permission de sortir ou d\u2019assouplissement des r\u00e9gimes de d\u00e9tention. Il y a un an, c\u2019est Christophe Khider, lib\u00e9rable en 2044, qui obtenait de la juge de l\u2019application des peines de B\u00e9thune, le droit d\u2019aller passer son permis de conduire. Le criminel multir\u00e9cidiviste \u00e9tait lib\u00e9r\u00e9 au mois de novembre, \u00e0 mi-peine, avec un bracelet \u00e9lectronique. Et c\u2019est toujours \u00e0 B\u00e9thune que le braqueur R\u00e9doine Fa\u00efd avait obtenu sa premi\u00e8re victoire contre son maintien \u00e0 l\u2019isolement.<\/p>\n<p>\u00ab\u00a0\u00c0 90\u00a0% dehors\u00a0\u00bb<\/p>\n<p class=\"fig-paragraph\">Le cas\u00a0<a href=\"http:\/\/www.lefigaro.fr\/faits-divers\/baron-de-la-drogue-evade-en-2014-ouaihid-ben-faiza-le-detenu-de-vendin-le-vieil-qui-a-obtenu-une-permission-de-sortie-controversee-20251123\" target=\"_blank\" data-fig-type=\"NewsFlash\" rel=\"noopener\" data-gtm-custom-categorie=\"navigation\" data-gtm-custom-action=\"crossclick\" data-gtm-custom-label=\"Contextuel\" data-gtm-event=\"customEventSPE\" data-fig-domain=\"LEFIGARO\">Ouaihid Ben Fa\u00efza<\/a>\u00a0est la goutte d\u2019eau pour les personnels p\u00e9nitentiaires. Condamn\u00e9 pour ses activit\u00e9s \u00e0 la t\u00eate d\u2019un important r\u00e9seau de trafic de drogue et d\u00e9j\u00e0 coupable d\u2019\u00e9vasion en bande organis\u00e9e gr\u00e2ce \u00e0 un commando arm\u00e9 lors\u2026<\/p>\n<p class=\"fig-premium-paywall__infos\">\n        Cet article est r\u00e9serv\u00e9 aux abonn\u00e9s.        Il vous reste 82% \u00e0 d\u00e9couvrir.\n    <\/p>\n<p>                <img  data- alt=\"Le Figaro\" class=\"fig-img--complete fig-img\"\/><\/p>\n<p class=\"fig-premium-paywall__title\">Black Friday<\/p>\n<p class=\"fig-premium-paywall__subtitle\">-70% sur l&rsquo;abonnement num\u00e9rique<\/p>\n<p class=\"fig-premium-paywall__connect\">\n                D\u00e9j\u00e0 abonn\u00e9\u00a0?                <a class=\"fig-premium-paywall__connect-link\" href=\"https:\/\/connect.lefigaro.fr\/login?client=horizon_web&amp;type=main&amp;redirect_uri=https%3A%2F%2Fwww.lefigaro.fr%2Factualite-france%2Fpromesse-d-embauche-et-amende-reglee-sur-238-ans-comment-ouaihid-ben-faiza-a-obtenu-la-permission-de-sortir-qui-fait-polemique-20251124\" data-js-gtm=\"{&quot;customCategorie&quot;: &quot;conversion&quot;, &quot;customAction&quot;: &quot;before_Landing_Connexion_paywall_auto&quot;, &quot;customLabel&quot;: &quot;bGVmaWdhcm8uZnJfXzFmMGM5MmFkLTE3M2YtNjk5NC1hOTFhLWYzMmE2Y2U1M2FhMF9fQXJ0aWNsZQ==_Promesse d\u2019embauche et amende r\u00e9gl\u00e9e sur 238 ans... Comment Ouaihid Ben Fa\u00efza a obtenu la permission de sortir qui fait pol\u00e9mique_234&quot;, &quot;customIDSPE&quot;: &quot;bGVmaWdhcm8uZnJfXzFmMGM5MmFkLTE3M2YtNjk5NC1hOTFhLWYzMmE2Y2U1M2FhMF9fQXJ0aWNsZQ==&quot;, &quot;event&quot;: &quot;customEventSPE&quot;}\" target=\"_blank\" rel=\"noopener\"><br \/>\n                    Connectez-vous<br \/>\n                <\/a>\n            <\/p>\n","protected":false},"excerpt":{"rendered":"D\u00c9CRYPTAGE &#8211; Le narcotrafiquant, dont la peine court jusqu\u2019en 2029, a trouv\u00e9 un employeur potentiel \u00e0 Vaulx-en-Velin et&hellip;\n","protected":false},"author":2,"featured_media":556201,"comment_status":"","ping_status":"","sticky":false,"template":"","format":"standard","meta":{"footnotes":""},"categories":[2],"tags":[11,1011,27,8721,12],"class_list":{"0":"post-556200","1":"post","2":"type-post","3":"status-publish","4":"format-standard","5":"has-post-thumbnail","7":"category-actualites","8":"tag-actualites","9":"tag-fr","10":"tag-france","11":"tag-narcotrafic","12":"tag-news"},"share_on_mastodon":{"url":"https:\/\/pubeurope.com\/@fr\/115606746874151958","error":""},"_links":{"self":[{"href":"https:\/\/www.europesays.com\/fr\/wp-json\/wp\/v2\/posts\/556200","targetHints":{"allow":["GET"]}}],"collection":[{"href":"https:\/\/www.europesays.com\/fr\/wp-json\/wp\/v2\/posts"}],"about":[{"href":"https:\/\/www.europesays.com\/fr\/wp-json\/wp\/v2\/types\/post"}],"author":[{"embeddable":true,"href":"https:\/\/www.europesays.com\/fr\/wp-json\/wp\/v2\/users\/2"}],"replies":[{"embeddable":true,"href":"https:\/\/www.europesays.com\/fr\/wp-json\/wp\/v2\/comments?post=556200"}],"version-history":[{"count":0,"href":"https:\/\/www.europesays.com\/fr\/wp-json\/wp\/v2\/posts\/556200\/revisions"}],"wp:featuredmedia":[{"embeddable":true,"href":"https:\/\/www.europesays.com\/fr\/wp-json\/wp\/v2\/media\/556201"}],"wp:attachment":[{"href":"https:\/\/www.europesays.com\/fr\/wp-json\/wp\/v2\/media?parent=556200"}],"wp:term":[{"taxonomy":"category","embeddable":true,"href":"https:\/\/www.europesays.com\/fr\/wp-json\/wp\/v2\/categories?post=556200"},{"taxonomy":"post_tag","embeddable":true,"href":"https:\/\/www.europesays.com\/fr\/wp-json\/wp\/v2\/tags?post=556200"}],"curies":[{"name":"wp","href":"https:\/\/api.w.org\/{rel}","templated":true}]}}