{"id":556202,"date":"2025-11-24T21:15:20","date_gmt":"2025-11-24T21:15:20","guid":{"rendered":"https:\/\/www.europesays.com\/fr\/556202\/"},"modified":"2025-11-24T21:15:20","modified_gmt":"2025-11-24T21:15:20","slug":"ses-boyaux-lui-sortaient-du-ventre","status":"publish","type":"post","link":"https:\/\/www.europesays.com\/fr\/556202\/","title":{"rendered":"ses boyaux lui sortaient du ventre"},"content":{"rendered":"<p>\u00ab\u00a0Il n\u2019est pas violent. C\u2019est quelqu\u2019un de g\u00e9n\u00e9reux, tr\u00e8s gentil. Mais il boit. Mon fr\u00e8re Hamid, l\u2019alcool, \u00e7a va le d\u00e9truire\u2026\u00a0\u00bb. C\u2019est la grande s\u0153ur de l\u2019accus\u00e9 qui l\u2019affirme aux juges. Mais cette nuit-l\u00e0, c\u2019est un autre qui a failli mourir\u2026<\/p>\n<p>Il est une heure du matin, le 15\u00a0septembre 2022. La serveuse du Design Caf\u00e9, situ\u00e9 pr\u00e8s de la place Carnot \u00e0 Saint-\u00c9tienne, est t\u00e9moin d\u2019une sc\u00e8ne qui, aujourd\u2019hui encore, lui \u00ab\u00a0donne des cauchemars\u00a0\u00bb confie-t-elle. En quittant son travail, elle aper\u00e7oit Morad. C\u2019est le g\u00e9rant de l\u2019Indian Caf\u00e9, le bar qui jouxte le sien. L\u2019homme soul\u00e8ve son tee-shirt. Il est bless\u00e9 au ventre. Gravement. \u00ab\u00a0Il pissait le sang et son estomac sortait\u00a0\u00bb, se souvient-elle en tremblant.<\/p>\n<p>Il commence \u00e0 voler \u00e0 12 ans<\/p>\n<p>L\u2019auteur du coup de couteau est Hamid Belachoui. Ce St\u00e9phanois de 59 ans est jug\u00e9 <a href=\"https:\/\/www.leprogres.fr\/faits-divers-justice\/2025\/11\/24\/elle-etait-decedee-le-lendemain-a-l-hopital-le-feminicide-de-montreynaud-a-la-cour-criminelle\" target=\"_blank\" rel=\"noopener\">par la cour d\u2019assises de la Loire depuis lundi<\/a>. Le cheveu gris, la gorge serr\u00e9e dans un pull \u00e0 col roul\u00e9, il s\u2019exprime \u00e0 voix tr\u00e8s basse. Au point que le pr\u00e9sident, Antoine&#8230;<\/p>\n","protected":false},"excerpt":{"rendered":"\u00ab\u00a0Il n\u2019est pas violent. C\u2019est quelqu\u2019un de g\u00e9n\u00e9reux, tr\u00e8s gentil. Mais il boit. Mon fr\u00e8re Hamid, l\u2019alcool, \u00e7a&hellip;\n","protected":false},"author":2,"featured_media":556203,"comment_status":"","ping_status":"","sticky":false,"template":"","format":"standard","meta":{"footnotes":""},"categories":[9653],"tags":[1111,11,2430,271,272,7539,1777,674,274,1011,27,3367,12,25,4001,7538],"class_list":{"0":"post-556202","1":"post","2":"type-post","3":"status-publish","4":"format-standard","5":"has-post-thumbnail","7":"category-saint-etienne","8":"tag-actu","9":"tag-actualites","10":"tag-auvergne-rhone-alpes","11":"tag-crime","12":"tag-delit-et-contravention","13":"tag-edition-loire-sud","14":"tag-eu","15":"tag-europe","16":"tag-faits-divers-justice","17":"tag-fr","18":"tag-france","19":"tag-loire","20":"tag-news","21":"tag-republique-francaise","22":"tag-saint-etienne","23":"tag-saint-etienne-ville"},"share_on_mastodon":{"url":"https:\/\/pubeurope.com\/@fr\/115606751039195770","error":""},"_links":{"self":[{"href":"https:\/\/www.europesays.com\/fr\/wp-json\/wp\/v2\/posts\/556202","targetHints":{"allow":["GET"]}}],"collection":[{"href":"https:\/\/www.europesays.com\/fr\/wp-json\/wp\/v2\/posts"}],"about":[{"href":"https:\/\/www.europesays.com\/fr\/wp-json\/wp\/v2\/types\/post"}],"author":[{"embeddable":true,"href":"https:\/\/www.europesays.com\/fr\/wp-json\/wp\/v2\/users\/2"}],"replies":[{"embeddable":true,"href":"https:\/\/www.europesays.com\/fr\/wp-json\/wp\/v2\/comments?post=556202"}],"version-history":[{"count":0,"href":"https:\/\/www.europesays.com\/fr\/wp-json\/wp\/v2\/posts\/556202\/revisions"}],"wp:featuredmedia":[{"embeddable":true,"href":"https:\/\/www.europesays.com\/fr\/wp-json\/wp\/v2\/media\/556203"}],"wp:attachment":[{"href":"https:\/\/www.europesays.com\/fr\/wp-json\/wp\/v2\/media?parent=556202"}],"wp:term":[{"taxonomy":"category","embeddable":true,"href":"https:\/\/www.europesays.com\/fr\/wp-json\/wp\/v2\/categories?post=556202"},{"taxonomy":"post_tag","embeddable":true,"href":"https:\/\/www.europesays.com\/fr\/wp-json\/wp\/v2\/tags?post=556202"}],"curies":[{"name":"wp","href":"https:\/\/api.w.org\/{rel}","templated":true}]}}