{"id":556206,"date":"2025-11-24T21:17:19","date_gmt":"2025-11-24T21:17:19","guid":{"rendered":"https:\/\/www.europesays.com\/fr\/556206\/"},"modified":"2025-11-24T21:17:19","modified_gmt":"2025-11-24T21:17:19","slug":"spectacle-de-danse-inside-out-avec-marie-cambois","status":"publish","type":"post","link":"https:\/\/www.europesays.com\/fr\/556206\/","title":{"rendered":"Spectacle de danse Inside out avec Marie Cambois"},"content":{"rendered":"<p>Avec Inside out , Marie Cambois s\u2019approprie les m\u00e9canismes fascinants du cin\u00e9ma d\u2019auteur qu\u2019elle v\u00e9n\u00e8re. \u00c0 partir d\u2019un court m\u00e9trage, la chor\u00e9graphe d\u00e9ploie, seule en sc\u00e8ne, un r\u00e9cit de soi qui explore l\u2019\u00e2me et ses tourments secrets dans un espace int\u00e9rieur peupl\u00e9 de couches de sentiments et de sensations.<\/p>\n<p class=\"note\">Du mardi\u00a025 au jeudi 27\u00a0novembre, et les mardi\u00a02 et mercredi 3\u00a0d\u00e9cembre, \u00e0 19\u00a0h\u00a030, au CCAM, rue de Parme, \u00e0 Vandoeuvre-l\u00e8s-Nancy. Tarifs : de 24 \u20ac \u00e0 4 \u20ac. R\u00e9servations au 03\u00a083\u00a056\u00a083\u00a056.<\/p>\n","protected":false},"excerpt":{"rendered":"Avec Inside out , Marie Cambois s\u2019approprie les m\u00e9canismes fascinants du cin\u00e9ma d\u2019auteur qu\u2019elle v\u00e9n\u00e8re. \u00c0 partir d\u2019un&hellip;\n","protected":false},"author":2,"featured_media":556207,"comment_status":"","ping_status":"","sticky":false,"template":"","format":"standard","meta":{"footnotes":""},"categories":[9635],"tags":[1111,11,1687,1704,1777,674,1011,27,775,6364,1702,12,25,3140,5711],"class_list":{"0":"post-556206","1":"post","2":"type-post","3":"status-publish","4":"format-standard","5":"has-post-thumbnail","7":"category-nancy","8":"tag-actu","9":"tag-actualites","10":"tag-culture-loisirs","11":"tag-edition-nancy-et-agglomeration","12":"tag-eu","13":"tag-europe","14":"tag-fr","15":"tag-france","16":"tag-grand-est","17":"tag-metropole-du-grand-nancy-54b1","18":"tag-nancy","19":"tag-news","20":"tag-republique-francaise","21":"tag-spectacle","22":"tag-vandoeuvre-les-nancy"},"share_on_mastodon":{"url":"https:\/\/pubeurope.com\/@fr\/115606758688279675","error":""},"_links":{"self":[{"href":"https:\/\/www.europesays.com\/fr\/wp-json\/wp\/v2\/posts\/556206","targetHints":{"allow":["GET"]}}],"collection":[{"href":"https:\/\/www.europesays.com\/fr\/wp-json\/wp\/v2\/posts"}],"about":[{"href":"https:\/\/www.europesays.com\/fr\/wp-json\/wp\/v2\/types\/post"}],"author":[{"embeddable":true,"href":"https:\/\/www.europesays.com\/fr\/wp-json\/wp\/v2\/users\/2"}],"replies":[{"embeddable":true,"href":"https:\/\/www.europesays.com\/fr\/wp-json\/wp\/v2\/comments?post=556206"}],"version-history":[{"count":0,"href":"https:\/\/www.europesays.com\/fr\/wp-json\/wp\/v2\/posts\/556206\/revisions"}],"wp:featuredmedia":[{"embeddable":true,"href":"https:\/\/www.europesays.com\/fr\/wp-json\/wp\/v2\/media\/556207"}],"wp:attachment":[{"href":"https:\/\/www.europesays.com\/fr\/wp-json\/wp\/v2\/media?parent=556206"}],"wp:term":[{"taxonomy":"category","embeddable":true,"href":"https:\/\/www.europesays.com\/fr\/wp-json\/wp\/v2\/categories?post=556206"},{"taxonomy":"post_tag","embeddable":true,"href":"https:\/\/www.europesays.com\/fr\/wp-json\/wp\/v2\/tags?post=556206"}],"curies":[{"name":"wp","href":"https:\/\/api.w.org\/{rel}","templated":true}]}}