{"id":556210,"date":"2025-11-24T21:19:19","date_gmt":"2025-11-24T21:19:19","guid":{"rendered":"https:\/\/www.europesays.com\/fr\/556210\/"},"modified":"2025-11-24T21:19:19","modified_gmt":"2025-11-24T21:19:19","slug":"le-stade-toulousain-convoque-par-le-conseil-de-discipline-du-rugby-francais-au-sujet-de","status":"publish","type":"post","link":"https:\/\/www.europesays.com\/fr\/556210\/","title":{"rendered":"Le Stade toulousain convoqu\u00e9 par le\u00a0conseil de discipline du rugby fran\u00e7ais au sujet de"},"content":{"rendered":"<p>Le Stade toulousain est renvoy\u00e9 devant le conseil de discipline du rugby fran\u00e7ais dans le cadre du dossier n\u00e9buleux du transfert <a href=\"https:\/\/rennes.maville.com\/sport\/detail_-top-14.-baptiste-serin-de-retour-avec-toulon-face-a-lyon-melvyn-jaminet-forfait-_54135-7045064_actu.Htm\" target=\"_blank\" rel=\"noopener\">de Melvyn Jaminet<\/a>, a-t-on appris dimanche, confirmant une information du journal L\u2019Equipe, au sujet de poursuites que le club a jug\u00e9es \u00ab\u00a0ill\u00e9gales\u00a0\u00bb aupr\u00e8s de l\u2019AFP.<\/p>\n<p>Une audition est pr\u00e9vue le 8\u00a0d\u00e9cembre, a appris dimanche l\u2019AFP d\u2019une source proche du dossier, apr\u00e8s la d\u00e9cision du gendarme financier du rugby, l\u2019Autorit\u00e9 de r\u00e9gulation du rugby (A2R), de transmettre l\u2019affaire \u00e0 la commission +\u00a0r\u00e9gulation +\u00a0du conseil de discipline du rugby fran\u00e7ais. Celle-ci peut d\u00e9cider de lourdes sanctions, comme un retrait de points pour la saison en cours.<\/p>\n<p>\u00ab\u00a0Les nouvelles poursuites engag\u00e9es sont ill\u00e9gales et infond\u00e9es \u00ab<\/p>\n<p>Le conseil de discipline du rugby fran\u00e7ais est une des six commissions r\u00e9galiennes de la F\u00e9d\u00e9ration fran\u00e7aise de rugby (FFR) qui sont dot\u00e9es d\u2019un pouvoir de d\u00e9cision et sont ind\u00e9pendantes du bureau dirigeant.<\/p>\n<p><strong>\u00ab\u00a0Le Stade toulousain consid\u00e8re que les nouvelles poursuites engag\u00e9es sont ill\u00e9gales et infond\u00e9es\u00a0\u00bb<\/strong>, a d\u00e9clar\u00e9 le club \u00e0 l\u2019AFP dimanche, apr\u00e8s avoir re\u00e7u cette convocation jeudi soir. <strong>\u00ab\u00a0Le Stade toulousain s\u2019exprimera plus en d\u00e9tail dans les prochains jours sur le sujet\u00a0\u00bb<\/strong>, ajoute-t-il.<\/p>\n<p>En janvier\u00a02025, le journal L\u2019\u00c9quipe a r\u00e9v\u00e9l\u00e9 qu\u2019en 2022, Melvyn Jaminet avait pay\u00e9 lui-m\u00eame la clause d\u2019un montant de 450\u00a0000,00\u00a0\u20ac, lui permettant de quitter Perpignan pour Toulouse avant le terme du contrat qui le liait au club catalan. L\u2019op\u00e9ration a permis au club d\u2019\u00e9viter d\u2019int\u00e9grer le montant du transfert dans son plafond salarial.<\/p>\n<p><strong>Lire aussi\u00a0:<\/strong> <a href=\"https:\/\/www.ouest-france.fr\/sport\/rugby\/direct-angleterre-argentine-suivez-le-test-match-de-la-tournee-dautomne-en-live-9b83fdba-352a-4d73-9414-39e649c5cccd\" target=\"_blank\" rel=\"noopener\">Rugby. L\u2019Angleterre tremble mais d\u00e9croche une onzi\u00e8me victoire cons\u00e9cutive face \u00e0 l\u2019Argentine<\/a><\/p>\n<p>Le Stade toulousain a accept\u00e9 en mars de verser 1,3\u00a0million d\u2019euros \u00e0 la Ligue nationale de rugby pour clore la proc\u00e9dure de m\u00e9diation engag\u00e9e avec le salary-cap manager concernant l\u2019infraction potentielle aux obligations li\u00e9es au plafond salarial, mais l\u2019A2R s\u2019\u00e9tait aussi saisie de l\u2019affaire sur l\u2019angle comptable, objet de la convocation du 8\u00a0d\u00e9cembre.<\/p>\n<p>Pour r\u00e9unir la somme n\u00e9cessaire \u00e0 son transfert, Melvyn Jaminet avait contract\u00e9 deux emprunts, mais n\u2019avait ensuite pas touch\u00e9 l\u2019argent que lui devait le Stade toulousain. Le club a fini par trouver un accord financier avec le joueur, d\u00e9sormais \u00e0 Toulon, en avril. L\u2019enqu\u00eate du quotidien sportif avait \u00e9galement mis en avant le r\u00f4le d\u2019interm\u00e9diaires par lesquels aurait d\u00fb transiter l\u2019argent, parmi lesquels l\u2019avocat Arnaud Dubois, avocat et \u00e9ph\u00e9m\u00e8re pr\u00e9sident du Biarritz Olympique (Pro D2) lors de la saison 2024-2025, et la soci\u00e9t\u00e9 Pacific Heart.<\/p>\n<p>\u00a0<\/p>\n","protected":false},"excerpt":{"rendered":"Le Stade toulousain est renvoy\u00e9 devant le conseil de discipline du rugby fran\u00e7ais dans le cadre du dossier&hellip;\n","protected":false},"author":2,"featured_media":556211,"comment_status":"","ping_status":"","sticky":false,"template":"","format":"standard","meta":{"footnotes":""},"categories":[9619],"tags":[1111,11,3809,1465,1777,674,63,1011,27,1792,1922,12,882,25,479,517,2310,1470],"class_list":{"0":"post-556210","1":"post","2":"type-post","3":"status-publish","4":"format-standard","5":"has-post-thumbnail","7":"category-toulon","8":"tag-actu","9":"tag-actualites","10":"tag-ball","11":"tag-basket","12":"tag-eu","13":"tag-europe","14":"tag-football","15":"tag-fr","16":"tag-france","17":"tag-handball","18":"tag-info","19":"tag-news","20":"tag-provence-alpes-cote-dazur","21":"tag-republique-francaise","22":"tag-rugby","23":"tag-sport","24":"tag-toulon","25":"tag-volley"},"share_on_mastodon":{"url":"https:\/\/pubeurope.com\/@fr\/115606766622824024","error":""},"_links":{"self":[{"href":"https:\/\/www.europesays.com\/fr\/wp-json\/wp\/v2\/posts\/556210","targetHints":{"allow":["GET"]}}],"collection":[{"href":"https:\/\/www.europesays.com\/fr\/wp-json\/wp\/v2\/posts"}],"about":[{"href":"https:\/\/www.europesays.com\/fr\/wp-json\/wp\/v2\/types\/post"}],"author":[{"embeddable":true,"href":"https:\/\/www.europesays.com\/fr\/wp-json\/wp\/v2\/users\/2"}],"replies":[{"embeddable":true,"href":"https:\/\/www.europesays.com\/fr\/wp-json\/wp\/v2\/comments?post=556210"}],"version-history":[{"count":0,"href":"https:\/\/www.europesays.com\/fr\/wp-json\/wp\/v2\/posts\/556210\/revisions"}],"wp:featuredmedia":[{"embeddable":true,"href":"https:\/\/www.europesays.com\/fr\/wp-json\/wp\/v2\/media\/556211"}],"wp:attachment":[{"href":"https:\/\/www.europesays.com\/fr\/wp-json\/wp\/v2\/media?parent=556210"}],"wp:term":[{"taxonomy":"category","embeddable":true,"href":"https:\/\/www.europesays.com\/fr\/wp-json\/wp\/v2\/categories?post=556210"},{"taxonomy":"post_tag","embeddable":true,"href":"https:\/\/www.europesays.com\/fr\/wp-json\/wp\/v2\/tags?post=556210"}],"curies":[{"name":"wp","href":"https:\/\/api.w.org\/{rel}","templated":true}]}}