{"id":556220,"date":"2025-11-24T21:24:20","date_gmt":"2025-11-24T21:24:20","guid":{"rendered":"https:\/\/www.europesays.com\/fr\/556220\/"},"modified":"2025-11-24T21:24:20","modified_gmt":"2025-11-24T21:24:20","slug":"conference-gratuite-histoire-du-gaz-en-normandie-de-leclairage-au-biogaz","status":"publish","type":"post","link":"https:\/\/www.europesays.com\/fr\/556220\/","title":{"rendered":"Conf\u00e9rence gratuite : \u00ab\u00a0Histoire du gaz en Normandie, de l&rsquo;\u00e9clairage au biogaz\u00a0\u00bb"},"content":{"rendered":"\n<p>         Th\u00e8me d\u2019actualit\u00e9\u00a0:\u00a0       <\/p>\n<p>La Soci\u00e9t\u00e9 Libre d&rsquo;Emulation de la Seine-Maritime propose une conf\u00e9rence gratuite et ouverte \u00e0 tous ce mercredi 26 novembre 2025 \u00e0 18h \u00e0 l&rsquo;H\u00f4tel des soci\u00e9t\u00e9s savantes (190 rue Beauvoisine) sur le th\u00e8me :\u00a0\u00ab\u00a0Histoire du gaz en Normandie, de l&rsquo;\u00e9clairage au biogaz\u00a0\u00bb.<\/p>\n<p>L&rsquo;intervenant se nomme Michel Croguennec, docteur en \u00ab\u00a0Histoire des techniques\u00a0\u00bb de l\u2019Universit\u00e9 de Rouen. Archiviste \u00e0 la Ville de Petit-Quevilly, il est sp\u00e9cialiste de l\u2019histoire industrielle de l\u2019agglom\u00e9ration rouennaise.<\/p>\n<p>Auteur de l\u2019ouvrage \u00ab\u00a0Gaz \u00e0 tous les \u00e9tages &#8211; Histoire du gaz en Normandie\u00a0\u00bb paru en 2024 chez Wooz Editions, il a re\u00e7u pour ce livre le premier prix de la Soci\u00e9t\u00e9 centrale d\u2019agriculture le 24 octobre dernier dans la cat\u00e9gorie Histoire normande.<\/p>\n<p>Berceau de l\u2019industrie du gaz qui voit le jour en France en 1804, la Normandie entretient avec cette \u00e9nergie des liens particuli\u00e8rement \u00e9troits. La r\u00e9gion demeure l\u2019un des meilleurs t\u00e9moins des grandes \u00e9volutions qui marquent l&rsquo;histoire du gaz et sa place dans la soci\u00e9t\u00e9 fran\u00e7aise.<\/p>\n<p><img decoding=\"async\" alt=\"unnamed.png\" src=\"https:\/\/www.europesays.com\/fr\/wp-content\/uploads\/2025\/11\/1764019460_413_unnamed.png\"\/><\/p>\n","protected":false},"excerpt":{"rendered":"Th\u00e8me d\u2019actualit\u00e9\u00a0:\u00a0 La Soci\u00e9t\u00e9 Libre d&rsquo;Emulation de la Seine-Maritime propose une conf\u00e9rence gratuite et ouverte \u00e0 tous ce&hellip;\n","protected":false},"author":2,"featured_media":556221,"comment_status":"","ping_status":"","sticky":false,"template":"","format":"standard","meta":{"footnotes":""},"categories":[9587],"tags":[1111,11,1777,674,1011,27,12,5161,25,9590],"class_list":{"0":"post-556220","1":"post","2":"type-post","3":"status-publish","4":"format-standard","5":"has-post-thumbnail","7":"category-rouen","8":"tag-actu","9":"tag-actualites","10":"tag-eu","11":"tag-europe","12":"tag-fr","13":"tag-france","14":"tag-news","15":"tag-normandie","16":"tag-republique-francaise","17":"tag-rouen"},"share_on_mastodon":{"url":"https:\/\/pubeurope.com\/@fr\/115606787308389700","error":""},"_links":{"self":[{"href":"https:\/\/www.europesays.com\/fr\/wp-json\/wp\/v2\/posts\/556220","targetHints":{"allow":["GET"]}}],"collection":[{"href":"https:\/\/www.europesays.com\/fr\/wp-json\/wp\/v2\/posts"}],"about":[{"href":"https:\/\/www.europesays.com\/fr\/wp-json\/wp\/v2\/types\/post"}],"author":[{"embeddable":true,"href":"https:\/\/www.europesays.com\/fr\/wp-json\/wp\/v2\/users\/2"}],"replies":[{"embeddable":true,"href":"https:\/\/www.europesays.com\/fr\/wp-json\/wp\/v2\/comments?post=556220"}],"version-history":[{"count":0,"href":"https:\/\/www.europesays.com\/fr\/wp-json\/wp\/v2\/posts\/556220\/revisions"}],"wp:featuredmedia":[{"embeddable":true,"href":"https:\/\/www.europesays.com\/fr\/wp-json\/wp\/v2\/media\/556221"}],"wp:attachment":[{"href":"https:\/\/www.europesays.com\/fr\/wp-json\/wp\/v2\/media?parent=556220"}],"wp:term":[{"taxonomy":"category","embeddable":true,"href":"https:\/\/www.europesays.com\/fr\/wp-json\/wp\/v2\/categories?post=556220"},{"taxonomy":"post_tag","embeddable":true,"href":"https:\/\/www.europesays.com\/fr\/wp-json\/wp\/v2\/tags?post=556220"}],"curies":[{"name":"wp","href":"https:\/\/api.w.org\/{rel}","templated":true}]}}