{"id":556224,"date":"2025-11-24T21:26:18","date_gmt":"2025-11-24T21:26:18","guid":{"rendered":"https:\/\/www.europesays.com\/fr\/556224\/"},"modified":"2025-11-24T21:26:18","modified_gmt":"2025-11-24T21:26:18","slug":"un-pop-up-store-de-maillots-vintage-sinstalle-a-neyrpic-pour-5-jours","status":"publish","type":"post","link":"https:\/\/www.europesays.com\/fr\/556224\/","title":{"rendered":"un pop-up store de maillots vintage s\u2019installe \u00e0 Neyrpic pour 5 jours"},"content":{"rendered":"<p>Les fans du genre devront \u00eatre rapides. D\u00e8s ce mercredi 26\u00a0novembre et pour cinq jours seulement, le pop-up store\u00a0Football shirt vintage s\u2019installe au c\u0153ur du centre commercial <a href=\"https:\/\/www.ledauphine.com\/culture-loisirs\/2025\/10\/23\/isere-saint-martin-d-heres-neyrpic-souffle-sa-premiere-bougie-avec-denitsa-ikonomova\" target=\"_blank\" rel=\"noopener\">Neyrpic<\/a> \u00e0 Saint-Martin-d\u2019H\u00e8res. Pr\u00e8s de 4\u00a0000 maillots de football mais aussi de basket-ball (NBA) et de rugby ont \u00e9t\u00e9 s\u00e9lectionn\u00e9s pour \u00eatre mis \u00e0 la vente. De quoi replonger dans de jolis souvenirs et tenter de d\u00e9nicher le num\u00e9ro\u00a07 d\u2019\u00c9ric Cantona aux couleurs de Manchester United ou le maillot de Shaquille O\u2019Neal \u00e9poque Orlando Magic.<\/p>\n<p>Les visiteurs auront aussi la possibilit\u00e9 d\u2019apporter leurs propres pi\u00e8ces collectors et de les proposer \u00e0 la revente sur place.<\/p>\n<p>Rendez-vous du 26 au 30\u00a0novembre, de 10\u00a0h \u00e0 20\u00a0h non-stop (jusqu\u2019\u00e0 19\u00a0h dimanche) \u00e0 Neyrpic.<\/p>\n<p>Ce contenu est bloqu\u00e9 car vous n&rsquo;avez pas accept\u00e9 les cookies et autres traceurs.<\/p>\n<p>En cliquant sur \u00ab J\u2019accepte \u00bb, les cookies et autres traceurs seront d\u00e9pos\u00e9s et vous pourrez visualiser les contenus  (<a href=\"\" class=\"consentModule_policy\" target=\"_blank\" title=\"Consulter la politique de protection des donn\u00e9es du fournisseur\">plus d&rsquo;informations<\/a>).<\/p>\n<p>En cliquant sur \u00ab J\u2019accepte tous les cookies \u00bb, vous autorisez des d\u00e9p\u00f4ts de cookies et autres traceurs pour le stockage de vos donn\u00e9es sur nos sites et applications \u00e0 des fins de personnalisation et de ciblage publicitaire.<\/p>\n<p class=\"consentModule_secondaryText\">Vous gardez la possibilit\u00e9 de retirer votre consentement \u00e0 tout moment en consultant notre <a href=\"https:\/\/www.ledauphine.com\/protection-des-donnees\" target=\"_blank\" title=\"Consulter notre politique de protection des donn\u00e9es\" rel=\"noopener\">politique de protection des donn\u00e9es<\/a>. <br \/>&#13;<br \/>\n            <a href=\"https:\/\/www.ledauphine.com\/economie\/2025\/11\/24\/javascript:Didomi.notice.show()\" class=\"consentModule_cmp\" target=\"_blank\" rel=\"noopener\">G\u00e9rer mes choix<\/a>&#13;\n        <\/p>\n<p>&#13;<br \/>\n                        J&rsquo;accepte&#13;<br \/>\n            J&rsquo;accepte tous les cookies&#13;\n        <\/p>\n","protected":false},"excerpt":{"rendered":"Les fans du genre devront \u00eatre rapides. D\u00e8s ce mercredi 26\u00a0novembre et pour cinq jours seulement, le pop-up&hellip;\n","protected":false},"author":2,"featured_media":556225,"comment_status":"","ping_status":"","sticky":false,"template":"","format":"standard","meta":{"footnotes":""},"categories":[9566],"tags":[1111,11,2430,4406,33,112,1777,674,1011,27,2731,108,12,25,9448,11264],"class_list":{"0":"post-556224","1":"post","2":"type-post","3":"status-publish","4":"format-standard","5":"has-post-thumbnail","7":"category-grenoble","8":"tag-actu","9":"tag-actualites","10":"tag-auvergne-rhone-alpes","11":"tag-commerce-et-services","12":"tag-economie","13":"tag-edition-grenoble-agglomeration","14":"tag-eu","15":"tag-europe","16":"tag-fr","17":"tag-france","18":"tag-grenoble","19":"tag-isere","20":"tag-news","21":"tag-republique-francaise","22":"tag-saint-martin-dheres","23":"tag-saint-martin-dheres-bassin"},"share_on_mastodon":{"url":"https:\/\/pubeurope.com\/@fr\/115606794091700346","error":""},"_links":{"self":[{"href":"https:\/\/www.europesays.com\/fr\/wp-json\/wp\/v2\/posts\/556224","targetHints":{"allow":["GET"]}}],"collection":[{"href":"https:\/\/www.europesays.com\/fr\/wp-json\/wp\/v2\/posts"}],"about":[{"href":"https:\/\/www.europesays.com\/fr\/wp-json\/wp\/v2\/types\/post"}],"author":[{"embeddable":true,"href":"https:\/\/www.europesays.com\/fr\/wp-json\/wp\/v2\/users\/2"}],"replies":[{"embeddable":true,"href":"https:\/\/www.europesays.com\/fr\/wp-json\/wp\/v2\/comments?post=556224"}],"version-history":[{"count":0,"href":"https:\/\/www.europesays.com\/fr\/wp-json\/wp\/v2\/posts\/556224\/revisions"}],"wp:featuredmedia":[{"embeddable":true,"href":"https:\/\/www.europesays.com\/fr\/wp-json\/wp\/v2\/media\/556225"}],"wp:attachment":[{"href":"https:\/\/www.europesays.com\/fr\/wp-json\/wp\/v2\/media?parent=556224"}],"wp:term":[{"taxonomy":"category","embeddable":true,"href":"https:\/\/www.europesays.com\/fr\/wp-json\/wp\/v2\/categories?post=556224"},{"taxonomy":"post_tag","embeddable":true,"href":"https:\/\/www.europesays.com\/fr\/wp-json\/wp\/v2\/tags?post=556224"}],"curies":[{"name":"wp","href":"https:\/\/api.w.org\/{rel}","templated":true}]}}