{"id":556226,"date":"2025-11-24T21:27:17","date_gmt":"2025-11-24T21:27:17","guid":{"rendered":"https:\/\/www.europesays.com\/fr\/556226\/"},"modified":"2025-11-24T21:27:17","modified_gmt":"2025-11-24T21:27:17","slug":"municipales-2026-a-vezin-le-coquet-aurelie-quemener-apporter-aux-habitants-toute-ma","status":"publish","type":"post","link":"https:\/\/www.europesays.com\/fr\/556226\/","title":{"rendered":"Municipales 2026 \u00e0 Vezin-le-Coquet. Aur\u00e9lie Quemener : \u00ab\u00a0Apporter aux habitants toute ma"},"content":{"rendered":"<p>Aur\u00e9lie Quemener a \u00e9t\u00e9 d\u00e9sign\u00e9e t\u00eate de liste\u00a0de Vezin vivante et solidaire aux \u00e9lections municipales de mars\u00a02026 \u00e0<a href=\"https:\/\/rennes.maville.com\/bretagne\/ille-et-vilaine\/vezin-le-coquet\/\" target=\"_blank\" rel=\"noopener\"> Vezin-le-Coquet<\/a> (<a href=\"https:\/\/www.ouest-france.fr\/bretagne\/ille-et-vilaine\/\" target=\"_blank\" rel=\"noopener\">Ille-et-Vilaine<\/a>). Elle a r\u00e9pondu aux questions de Ouest-France.<\/p>\n<p>Pouvez-vous vous pr\u00e9senter en quelques mots\u00a0?<\/p>\n<p>J\u2019habite la commune depuis quinze\u00a0ans. C\u2019est une ville o\u00f9 je me sens bien, dans laquelle je vois &#8230;<\/p>\n<p>\u00a0<\/p>\n","protected":false},"excerpt":{"rendered":"Aur\u00e9lie Quemener a \u00e9t\u00e9 d\u00e9sign\u00e9e t\u00eate de liste\u00a0de Vezin vivante et solidaire aux \u00e9lections municipales de mars\u00a02026 \u00e0&hellip;\n","protected":false},"author":2,"featured_media":556227,"comment_status":"","ping_status":"","sticky":false,"template":"","format":"standard","meta":{"footnotes":""},"categories":[2821],"tags":[5734,1111,11,43403,67377,829,67379,1777,674,1011,27,4021,3554,12,67378,3086,584,25,15047],"class_list":{"0":"post-556226","1":"post","2":"type-post","3":"status-publish","4":"format-standard","5":"has-post-thumbnail","7":"category-rennes","8":"tag-5734","9":"tag-actu","10":"tag-actualites","11":"tag-apporter","12":"tag-aurelie","13":"tag-bretagne","14":"tag-competence","15":"tag-eu","16":"tag-europe","17":"tag-fr","18":"tag-france","19":"tag-habitants","20":"tag-municipales","21":"tag-news","22":"tag-quemener","23":"tag-redon","24":"tag-rennes","25":"tag-republique-francaise","26":"tag-vezin-le-coquet"},"share_on_mastodon":{"url":"https:\/\/pubeurope.com\/@fr\/115606798057559552","error":""},"_links":{"self":[{"href":"https:\/\/www.europesays.com\/fr\/wp-json\/wp\/v2\/posts\/556226","targetHints":{"allow":["GET"]}}],"collection":[{"href":"https:\/\/www.europesays.com\/fr\/wp-json\/wp\/v2\/posts"}],"about":[{"href":"https:\/\/www.europesays.com\/fr\/wp-json\/wp\/v2\/types\/post"}],"author":[{"embeddable":true,"href":"https:\/\/www.europesays.com\/fr\/wp-json\/wp\/v2\/users\/2"}],"replies":[{"embeddable":true,"href":"https:\/\/www.europesays.com\/fr\/wp-json\/wp\/v2\/comments?post=556226"}],"version-history":[{"count":0,"href":"https:\/\/www.europesays.com\/fr\/wp-json\/wp\/v2\/posts\/556226\/revisions"}],"wp:featuredmedia":[{"embeddable":true,"href":"https:\/\/www.europesays.com\/fr\/wp-json\/wp\/v2\/media\/556227"}],"wp:attachment":[{"href":"https:\/\/www.europesays.com\/fr\/wp-json\/wp\/v2\/media?parent=556226"}],"wp:term":[{"taxonomy":"category","embeddable":true,"href":"https:\/\/www.europesays.com\/fr\/wp-json\/wp\/v2\/categories?post=556226"},{"taxonomy":"post_tag","embeddable":true,"href":"https:\/\/www.europesays.com\/fr\/wp-json\/wp\/v2\/tags?post=556226"}],"curies":[{"name":"wp","href":"https:\/\/api.w.org\/{rel}","templated":true}]}}