{"id":556230,"date":"2025-11-24T21:29:29","date_gmt":"2025-11-24T21:29:29","guid":{"rendered":"https:\/\/www.europesays.com\/fr\/556230\/"},"modified":"2025-11-24T21:29:29","modified_gmt":"2025-11-24T21:29:29","slug":"voici-5-nouveautes-qui-vont-transformer-le-parc-de-lorangerie","status":"publish","type":"post","link":"https:\/\/www.europesays.com\/fr\/556230\/","title":{"rendered":"voici 5 nouveaut\u00e9s qui vont transformer le parc de l\u2019Orangerie"},"content":{"rendered":"<p><b>Le 12 novembre dernier, la Ville de Strasbourg pr\u00e9sentait son plan pour le parc de l\u2019Orangerie \u00e0 l\u2019horizon 2035. L\u2019occasion de faire le point sur quelques nouveaut\u00e9s qui arrivent dans les prochains mois, entre le bowling, de meilleures aires de jeux, des spots o\u00f9 manger et des bancs d\u2019allaitement.<\/b><\/p>\n<p class=\"p1\">Le parc de l\u2019Orangerie a de beaux jours devant lui. <b>Le 12 novembre dernier, la Ville de Strasbourg d\u00e9voilait le plan d\u2019\u00e9volution du parc pour les 10 prochaines ann\u00e9es<\/b>. Un travail r\u00e9alis\u00e9 par les services de la collectivit\u00e9, avec \u00e9galement l\u2019avis des usagers\/\u00e8res du lieu, o\u00f9 1 200 personnes ont rempli un questionnaire.<\/p>\n<p class=\"p1\">Un plan d\u2019\u00e9volution qui repose sur 5 axes : <b>un parc ouvert \u00e0 toutes et tous, qui soit favorable \u00e0 la biodiversit\u00e9, dont il faut valoriser le patrimoine, avec un parcours de visite et de d\u00e9couverte facilit\u00e9, et avec de nouveaux services<\/b>. Pour l\u2019occasion, pas mal de nouveaut\u00e9s arrivent dans les prochains mois, en plus du bowling, qui ouvrira le 5 d\u00e9cembre.<\/p>\n<p>                <a href=\"https:\/\/pokaa.fr\/2025\/11\/16\/strasbourg-voici-la-date-douverture-officielle-du-nouveau-bowling-de-lorangerie\/\" target=\"_blank\" rel=\"noopener\"><br \/>\n                    <img width=\"450\" height=\"270\" src=\"https:\/\/www.europesays.com\/fr\/wp-content\/uploads\/2025\/11\/a1-450x270.jpg\" class=\"attachment-card-horizontal--same-subject size-card-horizontal--same-subject wp-post-image\" alt=\"\" decoding=\"async\" loading=\"lazy\"\/>                <\/a><\/p>\n<p>                <img width=\"667\" height=\"500\" src=\"https:\/\/www.europesays.com\/fr\/wp-content\/uploads\/2025\/11\/img-2632-grande-667x500.jpeg\" class=\"attachment-gallery size-gallery\" alt=\"bowling orangerie travaux\" data-full-url=\"https:\/\/pokaa.fr\/wp-content\/uploads\/2025\/11\/15\/img-2632-grande.jpeg\" decoding=\"async\" loading=\"lazy\"  \/>            <\/p>\n<p>                <img width=\"667\" height=\"500\" src=\"https:\/\/www.europesays.com\/fr\/wp-content\/uploads\/2025\/06\/img-7972-667x500.jpg\" class=\"attachment-gallery size-gallery\" alt=\"orangerie\" data-full-url=\"https:\/\/pokaa.fr\/wp-content\/uploads\/2025\/03\/07\/img-7972.jpg\" decoding=\"async\" loading=\"lazy\"  \/>            <\/p>\n<p>                    1. \u00a9 Nicolas Kaspar \/ Pokaa ; 2. \u00a9 MJ \/ Pokaa<\/p>\n<p>3 bancs d\u2019allaitement pour mars 2026<\/p>\n<p class=\"p4\">Alors que les deux aires de jeux du parc vont \u00eatre am\u00e9lior\u00e9es (on en parle plus bas),<b> celle dite de l\u2019Hippodrome va accueillir du mobilier pas banal : trois bancs d\u2019allaitement, \u00e0 8 400 \u20ac la pi\u00e8ce<\/b>. Dispos\u00e9s \u00e0 trois endroits distincts de l\u2019aire de jeux, ils permettront aux femmes de pouvoir allaiter tranquillement.<\/p>\n<p class=\"p4\"><a href=\"https:\/\/participer.strasbourg.eu\/documents\/2531722\/506460668\/Cartographie+des+bancs.pdf\/6c943b24-fae9-b0b1-a975-1f66a7433757?version=1.0&amp;t=1728650298653\" target=\"_blank\" rel=\"noopener\">Faisant partie du \u00ab\u00a0Plan bancs\u00a0\u00bb de la municipalit\u00e9<\/a>, ils seront des bancs dits \u00ab Largo \u00bb. En format arrondi, ils permettent de \u00ab\u00a0cr\u00e9er un espace d\u2019intimit\u00e9\u00a0\u00bb pour la femme souhaitant allaiter, avec un dossier pour plus de confort.<b> Ces trois bancs devraient \u00eatre install\u00e9s en mars 2026 sous r\u00e9serve de conditions m\u00e9t\u00e9o favorables<\/b>. Avant de se d\u00e9ployer dans toute la ville, et particuli\u00e8rement \u00e0 la Cit\u00e9 Rotterdam (Conseil des XV), mais sous une autre forme.<\/p>\n<p>    <img width=\"800\" height=\"559\" src=\"https:\/\/www.europesays.com\/fr\/wp-content\/uploads\/2025\/11\/capture-decran-2025-11-24-a-152528-800x559.png\" class=\"attachment-image-size-L size-image-size-L\" alt=\"bancs allaitement\" decoding=\"async\" loading=\"lazy\"  \/>         \u00a9 Ville de Strasbourg \/ Capture d&rsquo;\u00e9cran <\/p>\n<p>De meilleures aires de jeux<\/p>\n<p class=\"p6\">Ces bancs d\u2019allaitement ne sont qu\u2019une partie de l\u2019\u00e9volution des deux aires de jeux du parc de l\u2019Orangerie. C\u00f4t\u00e9 aire de l\u2019Hippodrome, <b>il y aura l\u2019implantation de bancs s\u00e9niors, avec une assise un peu plus haute, mais \u00e9galement de nouveaux jeux<\/b>. Enfin, il est pr\u00e9vu d\u2019y planter huit arbres suppl\u00e9mentaires. Le tout, pour une r\u00e9alisation au premier semestre 2026.<\/p>\n<p class=\"p6\">C\u00f4t\u00e9 aire de jeux de l\u2019Arche de l\u2019Orangerie, \u00e0 c\u00f4t\u00e9 de l\u2019ancien zoo, <b>des jeux adapt\u00e9s aux d\u00e9ficiences sensorielles et mentales seront install\u00e9s pour le printemps 2026<\/b>. Dans le m\u00eame temps, il est \u00e9galement pr\u00e9vu de planter 2 nouveaux arbres au sud de l\u2019aire, en plus des plantations r\u00e9centes d\u00e9j\u00e0 effectu\u00e9es.<\/p>\n<p>    <img width=\"800\" height=\"533\" src=\"https:\/\/www.europesays.com\/fr\/wp-content\/uploads\/2025\/11\/parc-orangerie-verdure-vegetal-plantes-nature-80-800x533.jpg\" class=\"attachment-image-size-L size-image-size-L\" alt=\"Parc Orangerie verdure v\u00e9g\u00e9tal plantes nature (80)\" decoding=\"async\" loading=\"lazy\"  \/>         \u00a9 Marie Goehner-David \/ Pokaa <\/p>\n<p>Un nouveau kiosque pour manger<\/p>\n<p class=\"p4\">Cet \u00e9t\u00e9, un des deux kiosques du parc de l\u2019Orangerie avait rouvert. <b>Nomm\u00e9 \u00ab\u00a0La Guinguette\u00a0\u00bb, il servait tartes flamb\u00e9es, bi\u00e8res locales \u00e0 la pression et plus globalement snacks et boissons<\/b>, ravissant les usagers\/\u00e8res du parc.<\/p>\n<p class=\"p4\"><b>Au d\u00e9but du printemps 2026, le deuxi\u00e8me kiosque rouvrira ses portes, sous le nom \u00ab\u00a0Les D\u00e9lices de l\u2019Orangerie\u00a0\u00bb<\/b>. De quoi dynamiser une zone du parc qui a vu la maison de canotage proche des barques \u00eatre compl\u00e8tement r\u00e9nov\u00e9e.<\/p>\n<p>    <img width=\"800\" height=\"533\" src=\"https:\/\/www.europesays.com\/fr\/wp-content\/uploads\/2025\/11\/parc-orangerie-verdure-vegetal-plantes-nature-6-800x533.jpg\" class=\"attachment-image-size-L size-image-size-L\" alt=\"barques Parc Orangerie verdure v\u00e9g\u00e9tal plantes nature (6)\" decoding=\"async\" loading=\"lazy\"  \/>         \u00a9 Marie Goehner-David \/ Pokaa <\/p>\n<p>Un parc p\u00e9dagogique en construction<\/p>\n<p class=\"p1\">\u00c9voqu\u00e9e depuis plusieurs ann\u00e9es, la transformation de l\u2019ancien zoo en centre de soins pour la faune sauvage suit son cours, avec un nouveau nom : \u00ab L\u2019Arche de l\u2019Orangerie \u00bb. D\u2019une part, elle accueillera <b>la Maison d\u2019initiation au comportement animal de l\u2019Orangerie (MICADO) dans l\u2019ancienne mini-ferme, dont les travaux seront termin\u00e9s en f\u00e9vrier 2026<\/b>.<\/p>\n<p class=\"p1\">De l\u2019autre, concernant le centre de soins pour la faune sauvage en lui-m\u00eame, <b>le d\u00e9but des travaux est pr\u00e9vu pour l\u2019\u00e9t\u00e9 2026, avec une ouverture esp\u00e9r\u00e9e en janvier 2028<\/b>.<\/p>\n<p>                <img width=\"623\" height=\"500\" src=\"https:\/\/www.europesays.com\/fr\/wp-content\/uploads\/2025\/11\/capture-decran-2025-11-24-a-152112-623x500.png\" class=\"attachment-gallery size-gallery\" alt=\"arche orangerie\" data-full-url=\"https:\/\/pokaa.fr\/wp-content\/uploads\/2025\/11\/24\/capture-decran-2025-11-24-a-152112.png\" decoding=\"async\" loading=\"lazy\"  \/>            <\/p>\n<p>                <img width=\"625\" height=\"500\" src=\"https:\/\/www.europesays.com\/fr\/wp-content\/uploads\/2025\/11\/capture-decran-2025-11-24-a-152118-625x500.png\" class=\"attachment-gallery size-gallery\" alt=\"arche orangerie\" data-full-url=\"https:\/\/pokaa.fr\/wp-content\/uploads\/2025\/11\/24\/capture-decran-2025-11-24-a-152118.png\" decoding=\"async\" loading=\"lazy\"  \/>            <\/p>\n<p>                <img width=\"538\" height=\"500\" src=\"https:\/\/www.europesays.com\/fr\/wp-content\/uploads\/2025\/11\/capture-decran-2025-11-24-a-152105-538x500.png\" class=\"attachment-gallery size-gallery\" alt=\"arche orangerie\" data-full-url=\"https:\/\/pokaa.fr\/wp-content\/uploads\/2025\/11\/24\/capture-decran-2025-11-24-a-152105.png\" decoding=\"async\" loading=\"lazy\"  \/>            <\/p>\n<p>                    Visuels indicatifs. \u00a9 Scherrer &amp; Boetsch Architectes \/ Documents remis<\/p>\n<p>3 toilettes publiques \u00ab\u00a0plus accessibles\u00a0\u00bb<\/p>\n<p class=\"p1\">On en parle souvent, parce que le probl\u00e8me est r\u00e9el : Strasbourg manque de toilettes publiques. Et l\u2019Orangerie ne fait pas exception : pendant de longs mois, les Strasbourgeois(es) n\u2019avaient quasiment aucun endroit o\u00f9 aller faire pipi. Cela va bient\u00f4t changer, <b>car des toilettes publiques plus accessibles sont pr\u00e9vues dans l\u2019am\u00e9nagement du parc<\/b>.<\/p>\n<p class=\"p1\">D\u00e9j\u00e0, il y a ceux pr\u00e9vus pour le bowling. G\u00e9r\u00e9s par la Ville de Strasbourg, leur acc\u00e8s sera gratuit. <b>Il y a \u00e9galement un autre projet de toilettes en cours d\u2019\u00e9tude au niveau de l\u2019aire de jeux de l\u2019Hippodrome<\/b>. Et m\u00eame si peu d\u2019infos sur le sujet ont filtr\u00e9, ces toilettes ne seront jamais de trop.<\/p>\n","protected":false},"excerpt":{"rendered":"Le 12 novembre dernier, la Ville de Strasbourg pr\u00e9sentait son plan pour le parc de l\u2019Orangerie \u00e0 l\u2019horizon&hellip;\n","protected":false},"author":2,"featured_media":556231,"comment_status":"","ping_status":"","sticky":false,"template":"","format":"standard","meta":{"footnotes":""},"categories":[2820],"tags":[1111,917,11,42373,1777,674,1011,27,775,12,25967,25,640,58524,13917],"class_list":{"0":"post-556230","1":"post","2":"type-post","3":"status-publish","4":"format-standard","5":"has-post-thumbnail","7":"category-strasbourg","8":"tag-actu","9":"tag-actu-locale","10":"tag-actualites","11":"tag-bowling","12":"tag-eu","13":"tag-europe","14":"tag-fr","15":"tag-france","16":"tag-grand-est","17":"tag-news","18":"tag-parc-de-lorangerie","19":"tag-republique-francaise","20":"tag-strasbourg","21":"tag-strasbourg-actualite","22":"tag-toilettes"},"share_on_mastodon":{"url":"https:\/\/pubeurope.com\/@fr\/115606808356527600","error":""},"_links":{"self":[{"href":"https:\/\/www.europesays.com\/fr\/wp-json\/wp\/v2\/posts\/556230","targetHints":{"allow":["GET"]}}],"collection":[{"href":"https:\/\/www.europesays.com\/fr\/wp-json\/wp\/v2\/posts"}],"about":[{"href":"https:\/\/www.europesays.com\/fr\/wp-json\/wp\/v2\/types\/post"}],"author":[{"embeddable":true,"href":"https:\/\/www.europesays.com\/fr\/wp-json\/wp\/v2\/users\/2"}],"replies":[{"embeddable":true,"href":"https:\/\/www.europesays.com\/fr\/wp-json\/wp\/v2\/comments?post=556230"}],"version-history":[{"count":0,"href":"https:\/\/www.europesays.com\/fr\/wp-json\/wp\/v2\/posts\/556230\/revisions"}],"wp:featuredmedia":[{"embeddable":true,"href":"https:\/\/www.europesays.com\/fr\/wp-json\/wp\/v2\/media\/556231"}],"wp:attachment":[{"href":"https:\/\/www.europesays.com\/fr\/wp-json\/wp\/v2\/media?parent=556230"}],"wp:term":[{"taxonomy":"category","embeddable":true,"href":"https:\/\/www.europesays.com\/fr\/wp-json\/wp\/v2\/categories?post=556230"},{"taxonomy":"post_tag","embeddable":true,"href":"https:\/\/www.europesays.com\/fr\/wp-json\/wp\/v2\/tags?post=556230"}],"curies":[{"name":"wp","href":"https:\/\/api.w.org\/{rel}","templated":true}]}}