{"id":556234,"date":"2025-11-24T21:32:12","date_gmt":"2025-11-24T21:32:12","guid":{"rendered":"https:\/\/www.europesays.com\/fr\/556234\/"},"modified":"2025-11-24T21:32:12","modified_gmt":"2025-11-24T21:32:12","slug":"la-principale-dun-college-nicois-giflee-par-un-parent-deleve","status":"publish","type":"post","link":"https:\/\/www.europesays.com\/fr\/556234\/","title":{"rendered":"la principale d\u2019un coll\u00e8ge ni\u00e7ois gifl\u00e9e par un parent d\u2019\u00e9l\u00e8ve"},"content":{"rendered":"<p class=\"fs-5 \">Gifl\u00e9e devant son \u00e9tablissement, la principale du coll\u00e8ge Henri-Matisse, \u00e0 Nice, est en arr\u00eat maladie.<\/p>\n<p class=\"fs-5 \">L\u2019histoire remonte au jeudi 16 octobre 2025. Elle assure la s\u00e9curit\u00e9 de la sortie des \u00e9l\u00e8ves aux abords de l\u2019\u00e9tablissement, quand la m\u00e8re d\u2019un \u00e9l\u00e8ve, au volant de sa voiture, tente de s\u2019imposer, sans laisser la priorit\u00e9 aux \u00e9l\u00e8ves sur le passage pi\u00e9ton.<\/p>\n<p class=\"fs-5 \">La principale de l\u2019\u00e9tablissement lui fait signe de ralentir pour lui expliquer que son comportement n\u2019est pas acceptable.<\/p>\n<p class=\"fs-5 \">C\u2019est alors que la parente d\u2019\u00e9l\u00e8ve s\u2019arr\u00eate \u00e0 sa hauteur, descend de son v\u00e9hicule et lui flanque une gifle en l\u2019insultant.<\/p>\n<p>                                                                                \u00ab Un climat de violence intol\u00e9rable \u00bb<\/p>\n<p class=\"fs-5 \">Le lendemain, les enseignants d\u00e9cident de d\u00e9brayer pendant une heure, en guise de soutien \u00e0 la cheffe d\u2019\u00e9tablissement, mais aussi inquiets quant \u00e0 la mont\u00e9e g\u00e9n\u00e9rale des faits de violences \u00e0 Henri-Matisse, \u00e9tablissement de plus de 1.000 \u00e9l\u00e8ves.<\/p>\n<p class=\"fs-5 \">\u00ab On a mis tous les \u00e9l\u00e8ves dans la cour, on leur a expliqu\u00e9 qu\u2019il y avait un climat de violence intol\u00e9rable, que ce soit dans l\u2019\u00e9tablissement ou aux abords. On voulait qu\u2019ils s\u2019en rendent compte \u00bb, raconte une professeur.<\/p>\n<p class=\"fs-5 \">Ce jour-l\u00e0, la principale ne s\u2019est pas rendue sur son lieu de travail.<\/p>\n<p class=\"fs-5 \">Lors de son retour, une seconde affaire la secoue d\u00e9but novembre, sur les r\u00e9seaux sociaux cette fois : une vid\u00e9o sur laquelle on voit deux jeunes \u00eatre contr\u00f4l\u00e9s devant le coll\u00e8ge, sur laquelle elle appara\u00eet \u00e0 visage d\u00e9couvert, est publi\u00e9e.<\/p>\n<p class=\"fs-5 \">Pour cela, elle a re\u00e7u de nombreuses menaces. Elle a donc \u00e9t\u00e9 mise en arr\u00eat maladie et des investigations internes sont toujours en cours \u00e0 ce sujet.<\/p>\n<p class=\"fs-5 \">Selon nos informations, la principale fait d\u00e9sormais l\u2019objet de ce qui s\u2019apparente \u00e0 une campagne de harc\u00e8lement sur les r\u00e9seaux sociaux, au point d\u2019avoir parfois peur de sortir de chez elle.<\/p>\n<p class=\"fs-5 \">\u00ab On sait que Samuel Paty, ce n\u2019est pas que chez les autres, donc nous sommes un peu anxieux \u00bb, glisse une enseignante.<\/p>\n<p>                                                                                \u00ab Une enqu\u00eate est en cours \u00bb<\/p>\n<p class=\"fs-5 \">Le rectorat indique que \u00ab la protection fonctionnelle (1) a naturellement \u00e9t\u00e9 accord\u00e9e imm\u00e9diatement \u00e0 l\u2019int\u00e9ress\u00e9e \u00bb.<\/p>\n<p class=\"fs-5 \">La rectrice et l\u2019inspecteur d\u2019acad\u00e9mie ont \u00e9galement signal\u00e9 ces faits au procureur de la R\u00e9publique. \u00ab Une enqu\u00eate est en cours \u00bb, pr\u00e9cise le rectorat.<\/p>\n<p class=\"fs-5 \">1. Il s\u2019agit de l\u2019ensemble des mesures de protection que doit mettre en \u0153uvre une collectivit\u00e9 publique \u00e0 l\u2019\u00e9gard de ses agents victimes de menaces ou de violences dans le cadre de leurs fonctions.<\/p>\n","protected":false},"excerpt":{"rendered":"Gifl\u00e9e devant son \u00e9tablissement, la principale du coll\u00e8ge Henri-Matisse, \u00e0 Nice, est en arr\u00eat maladie. L\u2019histoire remonte au&hellip;\n","protected":false},"author":2,"featured_media":556235,"comment_status":"","ping_status":"","sticky":false,"template":"","format":"standard","meta":{"footnotes":""},"categories":[2819],"tags":[1111,11,1777,674,1011,27,12,2401,882,25],"class_list":{"0":"post-556234","1":"post","2":"type-post","3":"status-publish","4":"format-standard","5":"has-post-thumbnail","7":"category-nice","8":"tag-actu","9":"tag-actualites","10":"tag-eu","11":"tag-europe","12":"tag-fr","13":"tag-france","14":"tag-news","15":"tag-nice","16":"tag-provence-alpes-cote-dazur","17":"tag-republique-francaise"},"share_on_mastodon":{"url":"https:\/\/pubeurope.com\/@fr\/115606817675436299","error":""},"_links":{"self":[{"href":"https:\/\/www.europesays.com\/fr\/wp-json\/wp\/v2\/posts\/556234","targetHints":{"allow":["GET"]}}],"collection":[{"href":"https:\/\/www.europesays.com\/fr\/wp-json\/wp\/v2\/posts"}],"about":[{"href":"https:\/\/www.europesays.com\/fr\/wp-json\/wp\/v2\/types\/post"}],"author":[{"embeddable":true,"href":"https:\/\/www.europesays.com\/fr\/wp-json\/wp\/v2\/users\/2"}],"replies":[{"embeddable":true,"href":"https:\/\/www.europesays.com\/fr\/wp-json\/wp\/v2\/comments?post=556234"}],"version-history":[{"count":0,"href":"https:\/\/www.europesays.com\/fr\/wp-json\/wp\/v2\/posts\/556234\/revisions"}],"wp:featuredmedia":[{"embeddable":true,"href":"https:\/\/www.europesays.com\/fr\/wp-json\/wp\/v2\/media\/556235"}],"wp:attachment":[{"href":"https:\/\/www.europesays.com\/fr\/wp-json\/wp\/v2\/media?parent=556234"}],"wp:term":[{"taxonomy":"category","embeddable":true,"href":"https:\/\/www.europesays.com\/fr\/wp-json\/wp\/v2\/categories?post=556234"},{"taxonomy":"post_tag","embeddable":true,"href":"https:\/\/www.europesays.com\/fr\/wp-json\/wp\/v2\/tags?post=556234"}],"curies":[{"name":"wp","href":"https:\/\/api.w.org\/{rel}","templated":true}]}}