{"id":556236,"date":"2025-11-24T21:33:15","date_gmt":"2025-11-24T21:33:15","guid":{"rendered":"https:\/\/www.europesays.com\/fr\/556236\/"},"modified":"2025-11-24T21:33:15","modified_gmt":"2025-11-24T21:33:15","slug":"plaintes-classees-sans-suite-apres-les-soupcons-de-viols-dans-une-ecole-pres-de-nice","status":"publish","type":"post","link":"https:\/\/www.europesays.com\/fr\/556236\/","title":{"rendered":"plaintes class\u00e9es sans suite apr\u00e8s les soup\u00e7ons de viols dans une \u00e9cole pr\u00e8s de Nice"},"content":{"rendered":"<p class=\"fs-5 \">Le procureur de la R\u00e9publique de Grasse, \u00c9ric Camous, a annonc\u00e9, le 24 novembre, le classement sans suite des deux derni\u00e8res plaintes pour viols visant un professeur de l\u2019\u00e9cole maternelle Pasteur du groupe scolaire de la gare \u00e0 Saint-Laurent-du-Var.<\/p>\n<p class=\"fs-5 \">D\u00e9pos\u00e9es les 31 octobre et 6 novembre, ces plaintes faisaient \u00e9tat d\u2019accusations de viols sur deux filles de 4 ans.<\/p>\n<p>            <img src=\"https:\/\/www.europesays.com\/fr\/wp-content\/uploads\/2025\/10\/1761877040_634_0bdb1b8_upload-from-url-1-agg78m2hki0e-data-art-16396069.jpg\"   loading=\"lazy\" decoding=\"async\" alt=\"L\u2019\u00e9cole maternelle Pasteur, situ\u00e9e au sein du groupe scolaire de la gare \u00e0 Saint-Laurent-du-Var. \" class=\"img-fluid position-absolute w-100 object-fit-cover rounded-2\" width=\"600\" height=\"400\"\/><\/p>\n<p class=\"fs-5 \">Deux premi\u00e8res plaintes d\u00e9pos\u00e9es le 1er octobre par les familles de deux gar\u00e7ons de 4 ans avaient \u00e9t\u00e9 class\u00e9es sans suite le 21 octobre.<\/p>\n<p class=\"fs-5 \">Selon le procureur, les investigations ont mis en \u00e9vidence de fortes incoh\u00e9rences dans les d\u00e9clarations recueillies aupr\u00e8s des enfants.<\/p>\n<p>            <img src=\"https:\/\/www.europesays.com\/fr\/wp-content\/uploads\/2025\/11\/2e79fb6_upload-from-url-1-ltgjjzuqrsca-data-art-16547901.jpg\"   loading=\"lazy\" decoding=\"async\" alt=\"La cour de l\u2019\u00e9cole maternelle Pasteur, situ\u00e9e au sein du groupe scolaire de la gare \u00e0 Saint-Laurent-du-Var. Photo Dylan Meiffret \" class=\"img-fluid position-absolute w-100 object-fit-cover rounded-2\" width=\"600\" height=\"400\"\/><\/p>\n<p class=\"fs-5 \">\u00ab Au gr\u00e9 des auditions, les faits se sont r\u00e9v\u00e9l\u00e9s confus et discordants \u00bb<\/p>\n<p class=\"fs-5 \">\u00ab Les \u00e9l\u00e9ments livr\u00e9s par les enfants n\u2019ont jamais \u00e9t\u00e9 spontan\u00e9s et le lieu o\u00f9 ils se seraient produits n\u2019a cess\u00e9 d\u2019\u00e9voluer \u00bb, pr\u00e9cise \u00c9ric Camous. Il ajoute \u00ab qu\u2019au gr\u00e9 des auditions, les faits se sont r\u00e9v\u00e9l\u00e9s confus et discordants \u00bb.<\/p>\n<p class=\"fs-5 \">Les expertises psychologiques auraient par ailleurs mis en lumi\u00e8re \u00ab le risque majeur de confabulation des propos [&#8230;] S\u2019agissant de tr\u00e8s jeunes enfants de 4 ans, cela ne signifie pas une mauvaise intention, mais une r\u00e9ponse donn\u00e9e pour satisfaire le questionnement de l\u2019adulte \u00bb. <\/p>\n<p class=\"fs-5 \">Il n\u2019aurait \u00e9t\u00e9 identifi\u00e9 chez les petits \u00ab aucune manifestation traumatique ou angoiss\u00e9e \u00bb.<\/p>\n<p class=\"fs-5 \">Entendu par les enqu\u00eateurs, le professeur a \u00ab totalement contest\u00e9 les accusations \u00bb.<\/p>\n<p class=\"fs-5 \">\u00c9ric Camous insiste \u00e9galement sur son parcours sans incident, \u00ab dont les comp\u00e9tences ont toujours \u00e9t\u00e9 soulign\u00e9es, notamment quant \u00e0 la qualit\u00e9 des relations \u00e9tablies avec les parents \u00bb.<\/p>\n<p>            <img src=\"https:\/\/www.europesays.com\/fr\/wp-content\/uploads\/2025\/11\/087d199_upload-from-url-1-4lxpibznyhzn-data-art-16504046.jpg\"   loading=\"lazy\" decoding=\"async\" alt=\"L\u2019\u00e9cole maternelle Pasteur, situ\u00e9e au sein du groupe scolaire de la gare \u00e0 Saint-Laurent-du-Var. Photo Dylan Meiffret \" class=\"img-fluid position-absolute w-100 object-fit-cover rounded-2\" width=\"600\" height=\"400\"\/><\/p>\n<p class=\"fs-5 \">Ce classement sans suite \u00ab scandalise \u00bb les deux familles des petites filles.<\/p>\n<p class=\"fs-5 \">\u00ab Comment ma fille de 4 ans peut-elle d\u00e9crire des choses aussi horribles et dire des mots jamais entendus ailleurs ? Balayer la parole d\u2019un enfant si facilement, c\u2019est une honte \u00bb, s\u2019indigne la premi\u00e8re maman.<\/p>\n<p class=\"fs-5 \">La seconde abonde, tr\u00e8s remont\u00e9e : \u00ab J\u2019aurais \u00e9t\u00e9 pr\u00eate \u00e0 entendre que mon enfant d\u00e9forme la r\u00e9alit\u00e9 si l\u2019expertise men\u00e9e par la police avait \u00e9t\u00e9 plus rigoureuse. Comment ma fille pouvait-elle se livrer d\u00e8s la premi\u00e8re rencontre, face \u00e0 ce psychologue, un inconnu ? Il ne conna\u00eet pas la petite, l\u2019interroge dix minutes, et tire des conclusions. Ce n\u2019est pas s\u00e9rieux. \u00bb<\/p>\n<p class=\"fs-5 \">Nouveau \u00ab d\u00e9p\u00f4t d\u2019une plainte avec constitution de partie civile \u00bb<\/p>\n<p class=\"fs-5 \">Estimant la prise en charge \u00ab b\u00e2cl\u00e9e \u00bb, les parents se sont rapproch\u00e9s de l\u2019h\u00f4pital Lenval et de son centre d\u2019\u00e9valuation p\u00e9diatrique du psychotraumatisme.<\/p>\n<p class=\"fs-5 \">\u00ab Mon enfant y a \u00e9t\u00e9 \u00e9cout\u00e9e lors de plusieurs s\u00e9ances par une \u00e9quipe pluridisciplinaire, sp\u00e9cialement form\u00e9e \u00e0 ce type de situation. Il en ressort que ma fille de 4 ans est en d\u00e9pression. Elle va devoir suivre une th\u00e9rapie, car elle a d\u00e9velopp\u00e9 des troubles et ne cesse de faire des cauchemars. \u00bb<\/p>\n<p class=\"fs-5 \">D\u2019ores et d\u00e9j\u00e0, l\u2019une des deux familles \u00ab envisage le d\u00e9p\u00f4t d\u2019une plainte avec constitution de partie civile \u00bb, indique Nathalie Vincent, avocate des parents qui ont d\u00e9pos\u00e9 plainte le 6 novembre.<\/p>\n<p class=\"fs-5 \">Ce sera donc une seconde plainte avec constitution de partie civile, puisque la premi\u00e8re du 22 octobre regroupe les deux familles qui ont vu leurs plaintes class\u00e9es sans suite le 21 octobre.<\/p>\n<p class=\"fs-5 \">\u00c0 la suite de la d\u00e9cision du procureur de la R\u00e9publique de Grasse, l\u2019acad\u00e9mie de Nice indique : \u00ab L\u2019enseignant sera prochainement re\u00e7u par l\u2019inspecteur afin de pr\u00e9parer sa reprise d\u2019activit\u00e9 dans les meilleures conditions. \u00bb <\/p>\n<p class=\"fs-5 \">L\u2019enseignant avait \u00e9t\u00e9 suspendu \u00e0 titre conservatoire du 7 octobre \u00e0 la rentr\u00e9e des vacances de la Toussaint. Puis il a b\u00e9n\u00e9fici\u00e9 d\u2019une autorisation sp\u00e9ciale d\u2019absence \u00e0 partir du 7 novembre.<\/p>\n<p class=\"fs-5 \">Sans pr\u00e9ciser si un retour est envisag\u00e9, l\u2019institution, \u00ab soucieuse de pr\u00e9server la s\u00e9r\u00e9nit\u00e9 des \u00e9l\u00e8ves et des personnels au sein de l\u2019\u00e9cole \u00bb, ne fera pas \u00ab d\u2019autre commentaire \u00bb.<\/p>\n<p>                                                                                Le d\u00e9fenseur des droits saisi<\/p>\n<p class=\"fs-5 \">Les quatre familles qui ont d\u00e9pos\u00e9 plainte et sept autres familles de la classe de moyenne section de l\u2019\u00e9cole maternelle Pasteur de Saint-Laurent-du-Var ont saisi le d\u00e9fenseur des droits pour \u00ab violations graves et syst\u00e9matiques des droits de l\u2019enfant \u00bb.<\/p>\n<p class=\"fs-5 \">\u00ab La situation que nous vivons constitue une violation caract\u00e9ris\u00e9e des droits fondamentaux de nos enfants et r\u00e9v\u00e8le des manquements graves de plusieurs institutions dans le traitement d&rsquo;accusations d&rsquo;agressions sexuelles \u00bb affirment les parents.<\/p>\n<p class=\"fs-5 \">Les onze familles d\u00e9veloppent leur argumentation : \u00ab L&rsquo;\u00c9ducation nationale aurait d\u00fb proposer une affectation provisoire de l&rsquo;enseignant hors contact avec des enfants plus rapidement. (\u2026) Des plaintes \u00e9taient en cours, sans que parfois aucune mesure conservatoire n&rsquo;ait \u00e9t\u00e9 prise envers l\u2019enseignant. (\u2026) Cette enqu\u00eate lacunaire ne r\u00e9pond pas aux exigences de protection de l&rsquo;enfance et constitue un d\u00e9ni de justice. \u00bb<\/p>\n<p class=\"fs-5 \">Ces familles demandent au d\u00e9fenseur des droits \u00ab de rouvrir l\u2019enqu\u00eate judiciaire avec des investigations approfondies \u00bb et \u00ab de diligenter une enqu\u00eate administrative \u00bb.<\/p>\n","protected":false},"excerpt":{"rendered":"Le procureur de la R\u00e9publique de Grasse, \u00c9ric Camous, a annonc\u00e9, le 24 novembre, le classement sans suite&hellip;\n","protected":false},"author":2,"featured_media":556237,"comment_status":"","ping_status":"","sticky":false,"template":"","format":"standard","meta":{"footnotes":""},"categories":[2819],"tags":[1111,11,1777,674,1011,27,12,2401,882,25],"class_list":{"0":"post-556236","1":"post","2":"type-post","3":"status-publish","4":"format-standard","5":"has-post-thumbnail","7":"category-nice","8":"tag-actu","9":"tag-actualites","10":"tag-eu","11":"tag-europe","12":"tag-fr","13":"tag-france","14":"tag-news","15":"tag-nice","16":"tag-provence-alpes-cote-dazur","17":"tag-republique-francaise"},"share_on_mastodon":{"url":"https:\/\/pubeurope.com\/@fr\/115606822312434952","error":""},"_links":{"self":[{"href":"https:\/\/www.europesays.com\/fr\/wp-json\/wp\/v2\/posts\/556236","targetHints":{"allow":["GET"]}}],"collection":[{"href":"https:\/\/www.europesays.com\/fr\/wp-json\/wp\/v2\/posts"}],"about":[{"href":"https:\/\/www.europesays.com\/fr\/wp-json\/wp\/v2\/types\/post"}],"author":[{"embeddable":true,"href":"https:\/\/www.europesays.com\/fr\/wp-json\/wp\/v2\/users\/2"}],"replies":[{"embeddable":true,"href":"https:\/\/www.europesays.com\/fr\/wp-json\/wp\/v2\/comments?post=556236"}],"version-history":[{"count":0,"href":"https:\/\/www.europesays.com\/fr\/wp-json\/wp\/v2\/posts\/556236\/revisions"}],"wp:featuredmedia":[{"embeddable":true,"href":"https:\/\/www.europesays.com\/fr\/wp-json\/wp\/v2\/media\/556237"}],"wp:attachment":[{"href":"https:\/\/www.europesays.com\/fr\/wp-json\/wp\/v2\/media?parent=556236"}],"wp:term":[{"taxonomy":"category","embeddable":true,"href":"https:\/\/www.europesays.com\/fr\/wp-json\/wp\/v2\/categories?post=556236"},{"taxonomy":"post_tag","embeddable":true,"href":"https:\/\/www.europesays.com\/fr\/wp-json\/wp\/v2\/tags?post=556236"}],"curies":[{"name":"wp","href":"https:\/\/api.w.org\/{rel}","templated":true}]}}