{"id":556238,"date":"2025-11-24T21:34:11","date_gmt":"2025-11-24T21:34:11","guid":{"rendered":"https:\/\/www.europesays.com\/fr\/556238\/"},"modified":"2025-11-24T21:34:11","modified_gmt":"2025-11-24T21:34:11","slug":"a-nantes-telemaque-fait-grandir-autrement-les-eleves","status":"publish","type":"post","link":"https:\/\/www.europesays.com\/fr\/556238\/","title":{"rendered":"\u00c0 Nantes, T\u00e9l\u00e9maque fait grandir autrement les \u00e9l\u00e8ves"},"content":{"rendered":"<p>Ils sont des \u00e9l\u00e8ves tout \u00e0 fait comme les autres. \u00c0 une toute petite diff\u00e9rence pr\u00e8s. <a href=\"https:\/\/nantes.maville.com\/actu\/actudet_-education-telemaque-un-accompagnement-bienveillant-pour-collegiens-boursiers-_52716-6577704_actu.Htm\" target=\"_self\" rel=\"noopener\">Comme T\u00e9l\u00e9maque -le nom du dispositif-, fils d\u2019Ulysse et de P\u00e9n\u00e9lope, ces \u00e9l\u00e8ves-l\u00e0 b\u00e9n\u00e9ficient d\u2019un mentor.<\/a> Pour Ayoub, en 3e au coll\u00e8ge Anne-Franck de Saint-Herblain, c\u2019est Fr\u00e9d\u00e9ric Gros, directeur r\u00e9gional TotalEnergies, qui l\u2019accompagne depuis deux ans.<\/p>\n<p>Ils sont cent, dans l\u2019acad\u00e9mie de Nantes, \u00e0 b\u00e9n\u00e9ficier de cet accompagnement personnalis\u00e9 et privil\u00e9gi\u00e9, \u00e0 profiter de cet ascenseur social pour s\u2019\u00e9lever culturellement et intellectuellement. Des \u00e9l\u00e8ves choisis parmi cinq coll\u00e8ges d\u2019\u00e9ducation prioritaire, et accompagn\u00e9s de la 5e \u00e0 la Terminale.<\/p>\n<p>Un vrai plus pour ces \u00e9l\u00e8ves mais aussi pour les mentors, car la relation se construit dans la r\u00e9ciprocit\u00e9.<\/p>\n<p>D\u2019autres univers<\/p>\n<p>Le dispositif a \u00e9t\u00e9 lanc\u00e9 \u00e0 Nantes voil\u00e0 quatre ans. En ouvrant ces \u00e9l\u00e8ves \u00e0 d\u2019autres univers qui ne leur sont pas familiers, il d\u00e9clenche souvent une belle envie d\u2019aller plus loin.<\/p>\n<p>Pour f\u00eater cet anniversaire, le mus\u00e9e d\u2019arts de Nantes ouvre exceptionnellement ses portes \u00e0 la communaut\u00e9 T\u00e9l\u00e9maque le mercredi 26\u00a0novembre.<\/p>\n<p>\u00a0<\/p>\n","protected":false},"excerpt":{"rendered":"Ils sont des \u00e9l\u00e8ves tout \u00e0 fait comme les autres. \u00c0 une toute petite diff\u00e9rence pr\u00e8s. Comme T\u00e9l\u00e9maque&hellip;\n","protected":false},"author":2,"featured_media":556239,"comment_status":"","ping_status":"","sticky":false,"template":"","format":"standard","meta":{"footnotes":""},"categories":[2818],"tags":[1111,11,67381,1121,1777,674,21,1011,27,28987,766,12,2636,25,67380],"class_list":{"0":"post-556238","1":"post","2":"type-post","3":"status-publish","4":"format-standard","5":"has-post-thumbnail","7":"category-nantes","8":"tag-actu","9":"tag-actualites","10":"tag-autrement","11":"tag-eleves","12":"tag-eu","13":"tag-europe","14":"tag-fait","15":"tag-fr","16":"tag-france","17":"tag-grandir","18":"tag-nantes","19":"tag-news","20":"tag-pays-de-la-loire","21":"tag-republique-francaise","22":"tag-telemaque"},"share_on_mastodon":{"url":"https:\/\/pubeurope.com\/@fr\/115606825517637400","error":""},"_links":{"self":[{"href":"https:\/\/www.europesays.com\/fr\/wp-json\/wp\/v2\/posts\/556238","targetHints":{"allow":["GET"]}}],"collection":[{"href":"https:\/\/www.europesays.com\/fr\/wp-json\/wp\/v2\/posts"}],"about":[{"href":"https:\/\/www.europesays.com\/fr\/wp-json\/wp\/v2\/types\/post"}],"author":[{"embeddable":true,"href":"https:\/\/www.europesays.com\/fr\/wp-json\/wp\/v2\/users\/2"}],"replies":[{"embeddable":true,"href":"https:\/\/www.europesays.com\/fr\/wp-json\/wp\/v2\/comments?post=556238"}],"version-history":[{"count":0,"href":"https:\/\/www.europesays.com\/fr\/wp-json\/wp\/v2\/posts\/556238\/revisions"}],"wp:featuredmedia":[{"embeddable":true,"href":"https:\/\/www.europesays.com\/fr\/wp-json\/wp\/v2\/media\/556239"}],"wp:attachment":[{"href":"https:\/\/www.europesays.com\/fr\/wp-json\/wp\/v2\/media?parent=556238"}],"wp:term":[{"taxonomy":"category","embeddable":true,"href":"https:\/\/www.europesays.com\/fr\/wp-json\/wp\/v2\/categories?post=556238"},{"taxonomy":"post_tag","embeddable":true,"href":"https:\/\/www.europesays.com\/fr\/wp-json\/wp\/v2\/tags?post=556238"}],"curies":[{"name":"wp","href":"https:\/\/api.w.org\/{rel}","templated":true}]}}