{"id":556240,"date":"2025-11-24T21:35:18","date_gmt":"2025-11-24T21:35:18","guid":{"rendered":"https:\/\/www.europesays.com\/fr\/556240\/"},"modified":"2025-11-24T21:35:18","modified_gmt":"2025-11-24T21:35:18","slug":"fc-nantes-le-sort-de-luis-castro-serait-scelle","status":"publish","type":"post","link":"https:\/\/www.europesays.com\/fr\/556240\/","title":{"rendered":"FC Nantes : le sort de Luis Castro serait scell\u00e9"},"content":{"rendered":"<p><strong>Waldemar Kita et son fils, Franck, ont fait savoir que Luis Castro \u00e9tait fragilis\u00e9 apr\u00e8s que le FC Nantes n\u2019a pas r\u00e9ussi \u00e0 battre Metz, Le Havre et Lorient. Ce qui n\u2019est jamais bon avec eux\u2026<\/strong><\/p>\n<p>Avant le match face \u00e0 Lorient (1-1) dimanche, J\u00e9r\u00f4me Rothen avait relay\u00e9 l\u2019information d\u2019une source s\u00fbre, qui assurait qu\u2019en cas de d\u00e9faite, Luis Castro serait renvoy\u00e9 du <a href=\"https:\/\/www.butfootballclub.fr\/1630688-fc-nantes-kita-prend-une-decision-forte-elle-ne-concerne-pas-castro\/\" target=\"_blank\" rel=\"noopener\">FC Nantes<\/a>. Les Canaris ne se sont pas inclin\u00e9s mais le match nul n\u2019arrange pas leurs affaires. Surtout qu\u2019ils n\u2019ont \u00e9galis\u00e9 que dans les derniers instants et qu\u2019ils n\u2019ont pas rassur\u00e9 au niveau du jeu. Ils affrontaient trois adversaires directs et ils n\u2019en ont battu aucun (0-2 \u00e0 domicile face \u00e0 Metz, 1-1 au Havre, 1-1 contre Lorient).<\/p>\n<p>Les Kita ont l\u00e2ch\u00e9 Castro<\/p>\n<p>Dans ces conditions, le sort de Luis Castro semble scell\u00e9. Et selon Ouest-France et Emmanuel Merceron, il devrait bien \u00eatre limog\u00e9 sous peu. Le quotidien r\u00e9gional explique que la situation de l\u2019entra\u00eeneur portugais s\u2019est grandement fragilis\u00e9e aux yeux des Kita p\u00e8re et fils. L\u2019insider pr\u00e9cise que quand le propri\u00e9taire et son rejeton laissent fuiter ce genre d\u2019informations aupr\u00e8s des m\u00e9dias, c\u2019est que la d\u00e9cision est d\u00e9j\u00e0 prise. Exit, donc, Luis Castro.<\/p>\n<p>Le FC Nantes, qui doit se d\u00e9placer \u00e0 Lyon, recevoir Lens et aller \u00e0 Angers d\u2019ici la tr\u00eave hivernale, se pr\u00e9pare des semaines agit\u00e9es. Surtout que quelque soit l\u2019entra\u00eeneur qui succ\u00e8dera \u00e0 Luis Castro, sa maintien sera rendue difficile par un effectif dont les limites sautent aux yeux.<\/p>\n","protected":false},"excerpt":{"rendered":"Waldemar Kita et son fils, Franck, ont fait savoir que Luis Castro \u00e9tait fragilis\u00e9 apr\u00e8s que le FC&hellip;\n","protected":false},"author":2,"featured_media":556241,"comment_status":"","ping_status":"","sticky":false,"template":"","format":"standard","meta":{"footnotes":""},"categories":[2818],"tags":[1111,11,448,1777,674,63,1011,27,66,3388,766,12,2636,25,10662],"class_list":{"0":"post-556240","1":"post","2":"type-post","3":"status-publish","4":"format-standard","5":"has-post-thumbnail","7":"category-nantes","8":"tag-actu","9":"tag-actualites","10":"tag-champions-league","11":"tag-eu","12":"tag-europe","13":"tag-football","14":"tag-fr","15":"tag-france","16":"tag-ligue-1","17":"tag-matchs","18":"tag-nantes","19":"tag-news","20":"tag-pays-de-la-loire","21":"tag-republique-francaise","22":"tag-transferts"},"share_on_mastodon":{"url":"https:\/\/pubeurope.com\/@fr\/115606829416651285","error":""},"_links":{"self":[{"href":"https:\/\/www.europesays.com\/fr\/wp-json\/wp\/v2\/posts\/556240","targetHints":{"allow":["GET"]}}],"collection":[{"href":"https:\/\/www.europesays.com\/fr\/wp-json\/wp\/v2\/posts"}],"about":[{"href":"https:\/\/www.europesays.com\/fr\/wp-json\/wp\/v2\/types\/post"}],"author":[{"embeddable":true,"href":"https:\/\/www.europesays.com\/fr\/wp-json\/wp\/v2\/users\/2"}],"replies":[{"embeddable":true,"href":"https:\/\/www.europesays.com\/fr\/wp-json\/wp\/v2\/comments?post=556240"}],"version-history":[{"count":0,"href":"https:\/\/www.europesays.com\/fr\/wp-json\/wp\/v2\/posts\/556240\/revisions"}],"wp:featuredmedia":[{"embeddable":true,"href":"https:\/\/www.europesays.com\/fr\/wp-json\/wp\/v2\/media\/556241"}],"wp:attachment":[{"href":"https:\/\/www.europesays.com\/fr\/wp-json\/wp\/v2\/media?parent=556240"}],"wp:term":[{"taxonomy":"category","embeddable":true,"href":"https:\/\/www.europesays.com\/fr\/wp-json\/wp\/v2\/categories?post=556240"},{"taxonomy":"post_tag","embeddable":true,"href":"https:\/\/www.europesays.com\/fr\/wp-json\/wp\/v2\/tags?post=556240"}],"curies":[{"name":"wp","href":"https:\/\/api.w.org\/{rel}","templated":true}]}}