{"id":556242,"date":"2025-11-24T21:36:35","date_gmt":"2025-11-24T21:36:35","guid":{"rendered":"https:\/\/www.europesays.com\/fr\/556242\/"},"modified":"2025-11-24T21:36:35","modified_gmt":"2025-11-24T21:36:35","slug":"lancien-conseiller-municipal-jacques-respaud-signe-un-ouvrage-inspire-par-lafrique","status":"publish","type":"post","link":"https:\/\/www.europesays.com\/fr\/556242\/","title":{"rendered":"l\u2019ancien conseiller municipal Jacques Respaud signe un ouvrage inspir\u00e9 par l\u2019Afrique"},"content":{"rendered":"<p>Il se dirige ensuite naturellement vers les lieux de vie ordinaire, dans lesquels il d\u00e9couvre des contrastes tr\u00e8s forts\u00a0: \u00ab\u00a0Les touristes sont mis sous cloche et tenus \u00e0 l\u2019\u00e9cart des r\u00e9alit\u00e9s du pays\u00a0\u00bb, t\u00e9moigne-t-il. Il d\u00e9cide alors de d\u00e9noncer la face cach\u00e9e de cette destination de r\u00eave \u00e0 travers son septi\u00e8me ouvrage \u00ab\u00a0Hakuna Matata\u00a0: de Bordeaux \u00e0 Zanzibar\u00a0\u00bb, aux \u00e9ditions Le\u00a0Lys bleu.<\/p>\n<p>\u00c9l\u00e9phants morts<\/p>\n<p>Homme politique et enseignant par le travail, humain par nature, il va partager son v\u00e9cu et son point de vue par le biais de l\u2019\u00e9criture\u00a0: un roman dans lequel il d\u00e9peint la beaut\u00e9 des paysages de l\u2019Afrique \u00e9quatoriale, la magnificence de sa nature\u00a0\u2013\u00a0notamment des \u00e9l\u00e9phants \u2013, sans oublier l\u2019envers du d\u00e9cor.<\/p>\n<p>Une enqu\u00eate pleine d\u2019humanit\u00e9, qui part d\u2019une image sublime\u00a0: celle de deux \u00e9l\u00e9phants allong\u00e9s, entour\u00e9s par le reste du troupeau. La solidarit\u00e9 de ces mammif\u00e8res g\u00e9ants n\u2019est plus \u00e0 d\u00e9montrer. Seulement, voil\u00e0, en d\u00e9pit de la douceur de ce moment, le couple s\u2019interroge\u00a0: que se passe-t-il\u00a0? Le guide l\u2019ignore.<\/p>\n<p>Ce qu\u2019on ne sait pas, ce qu\u2019on ne veut pas voir, ce sont les \u00ab\u00a0cadavres cach\u00e9s dans le placard\u00a0\u00bb. En l\u2019occurrence, ceux de dizaines d\u2019\u00e9l\u00e9phants morts dans des circonstances troublantes. Jacques Respaud emporte avec lui son histoire et la couche sur papier d\u00e8s son retour, dans sa demeure au c\u0153ur de Belcier.<\/p>\n<p>On d\u00e9couvre \u00e0 travers cet ouvrage sa capacit\u00e9 \u00e0 s\u2019\u00e9mouvoir, \u00e0 s\u2019indigner, et l\u2019on comprend les raisons de ses engagements.<\/p>\n","protected":false},"excerpt":{"rendered":"Il se dirige ensuite naturellement vers les lieux de vie ordinaire, dans lesquels il d\u00e9couvre des contrastes tr\u00e8s&hellip;\n","protected":false},"author":2,"featured_media":556243,"comment_status":"","ping_status":"","sticky":false,"template":"","format":"standard","meta":{"footnotes":""},"categories":[2817],"tags":[1111,11,1997,1777,674,1011,27,12,2219,25],"class_list":{"0":"post-556242","1":"post","2":"type-post","3":"status-publish","4":"format-standard","5":"has-post-thumbnail","7":"category-bordeaux","8":"tag-actu","9":"tag-actualites","10":"tag-bordeaux","11":"tag-eu","12":"tag-europe","13":"tag-fr","14":"tag-france","15":"tag-news","16":"tag-nouvelle-aquitaine","17":"tag-republique-francaise"},"share_on_mastodon":{"url":"https:\/\/pubeurope.com\/@fr\/115606833272248118","error":""},"_links":{"self":[{"href":"https:\/\/www.europesays.com\/fr\/wp-json\/wp\/v2\/posts\/556242","targetHints":{"allow":["GET"]}}],"collection":[{"href":"https:\/\/www.europesays.com\/fr\/wp-json\/wp\/v2\/posts"}],"about":[{"href":"https:\/\/www.europesays.com\/fr\/wp-json\/wp\/v2\/types\/post"}],"author":[{"embeddable":true,"href":"https:\/\/www.europesays.com\/fr\/wp-json\/wp\/v2\/users\/2"}],"replies":[{"embeddable":true,"href":"https:\/\/www.europesays.com\/fr\/wp-json\/wp\/v2\/comments?post=556242"}],"version-history":[{"count":0,"href":"https:\/\/www.europesays.com\/fr\/wp-json\/wp\/v2\/posts\/556242\/revisions"}],"wp:featuredmedia":[{"embeddable":true,"href":"https:\/\/www.europesays.com\/fr\/wp-json\/wp\/v2\/media\/556243"}],"wp:attachment":[{"href":"https:\/\/www.europesays.com\/fr\/wp-json\/wp\/v2\/media?parent=556242"}],"wp:term":[{"taxonomy":"category","embeddable":true,"href":"https:\/\/www.europesays.com\/fr\/wp-json\/wp\/v2\/categories?post=556242"},{"taxonomy":"post_tag","embeddable":true,"href":"https:\/\/www.europesays.com\/fr\/wp-json\/wp\/v2\/tags?post=556242"}],"curies":[{"name":"wp","href":"https:\/\/api.w.org\/{rel}","templated":true}]}}