{"id":556244,"date":"2025-11-24T21:38:12","date_gmt":"2025-11-24T21:38:12","guid":{"rendered":"https:\/\/www.europesays.com\/fr\/556244\/"},"modified":"2025-11-24T21:38:12","modified_gmt":"2025-11-24T21:38:12","slug":"a-bordeaux-il-fuit-un-controle-de-police-et-est-interpelle-dans-un-bois-a-saint-loubes","status":"publish","type":"post","link":"https:\/\/www.europesays.com\/fr\/556244\/","title":{"rendered":"\u00c0 Bordeaux, il fuit un contr\u00f4le de police et est interpell\u00e9 dans un bois \u00e0 Saint-Loub\u00e8s"},"content":{"rendered":"<p>Le fuyard parvient \u00e0 distancer les policiers mais est retrouv\u00e9 par un \u00e9quipage de la brigade anticriminalit\u00e9 (BAC). Au volant de la Clio, l\u2019homme se trouve coinc\u00e9 dans une impasse, contre un grillage, et entreprend une marche arri\u00e8re. Il percute le v\u00e9hicule de la BAC et repart \u00e0 toute vitesse en direction de Saint-Loub\u00e8s o\u00f9 il tente de prendre la fuite \u00e0 pied, \u00e0 travers bois.<\/p>\n<p>Rattrap\u00e9 par les policiers, il est interpell\u00e9 avec difficult\u00e9 et plac\u00e9 en garde \u00e0 vue. Il s\u2019agit d\u2019un habitant de Saint-Loub\u00e8s, \u00e2g\u00e9 de 21\u00a0ans, qui conduisait malgr\u00e9 la suspension de son permis et avait consomm\u00e9 des stup\u00e9fiants.<\/p>\n","protected":false},"excerpt":{"rendered":"Le fuyard parvient \u00e0 distancer les policiers mais est retrouv\u00e9 par un \u00e9quipage de la brigade anticriminalit\u00e9 (BAC).&hellip;\n","protected":false},"author":2,"featured_media":556245,"comment_status":"","ping_status":"","sticky":false,"template":"","format":"standard","meta":{"footnotes":""},"categories":[2817],"tags":[1111,11,1997,1777,674,1011,27,12,2219,25],"class_list":{"0":"post-556244","1":"post","2":"type-post","3":"status-publish","4":"format-standard","5":"has-post-thumbnail","7":"category-bordeaux","8":"tag-actu","9":"tag-actualites","10":"tag-bordeaux","11":"tag-eu","12":"tag-europe","13":"tag-fr","14":"tag-france","15":"tag-news","16":"tag-nouvelle-aquitaine","17":"tag-republique-francaise"},"share_on_mastodon":{"url":"https:\/\/pubeurope.com\/@fr\/115606841469381537","error":""},"_links":{"self":[{"href":"https:\/\/www.europesays.com\/fr\/wp-json\/wp\/v2\/posts\/556244","targetHints":{"allow":["GET"]}}],"collection":[{"href":"https:\/\/www.europesays.com\/fr\/wp-json\/wp\/v2\/posts"}],"about":[{"href":"https:\/\/www.europesays.com\/fr\/wp-json\/wp\/v2\/types\/post"}],"author":[{"embeddable":true,"href":"https:\/\/www.europesays.com\/fr\/wp-json\/wp\/v2\/users\/2"}],"replies":[{"embeddable":true,"href":"https:\/\/www.europesays.com\/fr\/wp-json\/wp\/v2\/comments?post=556244"}],"version-history":[{"count":0,"href":"https:\/\/www.europesays.com\/fr\/wp-json\/wp\/v2\/posts\/556244\/revisions"}],"wp:featuredmedia":[{"embeddable":true,"href":"https:\/\/www.europesays.com\/fr\/wp-json\/wp\/v2\/media\/556245"}],"wp:attachment":[{"href":"https:\/\/www.europesays.com\/fr\/wp-json\/wp\/v2\/media?parent=556244"}],"wp:term":[{"taxonomy":"category","embeddable":true,"href":"https:\/\/www.europesays.com\/fr\/wp-json\/wp\/v2\/categories?post=556244"},{"taxonomy":"post_tag","embeddable":true,"href":"https:\/\/www.europesays.com\/fr\/wp-json\/wp\/v2\/tags?post=556244"}],"curies":[{"name":"wp","href":"https:\/\/api.w.org\/{rel}","templated":true}]}}