{"id":556249,"date":"2025-11-24T21:41:26","date_gmt":"2025-11-24T21:41:26","guid":{"rendered":"https:\/\/www.europesays.com\/fr\/556249\/"},"modified":"2025-11-24T21:41:26","modified_gmt":"2025-11-24T21:41:26","slug":"les-nuits-des-arts-lumineux-2025-2026","status":"publish","type":"post","link":"https:\/\/www.europesays.com\/fr\/556249\/","title":{"rendered":"Les Nuits des Arts lumineux 2025-2026"},"content":{"rendered":"<p class=\"introduction\">Plongez dans la f\u00e9erie nocturne de Roubaix et red\u00e9couvrez le patrimoine roubaisien sous une lumi\u00e8re nouvelle et po\u00e9tique. Du 11 d\u00e9cembre 2025 au 26 avril 2026, durant 20 weekends d\u2019illumination, le Parcours Lumi\u00e8re invite les visiteurs \u00e0 explorer la ville \u00e0 la nuit tomb\u00e9e, dans une ambiance artistique unique.<\/p>\n<p>Une parcours enchanteur et gratuit<\/p>\n<p>Chaque ann\u00e9e, \u00e0 l\u2019approche de l\u2019hiver, Roubaix s\u2019illumine pour offrir un parcours artistique accessible \u00e0 tous, gratuit et riche en d\u00e9couvertes. Des oeuvres lumineuses, interactives et inspir\u00e9es des sp\u00e9cificit\u00e9s culturelles et architecturales de Roubaix viennent sublimer les fa\u00e7ades, monuments, et places embl\u00e9matiques de la ville.<\/p>\n<p>Chaque oeuvre apporte une touche d\u2019\u00e9merveillement et de po\u00e9sie, transformant l\u2019espace urbain en un v\u00e9ritable mus\u00e9e \u00e0 ciel ouvert.<\/p>\n<p>Les nouveaut\u00e9s de cette 3e saison lumi\u00e8re<\/p>\n<p>Cette saison propose une s\u00e9rie d\u2019installations incontournables, de cr\u00e9ations originales et de collaborations d\u2019artistes renomm\u00e9s. Voici les temps forts de cette \u00e9dition :<\/p>\n<ul>\n<li><strong>Aux Sources de l\u2019Art D\u00e9co \u2013 Mus\u00e9e La Piscine<\/strong> : Une cr\u00e9ation de Camille Gross et Olivier Magermans qui revisite l\u2019histoire artistique roubaisienne, de la Belle \u00c9poque jusqu\u2019\u00e0 l\u2019\u00e8re contemporaine. Dur\u00e9e 10 min<\/li>\n<li><strong>De la Plante au Tissu \u2013 ENSAIT<\/strong> : Cette oeuvre en relief \u00e9voque les plantes bio-sourc\u00e9es utilis\u00e9es dans le textile, int\u00e9grant ainsi l\u2019histoire de l\u2019industrie textile de Roubaix.<\/li>\n<li><strong>M. Chat \u2013 Rue du G\u00e9n\u00e9ral Sarrail<\/strong> : L\u2019artiste Thoma Vuille, alias Monsieur Chat, anime son c\u00e9l\u00e8bre f\u00e9lin jaune gr\u00e2ce au studio Holymage, pour une fresque pleine de r\u00e9f\u00e9rences roubaisiennes.<\/li>\n<li><strong>\u00c9glise Saint-Martin : \u00ab Reflet \u00bb<\/strong>, vid\u00e9o-mapping, con\u00e7u par des \u00e9tudiants roubaisiens d\u2019ARTfx, de l\u2019ESAAT et Piktura, qui revisite les d\u00e9tails de cette architecture historique. Dur\u00e9e 10 min.<\/li>\n<li><strong>Sur le Fil et le Point \u2013 H\u00f4tel de ville, Grand\u2019Place<\/strong> : Yann Nguema livre un po\u00e8me visuel et sonore autour de l\u2019imaginaire textile, avec une bande sonore de Zero gravity. Dur\u00e9e 10 min.<\/li>\n<li><strong>Trames \u2013 Archives nationales du monde du travail<\/strong> : Sur la fa\u00e7ade des Archives, l\u2019artiste Bruno Ribeiro d\u00e9voile Trames. Inspir\u00e9 par l\u2019histoire et les archives du b\u00e2timent, Trames explore le lien entre m\u00e9moire et progr\u00e8s technologique \u00e0 travers une projection monumentale. En trois actes, il offre une vision \u00e9mouvante et inspirante de ce lieu embl\u00e9matique de Roubaix, m\u00ealant cr\u00e9ativit\u00e9 visuelle et r\u00e9flexion sur l\u2019impact de la technologie sur notre soci\u00e9t\u00e9. Dur\u00e9e 8 min.<\/li>\n<li><strong>Blooming Mind \u2013 Salle Watremez<\/strong> : Blooming Mind, sign\u00e9e par l\u2019artiste J\u00e9sus s.Baptista,. Le photographe, vid\u00e9aste et plasticien, J\u00e9sus s.Baptista, livre l\u00e0 une vision de fragmentation du r\u00e9el et de dissolution de l\u2019espace physique issues d\u2019une exp\u00e9rience personnelle. Dur\u00e9e 4 min.<\/li>\n<\/ul>\n<p>Chaque mapping est diffus\u00e9 en boucle tout au long de la plage horaire indiqu\u00e9e, vous permettant de les d\u00e9couvrir \u00e0 votre rythme.<\/p>\n<p>Dates et horaires des projections :<\/p>\n<p>Les Nuits des Arts Lumineux ont lieu tous les jeudis, vendredis, et samedis avec des horaires ajust\u00e9s au fil de la saison pour s\u2019adapter \u00e0 la tomb\u00e9e de la nuit.<\/p>\n<p>du 11 D\u00e9cembre au 06 Janvier 17h30 \u2013 22h<br \/>du 07 au 26 Janvier 18h \u2013 22h<br \/>du 27 Janvier au 12 F\u00e9vrier 18h30 \u2013 22h<br \/>du 13 F\u00e9vrier au 01 Mars 19h \u2013 22h<br \/>du 02 au 19 Mars 19h30 \u2013 22h<br \/>du 20 Mars au 29 Mars 20h \u2013 22h<br \/>du 30 Mars au 07 Avril (heure d\u2019\u00e9t\u00e9) 21h \u2013 0h<br \/>du 08 Avril au 26 Avril 21h30 \u2013 0hUn parcours enrichi d\u2019oeuvres p\u00e9rennes<\/p>\n<p>Le Parcours Lumi\u00e8re met \u00e9galement en valeur des lieux embl\u00e9matiques de Roubaix avec des installations permanentes : la chemin\u00e9e du parc de la Teinturerie, le clocher de l\u2019\u00e9glise Saint-Joseph, l\u2019Hospice Barbieux, et bien d\u2019autres. Ces points lumineux offrent un rep\u00e8re aux promeneurs, rendant la ville encore plus vivante et accueillante \u00e0 la tomb\u00e9e de la nuit. On vous souhaite une balade riche en d\u00e9couvertes et en moments de partage \u00e0 Roubaix. Rejoignez-nous et vivez des exp\u00e9riences inoubliables !<\/p>\n","protected":false},"excerpt":{"rendered":"Plongez dans la f\u00e9erie nocturne de Roubaix et red\u00e9couvrez le patrimoine roubaisien sous une lumi\u00e8re nouvelle et po\u00e9tique.&hellip;\n","protected":false},"author":2,"featured_media":556250,"comment_status":"","ping_status":"","sticky":false,"template":"","format":"standard","meta":{"footnotes":""},"categories":[2815],"tags":[1111,11,1063,1777,674,1011,27,811,1307,12,15830,65896,14533,25],"class_list":{"0":"post-556249","1":"post","2":"type-post","3":"status-publish","4":"format-standard","5":"has-post-thumbnail","7":"category-lille","8":"tag-actu","9":"tag-actualites","10":"tag-animations","11":"tag-eu","12":"tag-europe","13":"tag-fr","14":"tag-france","15":"tag-hauts-de-france","16":"tag-lille","17":"tag-news","18":"tag-noel","19":"tag-noel-2025","20":"tag-nuits-des-arts-lumineux","21":"tag-republique-francaise"},"share_on_mastodon":{"url":"https:\/\/pubeurope.com\/@fr\/115606853010241720","error":""},"_links":{"self":[{"href":"https:\/\/www.europesays.com\/fr\/wp-json\/wp\/v2\/posts\/556249","targetHints":{"allow":["GET"]}}],"collection":[{"href":"https:\/\/www.europesays.com\/fr\/wp-json\/wp\/v2\/posts"}],"about":[{"href":"https:\/\/www.europesays.com\/fr\/wp-json\/wp\/v2\/types\/post"}],"author":[{"embeddable":true,"href":"https:\/\/www.europesays.com\/fr\/wp-json\/wp\/v2\/users\/2"}],"replies":[{"embeddable":true,"href":"https:\/\/www.europesays.com\/fr\/wp-json\/wp\/v2\/comments?post=556249"}],"version-history":[{"count":0,"href":"https:\/\/www.europesays.com\/fr\/wp-json\/wp\/v2\/posts\/556249\/revisions"}],"wp:featuredmedia":[{"embeddable":true,"href":"https:\/\/www.europesays.com\/fr\/wp-json\/wp\/v2\/media\/556250"}],"wp:attachment":[{"href":"https:\/\/www.europesays.com\/fr\/wp-json\/wp\/v2\/media?parent=556249"}],"wp:term":[{"taxonomy":"category","embeddable":true,"href":"https:\/\/www.europesays.com\/fr\/wp-json\/wp\/v2\/categories?post=556249"},{"taxonomy":"post_tag","embeddable":true,"href":"https:\/\/www.europesays.com\/fr\/wp-json\/wp\/v2\/tags?post=556249"}],"curies":[{"name":"wp","href":"https:\/\/api.w.org\/{rel}","templated":true}]}}