{"id":556252,"date":"2025-11-24T21:43:12","date_gmt":"2025-11-24T21:43:12","guid":{"rendered":"https:\/\/www.europesays.com\/fr\/556252\/"},"modified":"2025-11-24T21:43:12","modified_gmt":"2025-11-24T21:43:12","slug":"marseille-linstitut-paoli-calmettes-fete-son-centenaire-sous-le-signe-de-la-recherche-et-de-la-prevention","status":"publish","type":"post","link":"https:\/\/www.europesays.com\/fr\/556252\/","title":{"rendered":"Marseille. L\u2019Institut Paoli-Calmettes f\u00eate son centenaire sous le signe de la recherche et de la pr\u00e9vention"},"content":{"rendered":"<p>L\u2019Institut Paoli-Calmettes (IPC), centre r\u00e9gional de r\u00e9f\u00e9rence dans la lutte contre le cancer, a c\u00e9l\u00e9br\u00e9 ses 100 ans d\u2019existence lors d\u2019une c\u00e9r\u00e9monie officielle pr\u00e9sid\u00e9e par Renaud Muselier, pr\u00e9sident de la R\u00e9gion Provence-Alpes-C\u00f4te d\u2019Azur. L\u2019\u00e9v\u00e9nement s\u2019est tenu en pr\u00e9sence notamment de Simon Babre, pr\u00e9fet du Var et pr\u00e9sident du conseil d\u2019administration de l\u2019IPC, de Sylvain Di Giovanni, conseiller d\u00e9partemental d\u00e9l\u00e9gu\u00e9 \u00e0 la sant\u00e9 et repr\u00e9sentant Martine Vassal, ainsi que de Caroline Chassin, directrice g\u00e9n\u00e9rale adjointe de l\u2019institut.<br \/>\n<img fetchpriority=\"high\" decoding=\"async\" class=\"size-large wp-image-111031\" src=\"https:\/\/www.europesays.com\/fr\/wp-content\/uploads\/2025\/11\/Claude-ALMODOVAR-1024x683.jpg\" alt=\"Destimed Claude ALMODOVAR\" width=\"1024\" height=\"683\"  \/>L\u2019Institut Paoli-Calmettes f\u00eate son centenaire \u00a9 Claude Almodovar<\/p>\n<p data-start=\"847\" data-end=\"1427\">Dans un discours ax\u00e9 sur la m\u00e9moire, l\u2019engagement humain et l\u2019ambition scientifique, Renaud Muselier a rappel\u00e9 la trajectoire singuli\u00e8re de l\u2019IPC, intimement li\u00e9e \u00e0 l\u2019histoire de la canc\u00e9rologie en France. Il a rendu hommage aux figures fondatrices qui ont fa\u00e7onn\u00e9 l\u2019\u00e9tablissement : le g\u00e9n\u00e9ral de Gaulle, qui a officialis\u00e9 en 1948 le statut des centres anticanc\u00e9reux, le professeur Jean Paoli, dirigeant de l\u2019institut de 1952 \u00e0 1970 et \u00e0 l\u2019origine de son implantation \u00e0 Sainte-Marguerite, et Ir\u00e8ne Calmettes, infirmi\u00e8re engag\u00e9e d\u00e8s 1927 dans le traitement des cancers \u00e0 Marseille.<\/p>\n<p>Un institut au c\u0153ur de la prise en charge r\u00e9gionale<\/p>\n<p data-start=\"1485\" data-end=\"2044\">Cent ans apr\u00e8s sa cr\u00e9ation, l\u2019Institut Paoli-Calmettes demeure un pilier hospitalo-universitaire majeur. L\u2019\u00e9tablissement s\u2019appuie aujourd\u2019hui sur cinq b\u00e2timents, un budget annuel de 370 millions d\u2019euros, et b\u00e9n\u00e9ficie d\u2019une reconnaissance europ\u00e9enne depuis 2019. Chaque ann\u00e9e, il accueille 12 000 nouveaux patients et r\u00e9alise plus de 100 000 consultations. L\u2019IPC dispose de 277 lits, 12 salles op\u00e9ratoires, 4 acc\u00e9l\u00e9rateurs de radioth\u00e9rapie et 2 robots chirurgicaux, mobilis\u00e9s par 2 144 salari\u00e9s, dont 397 praticiens. Pour Renaud Muselier, ces chiffres traduisent l\u2019importance strat\u00e9gique de l\u2019institution : \u00ab un fleuron du territoire \u00bb et une r\u00e9f\u00e9rence m\u00e9dicale et scientifique nationale.<\/p>\n<p>Une r\u00e9gion confront\u00e9e \u00e0 un lourd fardeau sanitaire<\/p>\n<p data-start=\"2274\" data-end=\"2771\">Le pr\u00e9sident de R\u00e9gion a \u00e9galement dress\u00e9 un constat pr\u00e9occupant sur la situation sanitaire en Provence-Alpes-C\u00f4te d\u2019Azur. 12 000 personnes y d\u00e9c\u00e8dent chaque ann\u00e9e d\u2019un cancer, soit 27 % des d\u00e9c\u00e8s sur le territoire. Chez les femmes, la r\u00e9gion affiche l\u2019incidence la plus \u00e9lev\u00e9e de France. Les causes identifi\u00e9es sont multiples : tabagisme, consommation d\u2019alcool, mais aussi retards de d\u00e9pistage \u2014 \u00e9valu\u00e9s \u00e0 10 points de retard pour le cancer du sein et 4 points pour le colorectal. Un diagnostic sans d\u00e9tour, destin\u00e9 \u00e0 justifier une politique publique renforc\u00e9e sur la pr\u00e9vention et l\u2019\u00e9galit\u00e9 d\u2019acc\u00e8s aux soins.<\/p>\n<p>Le pari r\u00e9gional : recherche mondiale et d\u00e9pistage de proximit\u00e9<\/p>\n<p data-start=\"2972\" data-end=\"3342\">Face \u00e0 ces enjeux, la R\u00e9gion Sud a engag\u00e9 depuis plusieurs ann\u00e9es une strat\u00e9gie structur\u00e9e. D\u00e8s 2017, elle lan\u00e7ait le premier Plan Cancer R\u00e9gional, initiative alors unique en France, soutenue par un investissement de 28M\u20ac. Depuis 2022, un second plan est entr\u00e9 en vigueur, dot\u00e9 de 40M\u20ac et articul\u00e9 autour de quatre priorit\u00e9s : faire de la R\u00e9gion Sud un p\u00f4le de recherche mondial; acc\u00e9l\u00e9rer l\u2019innovation et le d\u00e9veloppement \u00e9conomique; renforcer pr\u00e9vention et d\u00e9pistage.; soutenir soignants et malades.<\/p>\n<p data-start=\"3536\" data-end=\"3963\">Plusieurs projets concrets ont \u00e9t\u00e9 annonc\u00e9s ou confirm\u00e9s lors de la c\u00e9r\u00e9monie. Parmi eux, le Mammobile, unit\u00e9 mobile de mammographie destin\u00e9e \u00e0 atteindre les zones recul\u00e9es, port\u00e9e avec l\u2019Institut Sainte-Catherine et le Centre Antoine Lacassagne. Autre initiative phare : le programme Interception, visant \u00e0 accompagner les publics vuln\u00e9rables par un suivi personnalis\u00e9 m\u00ealant diagnostics, ateliers sant\u00e9 et pr\u00e9vention.<\/p>\n<p>L\u2019IPC, moteur d\u2019une recherche de pointe<\/p>\n<p data-start=\"4009\" data-end=\"4430\">La recherche reste l\u2019axe central de la strat\u00e9gie r\u00e9gionale. L\u2019IPC est reconnu mondialement, notamment dans la lutte contre le cancer du pancr\u00e9as. Sa collaboration avec le Centre de Recherche en Canc\u00e9rologie de Marseille -f\u00e9d\u00e9rant 23 \u00e9quipes et 14 plateformes scientifiques-\u00a0 va se renforcer avec l\u2019ouverture prochaine du b\u00e2timent Fight Cancer, cofinanc\u00e9 par la R\u00e9gion \u00e0 hauteur de 3M\u20ac.<\/p>\n<p data-start=\"4432\" data-end=\"4673\">\u00c0 proximit\u00e9 du site actuel, un centre d\u2019excellence international doit voir le jour pour travailler sur les cancers de mauvais pronostic, int\u00e9grer l\u2019intelligence artificielle au diagnostic et acc\u00e9l\u00e9rer le d\u00e9veloppement de nouvelles th\u00e9rapies. Au total, plus de 16 M\u20ac\u00a0ont d\u00e9j\u00e0 \u00e9t\u00e9 investis par la R\u00e9gion en soutien direct \u00e0 la canc\u00e9rologie et \u00e0 l\u2019IPC : programme Cancer 21, structuration du Canc\u00e9rop\u00f4le, extension du centre de recherche, cr\u00e9ation d\u2019unit\u00e9s d\u2019innovation th\u00e9rapeutique, acquisition d\u2019un acc\u00e9l\u00e9rateur IRM, r\u00e9novation d\u2019h\u00e9bergements pour patients, et financement europ\u00e9en FEDER de l\u2019\u201centrep\u00f4t de donn\u00e9es de sant\u00e9\u201d d\u00e9di\u00e9 \u00e0 la recherche.<\/p>\n<p>\u00ab Donner \u00e0 la science les moyens de gagner \u00bb<\/p>\n<p data-start=\"5151\" data-end=\"5526\">En conclusion, Renaud Muselier a insist\u00e9 sur la dynamique collective qui unit l\u2019IPC, les chercheurs, les soignants et les institutions publiques. Pour lui, l\u2019Institut Paoli-Calmettes incarne un lieu o\u00f9 \u00ab la recherche contre le cancer avance le plus vite \u00bb, au service d\u2019un double imp\u00e9ratif : permettre \u00e0 la science de progresser, et donner aux patients des raisons d\u2019esp\u00e9rer.<\/p>\n<p data-start=\"5151\" data-end=\"5526\"><strong>La r\u00e9daction<\/strong><\/p>\n","protected":false},"excerpt":{"rendered":"L\u2019Institut Paoli-Calmettes (IPC), centre r\u00e9gional de r\u00e9f\u00e9rence dans la lutte contre le cancer, a c\u00e9l\u00e9br\u00e9 ses 100 ans&hellip;\n","protected":false},"author":2,"featured_media":556253,"comment_status":"","ping_status":"","sticky":false,"template":"","format":"standard","meta":{"footnotes":""},"categories":[2814],"tags":[1111,11,1777,674,1011,27,884,12,882,25],"class_list":{"0":"post-556252","1":"post","2":"type-post","3":"status-publish","4":"format-standard","5":"has-post-thumbnail","7":"category-marseille","8":"tag-actu","9":"tag-actualites","10":"tag-eu","11":"tag-europe","12":"tag-fr","13":"tag-france","14":"tag-marseille","15":"tag-news","16":"tag-provence-alpes-cote-dazur","17":"tag-republique-francaise"},"share_on_mastodon":{"url":"https:\/\/pubeurope.com\/@fr\/115606862445432804","error":""},"_links":{"self":[{"href":"https:\/\/www.europesays.com\/fr\/wp-json\/wp\/v2\/posts\/556252","targetHints":{"allow":["GET"]}}],"collection":[{"href":"https:\/\/www.europesays.com\/fr\/wp-json\/wp\/v2\/posts"}],"about":[{"href":"https:\/\/www.europesays.com\/fr\/wp-json\/wp\/v2\/types\/post"}],"author":[{"embeddable":true,"href":"https:\/\/www.europesays.com\/fr\/wp-json\/wp\/v2\/users\/2"}],"replies":[{"embeddable":true,"href":"https:\/\/www.europesays.com\/fr\/wp-json\/wp\/v2\/comments?post=556252"}],"version-history":[{"count":0,"href":"https:\/\/www.europesays.com\/fr\/wp-json\/wp\/v2\/posts\/556252\/revisions"}],"wp:featuredmedia":[{"embeddable":true,"href":"https:\/\/www.europesays.com\/fr\/wp-json\/wp\/v2\/media\/556253"}],"wp:attachment":[{"href":"https:\/\/www.europesays.com\/fr\/wp-json\/wp\/v2\/media?parent=556252"}],"wp:term":[{"taxonomy":"category","embeddable":true,"href":"https:\/\/www.europesays.com\/fr\/wp-json\/wp\/v2\/categories?post=556252"},{"taxonomy":"post_tag","embeddable":true,"href":"https:\/\/www.europesays.com\/fr\/wp-json\/wp\/v2\/tags?post=556252"}],"curies":[{"name":"wp","href":"https:\/\/api.w.org\/{rel}","templated":true}]}}