{"id":556256,"date":"2025-11-24T21:45:18","date_gmt":"2025-11-24T21:45:18","guid":{"rendered":"https:\/\/www.europesays.com\/fr\/556256\/"},"modified":"2025-11-24T21:45:18","modified_gmt":"2025-11-24T21:45:18","slug":"gregory-doucet-met-la-pression-sur-jean-michel-aulas-et-reclame-un-debat-avant-les-fetes","status":"publish","type":"post","link":"https:\/\/www.europesays.com\/fr\/556256\/","title":{"rendered":"Gr\u00e9gory Doucet met la pression sur\u00a0Jean-Michel\u00a0Aulas et r\u00e9clame un d\u00e9bat avant les f\u00eates"},"content":{"rendered":"<p>Apr\u00e8s une <a href=\"https:\/\/www.lyonmag.com\/article\/148394\/municipales-a-lyon-la-victoire-facile-de-jean-michel-aulas-confirmee-par-un-nouveau-sondage\" target=\"_blank\" rel=\"noopener\">troisi\u00e8me enqu\u00eate d\u2019opinion<\/a> confirmant un rapport de force tr\u00e8s favorable \u00e0 <a href=\"https:\/\/www.lyonmag.com\/profil-personnalite-lyonnaise\/8\/jean-michel-aulas\" target=\"_blank\" rel=\"noopener\">Jean-Michel Aulas<\/a>, 47% au premier tour, et 61 % au second face \u00e0 Gr\u00e9gory Doucet, l&rsquo;\u00e9quipe de campagne du maire sortant tente de reprendre la main. Dans un communiqu\u00e9 publi\u00e9 ce lundi 24 novembre, l\u2019\u00e9quipe de la Gauche et des \u00c9cologistes accuse le candidat de C\u0153ur Lyonnais et plusieurs de ses soutiens d\u2019entretenir\u00a0\u00ab\u00a0un climat de campagne inutilement pol\u00e9mique.\u00a0\u00bb<\/p>\n<p>Le texte liste une s\u00e9rie d\u2019exemples, citant notamment \u00ab\u00a0l\u2019information infond\u00e9e selon laquelle La Grande \u00c9coute [&#8230;] \u00e9tait pay\u00e9e par la Ville de Lyon\u00a0\u00bb, ou encore \u00ab\u00a0l\u2019information infond\u00e9e selon laquelle les &lsquo;ap\u00e9ritifs citoyens&rsquo; [&#8230;] \u00e9taient financ\u00e9s par la Ville de Lyon.\u00a0\u00bb Sont \u00e9galement vis\u00e9es des rumeurs relay\u00e9es \u00ab\u00a0au conditionnel\u00a0\u00bb \u00e0 propos de \u00ab\u00a0la\u00a0&lsquo;disparition&rsquo; d\u2019une flotte de v\u00e9los\u00a0\u00bb, d\u00e9menties selon le communiqu\u00e9 \u00ab\u00a0par le Directeur G\u00e9n\u00e9ral des Services de la Ville de Lyon.\u00a0\u00bb<\/p>\n<p><strong>\u00ab\u00a0Les \u00e9lecteurs et les \u00e9lectrices m\u00e9ritent mieux\u00a0\u00bb<\/strong><\/p>\n<p>L\u2019\u00e9quipe de campagne revient aussi sur les tensions autour des sondages : \u00ab\u00a0Lorsque Thomas Dossus, S\u00e9nateur du Rh\u00f4ne, a point\u00e9 preuve \u00e0 l\u2019appui le soup\u00e7on de financement de deux sondages par la holding Holnest, Jean-Michel Aulas choisit de le mettre en demeure par courrier d\u2019avocats,\u00a0\u00bb rappelle le communiqu\u00e9, ajoutant que \u00ab\u00a0lorsque Rue89 a enqu\u00eat\u00e9 sur les liens entre les Aulas et les paradis fiscaux, Jean-Michel Aulas a choisi de poursuivre le m\u00e9dia en justice.\u00a0\u00bb<\/p>\n<p>Pour <a href=\"https:\/\/www.lyonmag.com\/profil-personnalite-lyonnaise\/577\/laurent-bosetti\" target=\"_blank\" rel=\"noopener\">Laurent Bosetti<\/a>, adjoint au maire de Lyon et membre de la campagne \u00e9cologiste, \u00ab\u00a0Les m\u00e9thodes de campagne de Jean-Michel Aulas, de ses soutiens et de ses \u00e9quipes ne sont pas \u00e0 la hauteur de la campagne \u00e0 laquelle les Lyonnais et Lyonnaises aspirent. Plusieurs m\u00e9dias locaux ont invit\u00e9 les candidats au d\u00e9bat public. Il est regrettable que Jean-Michel Aulas le repousse.\u00a0\u00bb<\/p>\n<p>Un message qui intervient alors que le camp Doucet cherche \u00e0 r\u00e9duire un \u00e9cart qui, sondage apr\u00e8s sondage, semble se consolider. Le texte insiste : \u00ab\u00a0Les \u00e9lecteurs et les \u00e9lectrices m\u00e9ritent mieux. Ni Gr\u00e9gory Doucet ni sa liste d\u2019union ne craignent le d\u00e9bat public.\u00a0\u00bb Le maire sortant \u00ab\u00a0appelle \u00e0 une campagne digne\u00a0\u00bb et invite Jean-Michel Aulas \u00e0 un \u00e9change \u00ab\u00a0publiquement avant les f\u00eates de fin d\u2019ann\u00e9e.\u00a0\u00bb<\/p>\n<p>Une mani\u00e8re, \u00e0 d\u00e9faut de renverser la dynamique, d\u2019accentuer la pression sur un adversaire jusqu\u2019ici peu enclin \u00e0 s\u2019afficher face \u00e0 lui.<\/p>\n<p>Mais selon BFM Lyon, Jean-Michel Aulas compte d\u00e9cliner l&rsquo;invitation. \u00ab\u00a0Le temps est aujourd\u2019hui au dialogue et aux \u00e9changes avec les Lyonnais, qui connaissent les propositions de Jean-Michel Aulas.\u00a0Le moment du d\u00e9bat arrivera apr\u00e8s le d\u00e9p\u00f4t officiel des listes et avec les candidats qui auront d\u00e9pos\u00e9 des listes dans les neuf arrondissements\u00a0\u00bb, ont indiqu\u00e9 les \u00e9quipes de l&rsquo;ancien pr\u00e9sident de l&rsquo;OL.<\/p>\n","protected":false},"excerpt":{"rendered":"Apr\u00e8s une troisi\u00e8me enqu\u00eate d\u2019opinion confirmant un rapport de force tr\u00e8s favorable \u00e0 Jean-Michel Aulas, 47% au premier&hellip;\n","protected":false},"author":2,"featured_media":556257,"comment_status":"","ping_status":"","sticky":false,"template":"","format":"standard","meta":{"footnotes":""},"categories":[1889],"tags":[1111,11,2813,2190,2430,1109,251,1112,2811,1777,674,118,1011,27,1922,1110,1114,2428,2810,12,241,316,25,2812,517,800],"class_list":{"0":"post-556256","1":"post","2":"type-post","3":"status-publish","4":"format-standard","5":"has-post-thumbnail","7":"category-lyon","8":"tag-actu","9":"tag-actualites","10":"tag-article","11":"tag-asvel","12":"tag-auvergne-rhone-alpes","13":"tag-breves","14":"tag-culture","15":"tag-depeches","16":"tag-economique","17":"tag-eu","18":"tag-europe","19":"tag-faits-divers","20":"tag-fr","21":"tag-france","22":"tag-info","23":"tag-informations","24":"tag-infos","25":"tag-lyon","26":"tag-lyonmag","27":"tag-news","28":"tag-ol","29":"tag-politique","30":"tag-republique-francaise","31":"tag-sociale","32":"tag-sport","33":"tag-transports"},"share_on_mastodon":{"url":"https:\/\/pubeurope.com\/@fr\/115606868868216924","error":""},"_links":{"self":[{"href":"https:\/\/www.europesays.com\/fr\/wp-json\/wp\/v2\/posts\/556256","targetHints":{"allow":["GET"]}}],"collection":[{"href":"https:\/\/www.europesays.com\/fr\/wp-json\/wp\/v2\/posts"}],"about":[{"href":"https:\/\/www.europesays.com\/fr\/wp-json\/wp\/v2\/types\/post"}],"author":[{"embeddable":true,"href":"https:\/\/www.europesays.com\/fr\/wp-json\/wp\/v2\/users\/2"}],"replies":[{"embeddable":true,"href":"https:\/\/www.europesays.com\/fr\/wp-json\/wp\/v2\/comments?post=556256"}],"version-history":[{"count":0,"href":"https:\/\/www.europesays.com\/fr\/wp-json\/wp\/v2\/posts\/556256\/revisions"}],"wp:featuredmedia":[{"embeddable":true,"href":"https:\/\/www.europesays.com\/fr\/wp-json\/wp\/v2\/media\/556257"}],"wp:attachment":[{"href":"https:\/\/www.europesays.com\/fr\/wp-json\/wp\/v2\/media?parent=556256"}],"wp:term":[{"taxonomy":"category","embeddable":true,"href":"https:\/\/www.europesays.com\/fr\/wp-json\/wp\/v2\/categories?post=556256"},{"taxonomy":"post_tag","embeddable":true,"href":"https:\/\/www.europesays.com\/fr\/wp-json\/wp\/v2\/tags?post=556256"}],"curies":[{"name":"wp","href":"https:\/\/api.w.org\/{rel}","templated":true}]}}