{"id":556264,"date":"2025-11-24T21:50:13","date_gmt":"2025-11-24T21:50:13","guid":{"rendered":"https:\/\/www.europesays.com\/fr\/556264\/"},"modified":"2025-11-24T21:50:13","modified_gmt":"2025-11-24T21:50:13","slug":"tatiana-silva-sa-vie-entre-paris-et-bruxelles-avec-son-fils-june-elle-montre-linterieur-dun-de-ses-appartements-qui-comprend-une-imposante-nouvelle-acquisition","status":"publish","type":"post","link":"https:\/\/www.europesays.com\/fr\/556264\/","title":{"rendered":"Tatiana Silva, sa vie entre Paris et Bruxelles avec son fils June : elle montre l&rsquo;int\u00e9rieur d&rsquo;un de ses appartements qui comprend une imposante nouvelle acquisition"},"content":{"rendered":"<p class=\"mb-4 text-lg md:leading-8 break-words\">Tatiana Silva a accept\u00e9 de d\u00e9voiler une partie de son int\u00e9rieur. La pr\u00e9sentatrice m\u00e9t\u00e9o a r\u00e9cemment craqu\u00e9 pour un ajout tr\u00e8s imposant dans son salon, dont elle r\u00eavait depuis longtemps. Celui-ci a \u00e9t\u00e9 r\u00e9alis\u00e9 sur-mesure !<\/p>\n<p class=\"mb-4 text-lg md:leading-8 break-words\">Voil\u00e0 d\u00e9j\u00e0 bient\u00f4t un an que la vie de <a href=\"https:\/\/www.purepeople.com\/people\/tatiana-silva_p537095\" rel=\"nofollow noopener\" target=\"_blank\" data-ylk=\"slk:Tatiana Silva;elm:context_link;itc:0;sec:content-canvas\" class=\"link \">Tatiana Silva<\/a> a \u00e9t\u00e9 boulevers\u00e9e pour le meilleur. Le 27 janvier, elle a donn\u00e9 <a href=\"https:\/\/fr.news.yahoo.com\/tatiana-silva-fondu-involontairement-apr%C3%A8s-205100622.html\" data-ylk=\"slk:naissance \u00e0 son premier enfant, un petit gar\u00e7on pr\u00e9nomm\u00e9 June;elm:context_link;itc:0;sec:content-canvas;outcm:mb_qualified_link;_E:mb_qualified_link;ct:story;\" class=\"link  yahoo-link\" target=\"_blank\" rel=\"noopener\">naissance \u00e0 son premier enfant, un petit gar\u00e7on pr\u00e9nomm\u00e9 June<\/a>. Et ce b\u00e9b\u00e9, la miss m\u00e9t\u00e9o de TF1 l&rsquo;\u00e9l\u00e8ve <strong>entre la France, o\u00f9 elle travaille, et la Belgique, son pays natal.<\/strong><\/p>\n<p class=\"mb-4 text-lg md:leading-8 break-words\">Sans pr\u00e9ciser duquel il s&rsquo;agissait, Tatiana Silva a accept\u00e9 de d\u00e9voiler un aper\u00e7u de l&rsquo;un de ses nids douillets. Et pour cause, un \u00e9l\u00e9ment d\u00e9coratif est venu enrichir une pi\u00e8ce \u00e0 vivre. En story Instagram, au cours du week-end, la belle brune de 40 ans a r\u00e9v\u00e9l\u00e9 avoir mis la main <strong>sur un grand tapis pour son salon, fait sur-mesure rien que pour elle !<\/strong> \u00ab\u00a0Depuis longtemps j&rsquo;avais envie d&rsquo;un<strong> tapis berb\u00e8re<\/strong>. Souhait enfin r\u00e9alis\u00e9. Celui-ci est enti\u00e8rement fait \u00e0 la main\u00a0\u00bb, a-t-elle comment\u00e9 une photo de son int\u00e9rieur d\u00e9sormais agr\u00e9ment\u00e9 de cet immense tapis qui recouvre une bonne partie de son sol. (Voir dans notre diaporama).<\/p>\n<p class=\"mb-4 text-lg md:leading-8 break-words\">Un appartement enti\u00e8rement r\u00e9nov\u00e9 qu&rsquo;elle a acquis en 2012<\/p>\n<p class=\"mb-4 text-lg md:leading-8 break-words\">Difficile donc de savoir dans quelle capitale europ\u00e9enne ce clich\u00e9 a \u00e9t\u00e9 pris. Mais il faut rappeler qu&rsquo;en 2017, Tatiana Silva s&rsquo;\u00e9tait longuement confi\u00e9e sur son <strong>appartement avec terrasse situ\u00e9 \u00e0 Bruxelles<\/strong>, dans un immeuble des ann\u00e9es 70. \u00a0Un bien dans lequel elle a pos\u00e9 ses valises en 2012 et o\u00f9 elle a pris soin de refaire \u00ab\u00a0progressivement chaque pi\u00e8ce\u00a0\u00bb comme elle le confiait aupr\u00e8s de C\u00f4t\u00e9 Maison.<\/p>\n<p class=\"mb-4 text-lg md:leading-8 break-words\">\u00ab\u00a0Au d\u00e9but, j&rsquo;avais envie de quelque chose d&rsquo;\u00e9pur\u00e9 et puis au bout de deux ans, j&rsquo;ai enrichi la d\u00e9co. Il m&rsquo;a fallu le temps de prendre mes marques ; c&rsquo;est \u00e0 nouveau ce que j&rsquo;exp\u00e9rimente \u00e0 Paris. (&#8230;) Cet appartement n&rsquo;avait pas d&rsquo;\u00e2me d&rsquo;un point de vue architectural, c&rsquo;est pourquoi j&rsquo;ai cr\u00e9\u00e9 une d\u00e9co avec des objets qui racontent une histoire\u00a0\u00bb, expliquait-elle. Ainsi la figure de TF1 a opt\u00e9 pour des mobiliers qui sont un \u00ab\u00a0<a href=\"https:\/\/fr.news.yahoo.com\/maison-stars-tatiana-silva-enceinte-171900921.html\" data-ylk=\"slk:mixte entre du scandinave vintage et du mobilier exotique;elm:context_link;itc:0;sec:content-canvas;outcm:mb_qualified_link;_E:mb_qualified_link;ct:story;\" class=\"link  yahoo-link\" target=\"_blank\" rel=\"noopener\">mixte entre du scandinave vintage et du mobilier exotique<\/a>\u00ab\u00a0. Elle pr\u00e9cisait par ailleurs que le blanc et le bois dominent dans son appartement et que, malgr\u00e9 beaucoup d&rsquo;objets africains, \u00ab\u00a0<strong>c&rsquo;est un bordel limit\u00e9 <\/strong>car [elle] aime avoir un appartement rang\u00e9 et propre\u00a0\u00bb.<\/p>\n<p class=\"mb-4 text-lg md:leading-8 break-words\"><a href=\"https:\/\/www.purepeople.com\/article\/tatiana-silva-sa-vie-entre-paris-et-bruxelles-avec-son-fils-june-elle-montre-linterieur-dun-de-ses-appartements-qui-comprend-une-imposante-nouvelle-acquisition_a544899\/1\" rel=\"nofollow noopener\" target=\"_blank\" data-ylk=\"slk:Article original sur Purepeople;elm:context_link;itc:0;sec:content-canvas\" class=\"link \">Article original sur Purepeople<\/a><\/p>\n","protected":false},"excerpt":{"rendered":"Tatiana Silva a accept\u00e9 de d\u00e9voiler une partie de son int\u00e9rieur. La pr\u00e9sentatrice m\u00e9t\u00e9o a r\u00e9cemment craqu\u00e9 pour&hellip;\n","protected":false},"author":2,"featured_media":556265,"comment_status":"","ping_status":"","sticky":false,"template":"","format":"standard","meta":{"footnotes":""},"categories":[1888],"tags":[1111,1928,11,1927,67383,1777,674,1011,27,12,1926,626,1925,67384,67382,25,31096,199],"class_list":{"0":"post-556264","1":"post","2":"type-post","3":"status-publish","4":"format-standard","5":"has-post-thumbnail","7":"category-paris","8":"tag-actu","9":"tag-actu-paris","10":"tag-actualites","11":"tag-actualites-paris","12":"tag-appartement-avec-terrasse","13":"tag-eu","14":"tag-europe","15":"tag-fr","16":"tag-france","17":"tag-news","18":"tag-news-paris","19":"tag-paris","20":"tag-paris-news","21":"tag-pour-le-meilleur","22":"tag-presentatrice-meteo","23":"tag-republique-francaise","24":"tag-tatiana-silva","25":"tag-tf1"},"share_on_mastodon":{"url":"https:\/\/pubeurope.com\/@fr\/115606888396265235","error":""},"_links":{"self":[{"href":"https:\/\/www.europesays.com\/fr\/wp-json\/wp\/v2\/posts\/556264","targetHints":{"allow":["GET"]}}],"collection":[{"href":"https:\/\/www.europesays.com\/fr\/wp-json\/wp\/v2\/posts"}],"about":[{"href":"https:\/\/www.europesays.com\/fr\/wp-json\/wp\/v2\/types\/post"}],"author":[{"embeddable":true,"href":"https:\/\/www.europesays.com\/fr\/wp-json\/wp\/v2\/users\/2"}],"replies":[{"embeddable":true,"href":"https:\/\/www.europesays.com\/fr\/wp-json\/wp\/v2\/comments?post=556264"}],"version-history":[{"count":0,"href":"https:\/\/www.europesays.com\/fr\/wp-json\/wp\/v2\/posts\/556264\/revisions"}],"wp:featuredmedia":[{"embeddable":true,"href":"https:\/\/www.europesays.com\/fr\/wp-json\/wp\/v2\/media\/556265"}],"wp:attachment":[{"href":"https:\/\/www.europesays.com\/fr\/wp-json\/wp\/v2\/media?parent=556264"}],"wp:term":[{"taxonomy":"category","embeddable":true,"href":"https:\/\/www.europesays.com\/fr\/wp-json\/wp\/v2\/categories?post=556264"},{"taxonomy":"post_tag","embeddable":true,"href":"https:\/\/www.europesays.com\/fr\/wp-json\/wp\/v2\/tags?post=556264"}],"curies":[{"name":"wp","href":"https:\/\/api.w.org\/{rel}","templated":true}]}}