{"id":556270,"date":"2025-11-24T21:54:15","date_gmt":"2025-11-24T21:54:15","guid":{"rendered":"https:\/\/www.europesays.com\/fr\/556270\/"},"modified":"2025-11-24T21:54:15","modified_gmt":"2025-11-24T21:54:15","slug":"trump-accuse-de-favoriser-la-russie-au-detriment-de-lukraine-la-maison-blanche-repond","status":"publish","type":"post","link":"https:\/\/www.europesays.com\/fr\/556270\/","title":{"rendered":"Trump accus\u00e9 de favoriser la Russie au d\u00e9triment de l\u2019Ukraine, la Maison Blanche r\u00e9pond"},"content":{"rendered":"<p>        <img decoding=\"async\" loading=\"lazy\" src=\"https:\/\/www.europesays.com\/fr\/wp-content\/uploads\/2025\/11\/f23a8ed_upload-1-mz7rvqe6ryvs-000-69vg8zr.jpg\"  width=\"728\" height=\"410\" alt=\"La porte-parole de la Maison Blanche juge ce lundi 24\u00a0novembre \u00ab\u00a0compl\u00e8tement fallacieuse\u00a0\u00bb l\u2019id\u00e9e selon laquelle Donald Trump favoriserait la Russie dans les pourparlers sur l\u2019Ukraine.\"\/>  <\/p>\n<p>ANDREW CABALLERO-REYNOLDS \/ AFP<\/p>\n<p>La porte-parole de la Maison Blanche juge ce lundi 24\u00a0novembre \u00ab\u00a0compl\u00e8tement fallacieuse\u00a0\u00bb l\u2019id\u00e9e selon laquelle Donald Trump favoriserait la Russie dans les pourparlers sur l\u2019Ukraine.<\/p>\n<p class=\"asset asset-text\">Un alli\u00e9 favoris\u00e9\u00a0? La porte-parole de la Maison Blanche a qualifi\u00e9 ce lundi 24\u00a0novembre de \u00ab\u00a0compl\u00e8tement fallacieuse\u00a0\u00bb l\u2019id\u00e9e selon laquelle le pr\u00e9sident am\u00e9ricain <a href=\"https:\/\/www.huffingtonpost.fr\/international\/article\/double-revers-pour-donald-trump-la-justice-annule-l-inculpation-de-ses-betes-noires-james-comey-et-letitia-james_257491.html\" target=\"_blank\" rel=\"noopener\">Donald Trump<\/a> et son gouvernement favoriseraient la Russie dans les pourparlers pour <a href=\"https:\/\/www.huffingtonpost.fr\/international\/article\/guerre-en-ukraine-zelensky-et-les-ukrainiens-tentent-de-calmer-le-jeu-avec-trump-en-pleine-negociation_257457.html\" target=\"_blank\" rel=\"noopener\">mettre fin au conflit en Ukraine.<\/a><\/p>\n<p class=\"asset asset-text\">\u00ab\u00a0L\u2019id\u00e9e selon laquelle les \u00c9tats-Unis d\u2019Am\u00e9rique ne seraient pas engag\u00e9s \u00e0 \u00e9galit\u00e9 avec les deux bellig\u00e9rants pour mettre fin \u00e0 la guerre est totalement et compl\u00e8tement fallacieuse\u00a0\u00bb, a encore martel\u00e9 Karoline Leavitt lors d\u2019un \u00e9change avec la presse.<\/p>\n<p class=\"asset asset-text\">Cette mise au point intervient alors que des discussions entre Ukrainiens, Am\u00e9ricains et Europ\u00e9ens se tiennent en ce moment sur la base du projet de plan de \u00ab\u00a0paix\u00a0\u00bb pour l\u2019Ukraine en 28 points de Donald Trump. La copie initiale am\u00e9ricaine est consid\u00e9r\u00e9e comme largement favorable \u00e0 Moscou.<\/p>\n<p class=\"asset asset-text\">Beaucoup de lignes rouges pour Kiev, dont la reconnaissance \u00ab\u00a0de facto comme russes\u00a0\u00bb Louhansk et Donetsk, dans le Donbass, et le renoncement de l\u2019Ukraine \u00e0 entrer dans l\u2019Otan, figurent en effet dans le plan Trump. Ce qui alimente les\u00a0suspicions selon lesquelles\u00a0ce plan\u00a0\u00e9manerait de la partie russe. <a href=\"https:\/\/www.huffingtonpost.fr\/international\/article\/pourquoi-il-y-a-tant-de-doutes-sur-l-origine-du-plan-de-paix-impose-par-donald-trump-a-l-ukraine_257443.html\" target=\"_blank\" rel=\"noopener\">Le Guardian <\/a>a notamment expliqu\u00e9 que le texte semble avoir \u00e9t\u00e9 r\u00e9dig\u00e9 en russe avant d\u2019\u00eatre traduit plus ou moins grossi\u00e8rement en anglais.<\/p>\n<p>                     Pression am\u00e9ricaine sur l\u2019Ukraine    <\/p>\n<p class=\"asset asset-text\">Souhaitant que l\u2019Ukraine soit mieux repr\u00e9sent\u00e9e dans ce plan de paix, les Europ\u00e9ens ont donc fait une contre-proposition. Mais le Kremlin a fait savoir lundi que cette proposition europ\u00e9enne ne convenait pas \u00e0 la Russie. \u00ab\u00a0Ce matin (lundi) nous avons appris l\u2019existence d\u2019un plan europ\u00e9en qui, \u00e0 premi\u00e8re vue, n\u2019est pas du tout constructif\u00a0\u00bb, a pr\u00e9cis\u00e9ment d\u00e9clar\u00e9 le conseiller diplomatique de Vladimir Poutine, Iouri Ouchakov, selon l\u2019agence de presse officielle TASS.<\/p>\n<p class=\"asset asset-text\">Par ailleurs, les \u00c9tats-Unis ont continu\u00e9 de faire pression sur l\u2019Ukraine pour accepter leurs propositions, lors des pourparlers \u00e0 Gen\u00e8ve dimanche, a d\u00e9clar\u00e9 \u00e0 l\u2019AFP un haut responsable inform\u00e9 des discussions. Bien que la pression am\u00e9ricaine se soit att\u00e9nu\u00e9e au cours de la r\u00e9union, une \u00ab\u00a0pression globale\u00a0\u00bb demeure, a indiqu\u00e9 lundi ce responsable ayant requis l\u2019anonymat.<\/p>\n<p class=\"asset asset-text\">Le pr\u00e9sident am\u00e9ricain avait initialement donn\u00e9 jusqu\u2019au 27\u00a0novembre au pr\u00e9sident ukrainien Volodymyr Zelensky pour r\u00e9pondre \u00e0 son plan, comprenant notamment la cession de territoires ukrainiens et s\u2019apparentant \u00e0 une capitulation de Kiev. Il a ensuite pr\u00e9cis\u00e9 que ce n\u2019\u00e9tait pas sa \u00ab\u00a0derni\u00e8re offre\u00a0\u00bb.<\/p>\n<p class=\"asset asset-text\">Si Volodymyr Zelensky a salu\u00e9 lundi des avanc\u00e9es, il a estim\u00e9 qu\u2019il fallait \u00ab\u00a0beaucoup plus\u00a0\u00bb pour parvenir \u00e0 une \u00ab\u00a0paix r\u00e9elle\u00a0\u00bb avec la Russie et mettre fin au conflit le plus meurtrier en Europe depuis la Seconde Guerre mondiale.<\/p>\n","protected":false},"excerpt":{"rendered":"ANDREW CABALLERO-REYNOLDS \/ AFP La porte-parole de la Maison Blanche juge ce lundi 24\u00a0novembre \u00ab\u00a0compl\u00e8tement fallacieuse\u00a0\u00bb l\u2019id\u00e9e selon&hellip;\n","protected":false},"author":2,"featured_media":556271,"comment_status":"","ping_status":"","sticky":false,"template":"","format":"standard","meta":{"footnotes":""},"categories":[1591],"tags":[11,75,1887,131,14,12,1885,1886,132,220],"class_list":{"0":"post-556270","1":"post","2":"type-post","3":"status-publish","4":"format-standard","5":"has-post-thumbnail","7":"category-russie","8":"tag-actualites","9":"tag-donald-trump","10":"tag-federation-de-russie","11":"tag-guerre-en-ukraine","12":"tag-international","13":"tag-news","14":"tag-russia","15":"tag-russian-federation","16":"tag-russie","17":"tag-ukraine"},"share_on_mastodon":{"url":"https:\/\/pubeurope.com\/@fr\/115606904415567888","error":""},"_links":{"self":[{"href":"https:\/\/www.europesays.com\/fr\/wp-json\/wp\/v2\/posts\/556270","targetHints":{"allow":["GET"]}}],"collection":[{"href":"https:\/\/www.europesays.com\/fr\/wp-json\/wp\/v2\/posts"}],"about":[{"href":"https:\/\/www.europesays.com\/fr\/wp-json\/wp\/v2\/types\/post"}],"author":[{"embeddable":true,"href":"https:\/\/www.europesays.com\/fr\/wp-json\/wp\/v2\/users\/2"}],"replies":[{"embeddable":true,"href":"https:\/\/www.europesays.com\/fr\/wp-json\/wp\/v2\/comments?post=556270"}],"version-history":[{"count":0,"href":"https:\/\/www.europesays.com\/fr\/wp-json\/wp\/v2\/posts\/556270\/revisions"}],"wp:featuredmedia":[{"embeddable":true,"href":"https:\/\/www.europesays.com\/fr\/wp-json\/wp\/v2\/media\/556271"}],"wp:attachment":[{"href":"https:\/\/www.europesays.com\/fr\/wp-json\/wp\/v2\/media?parent=556270"}],"wp:term":[{"taxonomy":"category","embeddable":true,"href":"https:\/\/www.europesays.com\/fr\/wp-json\/wp\/v2\/categories?post=556270"},{"taxonomy":"post_tag","embeddable":true,"href":"https:\/\/www.europesays.com\/fr\/wp-json\/wp\/v2\/tags?post=556270"}],"curies":[{"name":"wp","href":"https:\/\/api.w.org\/{rel}","templated":true}]}}