{"id":556278,"date":"2025-11-24T21:59:14","date_gmt":"2025-11-24T21:59:14","guid":{"rendered":"https:\/\/www.europesays.com\/fr\/556278\/"},"modified":"2025-11-24T21:59:14","modified_gmt":"2025-11-24T21:59:14","slug":"allemagne-lufthansa-group-sinteresse-a-la-privatisation-de-tap-air-portugal","status":"publish","type":"post","link":"https:\/\/www.europesays.com\/fr\/556278\/","title":{"rendered":"Allemagne : Lufthansa Group s\u2019int\u00e9resse \u00e0 la privatisation de TAP Air Portugal"},"content":{"rendered":"<p><strong>Le groupe Lufthansa a officialis\u00e9 son int\u00e9r\u00eat pour la privatisation de TAP Air Portugal. Il propose une entr\u00e9e minoritaire au capital et un partenariat strat\u00e9gique \u00e0 long terme, tout en promettant de pr\u00e9server l\u2019identit\u00e9 portugaise de la compagnie nationale.<\/strong><\/p>\n<p>Le groupe a\u00e9rien allemand Lufthansa a annonc\u00e9 jeudi avoir adress\u00e9 \u00e0 la soci\u00e9t\u00e9 portugaise charg\u00e9e des participations de l\u2019\u00c9tat une lettre exprimant son int\u00e9r\u00eat \u00e0 participer au processus de privatisation de TAP Air Portugal, avec pour objectif l\u2019acquisition initiale d\u2019une participation minoritaire et la mise en place d\u2019un partenariat \u00e0 long terme.<\/p>\n<p>Cit\u00e9 dans un communiqu\u00e9 du groupe, le pr\u00e9sident du directoire, Carsten Spohr, a indiqu\u00e9 que Lufthansa \u00abse f\u00e9licite du processus de privatisation\u00bb lanc\u00e9 par le gouvernement portugais, affirmant vouloir \u00abrenforcer la connectivit\u00e9 internationale du Portugal, pr\u00e9server l\u2019identit\u00e9 portugaise de TAP et assurer une croissance durable de la compagnie\u00bb.<\/p>\n<p>Le patron du plus grand groupe a\u00e9rien d\u2019Europe, qui d\u00e9tient notamment Austrian Airlines, Swiss, Eurowings et Brussels Airlines, a soulign\u00e9 la \u00abgrande importance strat\u00e9gique\u00bb de TAP dans l\u2019industrie a\u00e9ronautique europ\u00e9enne et rappel\u00e9 que Lufthansa se consid\u00e8re comme \u00able meilleur partenaire pour TAP et pour le Portugal\u00bb.<\/p>\n<p>Pr\u00e9sent au Portugal depuis plus de 70 ans, le groupe Lufthansa propose actuellement plus de 280 vols hebdomadaires de et vers le pays et y emploie plus de 400 professionnels. Il pr\u00e9voit de porter ces effectifs \u00e0 1.000 d\u2019ici 2030 gr\u00e2ce \u00e0 la construction d\u2019un nouveau site Lufthansa Technik \u00e0 Santa Maria da Feira, pr\u00e8s de Porto.<\/p>\n<p>Lufthansa Group rappelle, par ailleurs, avoir d\u00e9j\u00e0 accompagn\u00e9 avec succ\u00e8s l\u2019int\u00e9gration de compagnies nationales telles que Swiss, Austrian Airlines, Brussels Airlines et ITA Airways, tout en pr\u00e9servant leur identit\u00e9, soulignant disposer de la taille, de l\u2019exp\u00e9rience et de la stabilit\u00e9 financi\u00e8re n\u00e9cessaires pour conforter le r\u00f4le de TAP Air Portugal sur la sc\u00e8ne internationale.<\/p>\n<p>S.N. avec agences \/ Les Inspirations \u00c9CO<\/p>\n","protected":false},"excerpt":{"rendered":"Le groupe Lufthansa a officialis\u00e9 son int\u00e9r\u00eat pour la privatisation de TAP Air Portugal. Il propose une entr\u00e9e&hellip;\n","protected":false},"author":2,"featured_media":556279,"comment_status":"","ping_status":"","sticky":false,"template":"","format":"standard","meta":{"footnotes":""},"categories":[1587],"tags":[11,672,1804,1805,1803,1777,674,1801,1894,12,1802,67385],"class_list":{"0":"post-556278","1":"post","2":"type-post","3":"status-publish","4":"format-standard","5":"has-post-thumbnail","7":"category-allemagne","8":"tag-actualites","9":"tag-allemagne","10":"tag-bundesrepublik-deutschland","11":"tag-de","12":"tag-deutschland","13":"tag-eu","14":"tag-europe","15":"tag-germany","16":"tag-lufthansa","17":"tag-news","18":"tag-republique-federale-dallemagne","19":"tag-tap-air-portugal"},"share_on_mastodon":{"url":"https:\/\/pubeurope.com\/@fr\/115606923925245219","error":""},"_links":{"self":[{"href":"https:\/\/www.europesays.com\/fr\/wp-json\/wp\/v2\/posts\/556278","targetHints":{"allow":["GET"]}}],"collection":[{"href":"https:\/\/www.europesays.com\/fr\/wp-json\/wp\/v2\/posts"}],"about":[{"href":"https:\/\/www.europesays.com\/fr\/wp-json\/wp\/v2\/types\/post"}],"author":[{"embeddable":true,"href":"https:\/\/www.europesays.com\/fr\/wp-json\/wp\/v2\/users\/2"}],"replies":[{"embeddable":true,"href":"https:\/\/www.europesays.com\/fr\/wp-json\/wp\/v2\/comments?post=556278"}],"version-history":[{"count":0,"href":"https:\/\/www.europesays.com\/fr\/wp-json\/wp\/v2\/posts\/556278\/revisions"}],"wp:featuredmedia":[{"embeddable":true,"href":"https:\/\/www.europesays.com\/fr\/wp-json\/wp\/v2\/media\/556279"}],"wp:attachment":[{"href":"https:\/\/www.europesays.com\/fr\/wp-json\/wp\/v2\/media?parent=556278"}],"wp:term":[{"taxonomy":"category","embeddable":true,"href":"https:\/\/www.europesays.com\/fr\/wp-json\/wp\/v2\/categories?post=556278"},{"taxonomy":"post_tag","embeddable":true,"href":"https:\/\/www.europesays.com\/fr\/wp-json\/wp\/v2\/tags?post=556278"}],"curies":[{"name":"wp","href":"https:\/\/api.w.org\/{rel}","templated":true}]}}