{"id":556282,"date":"2025-11-24T22:02:23","date_gmt":"2025-11-24T22:02:23","guid":{"rendered":"https:\/\/www.europesays.com\/fr\/556282\/"},"modified":"2025-11-24T22:02:23","modified_gmt":"2025-11-24T22:02:23","slug":"un-front-commun-affiche-entre-lafrique-et-leurope","status":"publish","type":"post","link":"https:\/\/www.europesays.com\/fr\/556282\/","title":{"rendered":"un front commun affich\u00e9 entre l\u2019Afrique et l\u2019Europe"},"content":{"rendered":"<p>R\u00e9unis \u00e0 Luanda pour leur 7\u1d49 sommet, l\u2019Union africaine (UA) et l\u2019Union europ\u00e9enne (UE) ont affich\u00e9 ce lundi leur volont\u00e9 de relancer un partenariat strat\u00e9gique mis \u00e0 l\u2019\u00e9preuve par les crises g\u00e9opolitiques, les tensions commerciales et les rivalit\u00e9s de puissances. Sous le th\u00e8me \u00ab Promouvoir la paix et la prosp\u00e9rit\u00e9 gr\u00e2ce \u00e0 un multilat\u00e9ralisme efficace \u00bb, les dirigeants ont multipli\u00e9 les appels \u00e0 \u201crefonder\u201d la coop\u00e9ration dans un contexte mondial d\u00e9crit comme \u00ab fragment\u00e9 \u00bb et \u00ab \u00e0 un tournant historique \u00bb.<\/p>\n<p><a href=\"http:\/\/bit.ly\/jnewsio\" aria-label=\"Visit advertisement link\" target=\"_blank\" rel=\"nofollow noopener\" class=\"adlink ads_image align-right\"><br \/>\n                                    <img loading=\"lazy\" decoding=\"async\" data-recalc-dims=\"1\" width=\"300\" height=\"250\" class=\"lazyload\" src=\"https:\/\/www.europesays.com\/fr\/wp-content\/uploads\/2025\/11\/ad_300x250.jpg\" alt=\"\" data-pin-no-hover=\"true\"\/><br \/>\n                                <\/a><\/p>\n<p><strong>Entre ambitions \u00e9conomiques et r\u00e9alit\u00e9s g\u00e9ostrat\u00e9giques<\/strong><\/p>\n<p>Dans un discours offensif, la pr\u00e9sidente de la Commission europ\u00e9enne, Ursula von der Leyen, a d\u00e9fendu une Europe \u00ab durablement engag\u00e9e \u00bb en Afrique, rappelant que l\u2019initiative Global Gateway pr\u00e9sent\u00e9e comme l\u2019alternative europ\u00e9enne aux investissements chinois a d\u00e9j\u00e0 mobilis\u00e9 \u00ab plus de 120 millions d\u2019euros \u00bb et vise \u00ab plus d\u2019un milliard d\u2019euros \u00bb d\u2019ici 2027.<\/p>\n<p>S\u2019appuyant sur l\u2019exemple de projets agricoles et num\u00e9riques, elle a insist\u00e9 sur une approche \u00ab gagnant-gagnant \u00bb, qui \u00ab investit dans les cha\u00eenes de valeur locales \u00bb plut\u00f4t que dans des infrastructures \u00ab peu durables \u00bb. L\u2019Europe, a-t-elle dit, \u00ab ne se retire pas \u00bb, alors que d\u2019autres investisseurs \u00ab r\u00e9duisent leur pr\u00e9sence \u00bb.<\/p>\n<p><strong>L\u2019Angola place la souverainet\u00e9 africaine au centre du d\u00e9bat<\/strong><\/p>\n<p>H\u00f4te du sommet, le pr\u00e9sident de l\u2019Union africaine, le pr\u00e9sident angolais, Jo\u00e3o Louren\u00e7o, a soulign\u00e9 une Afrique \u00ab d\u00e9termin\u00e9e \u00e0 red\u00e9finir ses mod\u00e8les de coop\u00e9ration \u00bb et \u00e0 \u00eatre \u00ab r\u00e9ellement entendue \u00bb dans les instances internationales.<\/p>\n<p>Devant les dirigeants africains et europ\u00e9ens, il a insist\u00e9 sur la compl\u00e9mentarit\u00e9 strat\u00e9gique, \u00ab L\u2019Europe apporte le savoir-faire, l\u2019Afrique fournit les ressources et la d\u00e9mographie. Ensemble, nous avons tout pour d\u00e9velopper notre futur commun. \u00bb<\/p>\n<p>L\u2019UA, sous pr\u00e9sidence angolaise, veut acc\u00e9l\u00e9rer la Zone de libre-\u00e9change continentale africaine (ZLECAf), renforcer la s\u00e9curit\u00e9, moderniser l\u2019\u00e9ducation et b\u00e2tir les bases d\u2019une \u00ab r\u00e9silience climatique \u00bb dans un continent qui concentre \u00e0 la fois \u00ab 60 % du potentiel solaire mondial \u00bb et \u00ab 600 millions de personnes sans \u00e9lectricit\u00e9 \u00bb.<\/p>\n<p><strong>Guterres appelle \u00e0 corriger les \u201cinjustices syst\u00e9miques\u201d<\/strong><\/p>\n<p>Le secr\u00e9taire g\u00e9n\u00e9ral de l\u2019ONU, Ant\u00f3nio Guterres, a rappel\u00e9 que les crises en Ukraine, \u00e0 Gaza ou au Soudan montrent les limites actuelles du multilat\u00e9ralisme. Il a exhort\u00e9 les deux continents \u00e0 peser davantage dans les r\u00e9formes globales, notamment la \u00ab refonte de l\u2019architecture financi\u00e8re internationale \u00bb et l\u2019attribution de si\u00e8ges permanents \u00e0 l\u2019Afrique au Conseil de s\u00e9curit\u00e9.<\/p>\n<p>Il a plaid\u00e9 pour une \u00ab transition \u00e9nerg\u00e9tique juste \u00bb, un financement accru de l\u2019adaptation climatique, et un soutien \u00ab pr\u00e9visible \u00bb aux op\u00e9rations de paix de l\u2019Union africaine, comme pr\u00e9vu par la r\u00e9solution 2719.<\/p>\n<p><strong>Entre convergences affich\u00e9es et divergences persistantes<\/strong><\/p>\n<p>Si les discours ont montr\u00e9 une volont\u00e9 de rapprochement, plusieurs dossiers structurants restent sensibles :<\/p>\n<p>les r\u00e8gles commerciales et les subventions agricoles europ\u00e9ennes, r\u00e9guli\u00e8rement critiqu\u00e9es par l\u2019Afrique ;<\/p>\n<p>la question migratoire, abord\u00e9e en filigrane mais centrale dans les n\u00e9gociations ;<\/p>\n<p>l\u2019acc\u00e8s au financement, que l\u2019Afrique juge encore insuffisant face \u00e0 l\u2019ampleur de ses besoins.<\/p>\n<p><strong>Un sommet pour r\u00e9affirmer un lien strat\u00e9gique<\/strong><\/p>\n<p>Dans une p\u00e9riode o\u00f9 \u00ab blocs strat\u00e9giques, conflits et rivalit\u00e9s \u00bb redessinent la g\u00e9opolitique mondiale, l\u2019Afrique et l\u2019Europe ont cherch\u00e9, \u00e0 Luanda, \u00e0 d\u00e9montrer qu\u2019un partenariat \u00e9quilibr\u00e9 demeure possible et m\u00eame n\u00e9cessaire.<\/p>\n<p>Reste \u00e0 savoir si les d\u00e9clarations solennelles se traduiront en engagements mesurables. Les prochains jours, marqu\u00e9es par les discussions techniques sur la ZLECAf, les financements climatiques et Global Gateway, diront si la dynamique affich\u00e9e \u00e0 Luanda s\u2019installe durablement<\/p>\n<p>tchadinfos<\/p>\n<p>\n\tSimilaire<\/p>\n","protected":false},"excerpt":{"rendered":"R\u00e9unis \u00e0 Luanda pour leur 7\u1d49 sommet, l\u2019Union africaine (UA) et l\u2019Union europ\u00e9enne (UE) ont affich\u00e9 ce lundi&hellip;\n","protected":false},"author":2,"featured_media":556283,"comment_status":"","ping_status":"","sticky":false,"template":"","format":"standard","meta":{"footnotes":""},"categories":[1586],"tags":[11,879,1777,674,1779,1011,27,12,25,1778,364],"class_list":{"0":"post-556282","1":"post","2":"type-post","3":"status-publish","4":"format-standard","5":"has-post-thumbnail","7":"category-europe","8":"tag-actualites","9":"tag-afrique","10":"tag-eu","11":"tag-europe","12":"tag-european-union","13":"tag-fr","14":"tag-france","15":"tag-news","16":"tag-republique-francaise","17":"tag-ue","18":"tag-union-europeenne"},"share_on_mastodon":{"url":"https:\/\/pubeurope.com\/@fr\/115606936353805001","error":""},"_links":{"self":[{"href":"https:\/\/www.europesays.com\/fr\/wp-json\/wp\/v2\/posts\/556282","targetHints":{"allow":["GET"]}}],"collection":[{"href":"https:\/\/www.europesays.com\/fr\/wp-json\/wp\/v2\/posts"}],"about":[{"href":"https:\/\/www.europesays.com\/fr\/wp-json\/wp\/v2\/types\/post"}],"author":[{"embeddable":true,"href":"https:\/\/www.europesays.com\/fr\/wp-json\/wp\/v2\/users\/2"}],"replies":[{"embeddable":true,"href":"https:\/\/www.europesays.com\/fr\/wp-json\/wp\/v2\/comments?post=556282"}],"version-history":[{"count":0,"href":"https:\/\/www.europesays.com\/fr\/wp-json\/wp\/v2\/posts\/556282\/revisions"}],"wp:featuredmedia":[{"embeddable":true,"href":"https:\/\/www.europesays.com\/fr\/wp-json\/wp\/v2\/media\/556283"}],"wp:attachment":[{"href":"https:\/\/www.europesays.com\/fr\/wp-json\/wp\/v2\/media?parent=556282"}],"wp:term":[{"taxonomy":"category","embeddable":true,"href":"https:\/\/www.europesays.com\/fr\/wp-json\/wp\/v2\/categories?post=556282"},{"taxonomy":"post_tag","embeddable":true,"href":"https:\/\/www.europesays.com\/fr\/wp-json\/wp\/v2\/tags?post=556282"}],"curies":[{"name":"wp","href":"https:\/\/api.w.org\/{rel}","templated":true}]}}