{"id":556284,"date":"2025-11-24T22:03:09","date_gmt":"2025-11-24T22:03:09","guid":{"rendered":"https:\/\/www.europesays.com\/fr\/556284\/"},"modified":"2025-11-24T22:03:09","modified_gmt":"2025-11-24T22:03:09","slug":"scene-insolite-idrissa-gueye-prend-un-carton-rouge-lors-deverton-manchester-united-apres-avoir-gifle-son-coequipier-lequipe","status":"publish","type":"post","link":"https:\/\/www.europesays.com\/fr\/556284\/","title":{"rendered":"Sc\u00e8ne insolite : Idrissa Gueye prend un carton rouge lors d&#039;Everton-Manchester United&#8230; apr\u00e8s avoir gifl\u00e9 son co\u00e9quipier &#8211; L&#039;\u00c9quipe"},"content":{"rendered":"<ol>\n<li><a href=\"https:\/\/news.google.com\/rss\/articles\/CBMi-wFBVV95cUxOZE11bzJrTEFESDRyU1NDemhvY0JDWF9QZzZ3Sk9lRVZvSk5hV0NkQk51b3E3d2xRemFMNWJPUWdnMC1PMU1UQU9UM1E2WnFuZklLUU44QmstbXdMbHhDSk1OMlgyN3RnZjVUX0NuUUd6WVVUZUdLXzV3ZzZ5b0oxc2U5dklXOXZUdGFicGVFd2RUbkM4Q2gyWm5mcTQ3TkZucTFYcGJkWXJBazlMX2dwYVc0NmNKUW1fV3EtMjJVczNETUNPS3lSVXJjSnNSUFd4cG9SOW9ac3FLQmVOWmVRcnFHRjQwOXM0VlJtbXI1RFJzb01PakstZzRHWQ?oc=5\" target=\"_blank\" rel=\"noopener\">Sc\u00e8ne insolite : Idrissa Gueye prend un carton rouge lors d&rsquo;Everton-Manchester United&#8230; apr\u00e8s avoir gifl\u00e9 son co\u00e9quipier<\/a>&nbsp;&nbsp;L&rsquo;\u00c9quipe<\/li>\n<li><a href=\"https:\/\/news.google.com\/rss\/articles\/CBMi5AFBVV95cUxQN1Atck9hbmFFY0lweUJrc2JYcTV1TVQ0eFlhQnR4TnhNUDVrVmtRbG9MMHI1RHFqTkFtQmhBME1zRFc0NWl1eF9LOGNMNjhOZ0JwT3R3RHVuSjBfZm5CY3BjY1hsOHNvWlk3VGNLZThGSEllWXdyb014QnlPeW1KZ1diMlV1S3QzTnI1ZUthNk04eHdYOUl1d0U4N2RwUlRkTHJReHl0VGtiU2x5b1gyMThQV2E2cTRfdzVwRUJhV21FVmVva1ZzR0NHMkVlR1VKRkVPd2FxemZUNFZJYUZsYWRyT3o?oc=5\" target=\"_blank\" rel=\"noopener\">Everton, une exclusion folle et un exploit \u00e0 MU<\/a>&nbsp;&nbsp;Eurosport<\/li>\n<li><a href=\"https:\/\/news.google.com\/rss\/articles\/CBMinAJBVV95cUxNZUx4dnV1UDNfX0JyZjhuWVJOeVZGZmdaR1IzTHRkXzV4OW52VDdtNmgyejhmV2hCdEV6MmdkTVR0RjRLdDFpdE9UQkNmTF9DTE1sVDB2Qm9WYzNrbjJxbjY1MWlhNms1YmQ1RUpqZzJELWI2b1MzOW9PYVJUWXJMaWVLR2VsSnhBVS0tUHVzWlpCNmNfU0Z5dksydHZYNEQtelFyaElmUFhrRXBiem9TcVhuXy1hM1l4eVpjZ0lGTzJTTUtHUE0xYkplU0RXMVhIUTJDSmFmNDZJdUdDbWQyM0xpeDFzMERHNnFyVDUyLXFjSUtnaGJ3YWVMdEVYZTBvWXVWenhHUWxmdlFDV0hSdUpvWlB5ZzV6dVdQQg?oc=5\" target=\"_blank\" rel=\"noopener\">Un carton rouge pour avoir gifl\u00e9 un co\u00e9quipier: le craquage surr\u00e9aliste d&rsquo;Idrissa Gueye lors de Manchester United-Everton<\/a>&nbsp;&nbsp;RMC Sport<\/li>\n<li><a href=\"https:\/\/news.google.com\/rss\/articles\/CBMizgFBVV95cUxQY0RWYUItVTJobmVQTUpVMnR0NmZHVUF5eHh6VGlIajFOOU1hcWhIS3FEWVFEZi11NlFuRkUteHFaSk9CWWE2aFBjT1pnTXlLaUhzS3BFLTlONTdtQVRGQ1BEbmFVamdsc0tuMWd1dVpYRXVEV2cwM3lFS1RINERrWk5reWdnaWxOQnlDWFpUYWFReTZXMGxlVmtMLUZCc3V2akJzcmVmTW5GT0FrcWV4V04xQ0ZReVNkLTVqVEQ2Yk9qMWpwRUMxalhkYnJ1Zw?oc=5\" target=\"_blank\" rel=\"noopener\">Premier League : un ancien joueur du LOSC prend un carton rouge\u2026 pour avoir gifl\u00e9 son co\u00e9quipier<\/a>&nbsp;&nbsp;La Voix du Nord<\/li>\n<li><a href=\"https:\/\/news.google.com\/rss\/articles\/CBMirwFBVV95cUxObElrMFo2alJoY2hHM1Z1YU1mSjlmODNCU0xWR213eWttSk9kZk1VS25aZmh6dnlWQ0N5RF9IV2cwaWRtSVZ6ZHJsX3BNWC1vUmFrUUpXR0lLeTFjZVMtWk9kZDdhQVl3VVpITkFBc3cyWHRBTS1rUHQ4aXRvMHhtU090SEJ3T3pRT2hBRHpCMk03aEFnMXJjeG1ZNUNjMWdPbGprS0JqMkNyQ2phTXZ3?oc=5\" target=\"_blank\" rel=\"noopener\">PL : \u00e0 dix contre onze, Everton s\u2019impose contre MU \u00e0 Old Trafford<\/a>&nbsp;&nbsp;Foot Mercato<\/li>\n<\/ol>\n","protected":false},"excerpt":{"rendered":"Sc\u00e8ne insolite : Idrissa Gueye prend un carton rouge lors d&rsquo;Everton-Manchester United&#8230; apr\u00e8s avoir gifl\u00e9 son co\u00e9quipier&nbsp;&nbsp;L&rsquo;\u00c9quipe Everton,&hellip;\n","protected":false},"author":2,"featured_media":395849,"comment_status":"","ping_status":"","sticky":false,"template":"","format":"standard","meta":{"footnotes":""},"categories":[2],"tags":[11,1011,27,12,25],"class_list":{"0":"post-556284","1":"post","2":"type-post","3":"status-publish","4":"format-standard","5":"has-post-thumbnail","7":"category-actualites","8":"tag-actualites","9":"tag-fr","10":"tag-france","11":"tag-news","12":"tag-republique-francaise"},"share_on_mastodon":{"url":"https:\/\/pubeurope.com\/@fr\/115606939590177410","error":""},"_links":{"self":[{"href":"https:\/\/www.europesays.com\/fr\/wp-json\/wp\/v2\/posts\/556284","targetHints":{"allow":["GET"]}}],"collection":[{"href":"https:\/\/www.europesays.com\/fr\/wp-json\/wp\/v2\/posts"}],"about":[{"href":"https:\/\/www.europesays.com\/fr\/wp-json\/wp\/v2\/types\/post"}],"author":[{"embeddable":true,"href":"https:\/\/www.europesays.com\/fr\/wp-json\/wp\/v2\/users\/2"}],"replies":[{"embeddable":true,"href":"https:\/\/www.europesays.com\/fr\/wp-json\/wp\/v2\/comments?post=556284"}],"version-history":[{"count":0,"href":"https:\/\/www.europesays.com\/fr\/wp-json\/wp\/v2\/posts\/556284\/revisions"}],"wp:featuredmedia":[{"embeddable":true,"href":"https:\/\/www.europesays.com\/fr\/wp-json\/wp\/v2\/media\/395849"}],"wp:attachment":[{"href":"https:\/\/www.europesays.com\/fr\/wp-json\/wp\/v2\/media?parent=556284"}],"wp:term":[{"taxonomy":"category","embeddable":true,"href":"https:\/\/www.europesays.com\/fr\/wp-json\/wp\/v2\/categories?post=556284"},{"taxonomy":"post_tag","embeddable":true,"href":"https:\/\/www.europesays.com\/fr\/wp-json\/wp\/v2\/tags?post=556284"}],"curies":[{"name":"wp","href":"https:\/\/api.w.org\/{rel}","templated":true}]}}