{"id":556289,"date":"2025-11-24T22:08:14","date_gmt":"2025-11-24T22:08:14","guid":{"rendered":"https:\/\/www.europesays.com\/fr\/556289\/"},"modified":"2025-11-24T22:08:14","modified_gmt":"2025-11-24T22:08:14","slug":"lenaig-corson-nolann-le-garrec-jean-noel-spitzer-stade-rennais-et-rc-vannes-les-locomotives-du-rugby-breton","status":"publish","type":"post","link":"https:\/\/www.europesays.com\/fr\/556289\/","title":{"rendered":"Lena\u00efg Corson, Nolann Le Garrec, Jean-No\u00ebl Spitzer, Stade Rennais et RC Vannes\u00a0: les locomotives du rugby breton"},"content":{"rendered":"<p>Les Bretonnes, des pionni\u00e8res<\/p>\n<p>Les pionni\u00e8res, ce sont les Bretonnes\u00a0! Le Stade Rennais rugby, \u00e9quipe f\u00e9minine historique qui vient de descendre en \u00c9lite 2 apr\u00e8s 20 saisons cons\u00e9cutives en premi\u00e8re division, a \u00e9t\u00e9 la premi\u00e8re locomotive du rugby breton au XXIe si\u00e8cle. Dans son sillage, une trentaine de joueuses issues de la formation bretonne ont \u00e9t\u00e9 internationales fran\u00e7aises \u00e0 XV ou \u00e0 VII. La Costarmoricaine \u00c9milie Mounier (9 s\u00e9lections) a \u00e9t\u00e9 la premi\u00e8re bretonne \u00e0 porter le maillot du XV de France, en 2004. D\u2019autres ont suivi comme <a href=\"https:\/\/www.letelegramme.fr\/sports\/rugby\/lenaig-corson-jai-mis-fin-a-ma-carriere-car-javais-du-mal-a-joindre-les-deux-bouts-6467717.php\" target=\"_blank\" rel=\"noopener\">Lena\u00efg Corson<\/a> (34 s\u00e9lections entre 2012 et 2021) qui continue de promouvoir le d\u00e9veloppement de la pratique du rugby chez les femmes via son <a href=\"https:\/\/www.letelegramme.fr\/sports\/rugby\/avec-rugbygirl-academie-lenaig-corson-veut-susciter-des-vocations-6469290.php\" target=\"_blank\" rel=\"noopener\">association \u00ab\u00a0RugbyGirl Acad\u00e9mie\u00a0\u00bb<\/a>. La Morbihannaise <a href=\"https:\/\/www.letelegramme.fr\/sports\/rugby\/jai-la-sensation-davoir-eu-le-courage-de-mecouter-caroline-drouin-se-confie-sur-les-raisons-de-sa-fin-de-carriere-a-29-ans-video-6897893.php\" target=\"_blank\" rel=\"noopener\">Caroline Drouin<\/a>, vice-championne olympique de rugby \u00e0 sept \u00e0 Tokyo (2021), a \u00e9galement \u00e9t\u00e9 une source d\u2019inspiration. Et la rel\u00e8ve est l\u00e0 avec les Finist\u00e9riennes Suliana Sivi et Chlo\u00e9 Vauclin ou encore la Morbihannaise Perrine Fagnen.<\/p>\n<p>Nolann Le Garrec<\/p>\n<p>Il a \u00e9t\u00e9 le premier Breton \u00e0 atteindre le cap des dix s\u00e9lections avec le XV de France. Titulaire lors du choc contre l\u2019Afrique du Sud, d\u00e9but novembre, Nolann Le Garrec en compte d\u00e9sormais 14. \u00c0 23 ans, le demi de m\u00eal\u00e9e originaire de Vannes a r\u00e9ussi \u00e0 s\u2019imposer derri\u00e8re l\u2019intouchable Antoine Dupont malgr\u00e9 une concurrence f\u00e9roce \u00e0 son poste (Lucu, Jauneau, Couilloud, Serin\u2026). Le nouveau joueur du Stade Rochelais, arriv\u00e9 cet \u00e9t\u00e9 apr\u00e8s huit ans au Racing 92, est un mod\u00e8le pour toute une g\u00e9n\u00e9ration de rugbymen bretons en herbe. L\u2019ailier lorientais Ga\u00ebl Dr\u00e9an, tout proche d\u2019une premi\u00e8re s\u00e9lection, est un autre exemple, notamment pour ceux n\u2019ayant pas r\u00e9ussi \u00e0 percer via centre de formation. Ils sont les dignes successeurs des <a href=\"https:\/\/www.letelegramme.fr\/sports\/rugby\/qui-est-gerard-bouguyon-le-premier-breton-a-avoir-joue-en-equipe-de-france-de-rugby-6516696.php\" target=\"_blank\" rel=\"noopener\">G\u00e9rard Bouguyon<\/a> et <a href=\"https:\/\/www.letelegramme.fr\/sports\/rugby\/qui-est-jean-le-droff-lun-des-plus-illustres-rugbymen-bretons-sans-avoir-vecu-en-bretagne-6857883.php\" target=\"_blank\" rel=\"noopener\">Jean Le Droff<\/a>, premiers Bretons \u00e0 avoir port\u00e9 le maillot frapp\u00e9 du coq dans les ann\u00e9es 1960.<\/p>\n<p>Jean-No\u00ebl Spitzer<\/p>\n<p>Il est indissociable du<a href=\"https:\/\/www.letelegramme.fr\/sports\/rugby\/rc-vannes\/\" title=\"www.letelegramme.fr\" target=\"_blank\" rel=\"noopener\"> RC Vannes<\/a>. Ancien troisi\u00e8me ligne du club, Jean-No\u00ebl Spitzer en est devenu l\u2019entra\u00eeneur alors que l\u2019\u00e9quipe \u00e9tait encore en F\u00e9d\u00e9rale 2 (quatri\u00e8me division). En 20 ans, le d\u00e9veloppement a \u00e9t\u00e9 consid\u00e9rable. Il a connu trois promotions et a men\u00e9 son club jusqu\u2019en Top 14, une grande premi\u00e8re pour une \u00e9quipe bretonne. Il est l\u2019un des acteurs majeurs de cette formidable progression du RCV et de l\u2019engouement qui la suit. Un engouement fou, dans toute la r\u00e9gion, qui a permis au club morbihannais de remplir le Roazhon Park de Rennes et ses pr\u00e8s de 30\u00a0000 places.<\/p>\n","protected":false},"excerpt":{"rendered":"Les Bretonnes, des pionni\u00e8res Les pionni\u00e8res, ce sont les Bretonnes\u00a0! Le Stade Rennais rugby, \u00e9quipe f\u00e9minine historique qui&hellip;\n","protected":false},"author":2,"featured_media":556290,"comment_status":"","ping_status":"","sticky":false,"template":"","format":"standard","meta":{"footnotes":""},"categories":[1416],"tags":[1011,27,3164,479,1468,60,3165],"class_list":{"0":"post-556289","1":"post","2":"type-post","3":"status-publish","4":"format-standard","5":"has-post-thumbnail","7":"category-rugby","8":"tag-fr","9":"tag-france","10":"tag-rc-vannes","11":"tag-rugby","12":"tag-rugby-football","13":"tag-sports","14":"tag-vannes"},"share_on_mastodon":{"url":"https:\/\/pubeurope.com\/@fr\/115606959604637188","error":""},"_links":{"self":[{"href":"https:\/\/www.europesays.com\/fr\/wp-json\/wp\/v2\/posts\/556289","targetHints":{"allow":["GET"]}}],"collection":[{"href":"https:\/\/www.europesays.com\/fr\/wp-json\/wp\/v2\/posts"}],"about":[{"href":"https:\/\/www.europesays.com\/fr\/wp-json\/wp\/v2\/types\/post"}],"author":[{"embeddable":true,"href":"https:\/\/www.europesays.com\/fr\/wp-json\/wp\/v2\/users\/2"}],"replies":[{"embeddable":true,"href":"https:\/\/www.europesays.com\/fr\/wp-json\/wp\/v2\/comments?post=556289"}],"version-history":[{"count":0,"href":"https:\/\/www.europesays.com\/fr\/wp-json\/wp\/v2\/posts\/556289\/revisions"}],"wp:featuredmedia":[{"embeddable":true,"href":"https:\/\/www.europesays.com\/fr\/wp-json\/wp\/v2\/media\/556290"}],"wp:attachment":[{"href":"https:\/\/www.europesays.com\/fr\/wp-json\/wp\/v2\/media?parent=556289"}],"wp:term":[{"taxonomy":"category","embeddable":true,"href":"https:\/\/www.europesays.com\/fr\/wp-json\/wp\/v2\/categories?post=556289"},{"taxonomy":"post_tag","embeddable":true,"href":"https:\/\/www.europesays.com\/fr\/wp-json\/wp\/v2\/tags?post=556289"}],"curies":[{"name":"wp","href":"https:\/\/api.w.org\/{rel}","templated":true}]}}