{"id":55629,"date":"2025-04-27T00:38:26","date_gmt":"2025-04-27T00:38:26","guid":{"rendered":"https:\/\/www.europesays.com\/fr\/55629\/"},"modified":"2025-04-27T00:38:26","modified_gmt":"2025-04-27T00:38:26","slug":"les-amateurs-de-vins-ont-rendez-vous-a-vezin-le-coquet-au-salon-des-gourmets","status":"publish","type":"post","link":"https:\/\/www.europesays.com\/fr\/55629\/","title":{"rendered":"Les amateurs de vins ont rendez-vous \u00e0 Vezin-le-Coquet au salon des Gourmets"},"content":{"rendered":"<p>Ce samedi 26\u00a0avril 2025, \u00e0 Vezin-le-Coquet (Ille-et-Vilaine) se d\u00e9roule le 16e salon des Gourmets, organis\u00e9 par le club d\u2019\u0153nologie. Une vingtaine de vignerons venus de r\u00e9gions diff\u00e9rentes seront pr\u00e9sents. \u00a0C\u2019est principalement un salon des vins\u00a0\u00bb, pr\u00e9cise Marion Chevillard, la pr\u00e9sidente de l\u2019association.<a href=\"https:\/\/rennes.maville.com\/actu\/actudet_-vezin-le-coquet.-les-producteurs-se-sentent-comme-a-la-maison-_7-5708967_actu.Htm\" target=\"_blank\" rel=\"noopener\"> Et de nombreux vignerons reviennent chaque ann\u00e9e.<\/a><\/p>\n<p>Amine Rigal, du domaine Terrasses du Larzac, AOC situ\u00e9 dans le Languedoc est de ceux-l\u00e0.\u00a0C\u2019est notre troisi\u00e8me ou quatri\u00e8me participation \u00e0 ce salon. Le domaine a \u00e9t\u00e9 cr\u00e9\u00e9 en 1986. Au d\u00e9part, notre production \u00e9tait faible. Le terroir est int\u00e9ressant et nous avons de bons produits. Nous souhaitons nous d\u00e9velopper et donc il est important de se faire conna\u00eetre en participant \u00e0 des salons, comme celui-ci, explique-il. M\u00eame si sa dur\u00e9e d\u2019un jour est un peu courte par rapport au trajet, on prend plaisir \u00e0 y participer. L\u2019\u00e9quipe d\u2019\u0153nologie est sympathique. Compos\u00e9e d\u2019amoureux du vin, elle a pris plaisir \u00e0 d\u00e9couvrir notre terroir. Ce salon est un moment tr\u00e8s convivial.\u00a0<\/p>\n<p>Premi\u00e8re participation pour le domaine Mar\u00e7ais<\/p>\n<p>Par contre, c\u2019est la premi\u00e8re participation du domaine Mar\u00e7ais qui produit du vin d\u2019Anjou et du Coteaux du Layon. Pour Sylvain Mar\u00e7ais, \u00a0c\u2019est important d\u2019\u00eatre pr\u00e9sent dans ce salon o\u00f9 ce type de vin n\u2019est pas encore propos\u00e9. Et je sais que je vais retrouver des clients que je livre depuis plusieurs ann\u00e9es dans les environs. Mes contacts avec l\u2019\u00e9quipe sont rassurants\u00a0\u00bb.<\/p>\n<p>Ap\u00e9ro D\u00e9lice pour les produits de bouche<\/p>\n<p>Quelques produits de bouche sont \u00e9galement pr\u00e9sents dont Ap\u00e9ro D\u00e9lice qui propose des sabl\u00e9s, sucr\u00e9s ou sal\u00e9s, fabriqu\u00e9s de A \u00e0 Z \u00e0 Br\u00e9al-sous-Montfort par Yasmina Gaulard, une jeune autoentrepreneuse. \u00a0Ce qui me pla\u00eet dans ce salon situ\u00e9 proche de chez moi, est le dynamisme de l\u2019\u00e9quipe avec tout ce qui est propos\u00e9 autour pendant le week-end. L\u2019ambiance est presque familiale.\u00a0 Ce salon a contribu\u00e9 au d\u00e9veloppement de sa client\u00e8le\u00a0: \u00a0Les clients reviennent chaque ann\u00e9e, en parlent autour d\u2019eux et mes produits sont de plus en plus connus ce qui a permis d\u2019ouvrir de nouveaux points de vente.\u00a0<\/p>\n<p>Samedi 26\u00a0avril, de 9\u00a0h\u00a030 \u00e0 19\u00a0h, entr\u00e9e libre, salle des f\u00eates.<\/p>\n<p>\u00a0<\/p>\n<p>\u00a0<\/p>\n","protected":false},"excerpt":{"rendered":"Ce samedi 26\u00a0avril 2025, \u00e0 Vezin-le-Coquet (Ille-et-Vilaine) se d\u00e9roule le 16e salon des Gourmets, organis\u00e9 par le club&hellip;\n","protected":false},"author":2,"featured_media":55630,"comment_status":"","ping_status":"","sticky":false,"template":"","format":"standard","meta":{"footnotes":""},"categories":[2821],"tags":[1111,11,5592,829,1777,674,1011,27,15048,12,3086,12407,584,25,6290,15047,4186],"class_list":{"0":"post-55629","1":"post","2":"type-post","3":"status-publish","4":"format-standard","5":"has-post-thumbnail","7":"category-rennes","8":"tag-actu","9":"tag-actualites","10":"tag-amateurs","11":"tag-bretagne","12":"tag-eu","13":"tag-europe","14":"tag-fr","15":"tag-france","16":"tag-gourmets","17":"tag-news","18":"tag-redon","19":"tag-rendez-vous","20":"tag-rennes","21":"tag-republique-francaise","22":"tag-salon","23":"tag-vezin-le-coquet","24":"tag-vins"},"share_on_mastodon":{"url":"https:\/\/pubeurope.com\/@fr\/114407139265431809","error":""},"_links":{"self":[{"href":"https:\/\/www.europesays.com\/fr\/wp-json\/wp\/v2\/posts\/55629","targetHints":{"allow":["GET"]}}],"collection":[{"href":"https:\/\/www.europesays.com\/fr\/wp-json\/wp\/v2\/posts"}],"about":[{"href":"https:\/\/www.europesays.com\/fr\/wp-json\/wp\/v2\/types\/post"}],"author":[{"embeddable":true,"href":"https:\/\/www.europesays.com\/fr\/wp-json\/wp\/v2\/users\/2"}],"replies":[{"embeddable":true,"href":"https:\/\/www.europesays.com\/fr\/wp-json\/wp\/v2\/comments?post=55629"}],"version-history":[{"count":0,"href":"https:\/\/www.europesays.com\/fr\/wp-json\/wp\/v2\/posts\/55629\/revisions"}],"wp:featuredmedia":[{"embeddable":true,"href":"https:\/\/www.europesays.com\/fr\/wp-json\/wp\/v2\/media\/55630"}],"wp:attachment":[{"href":"https:\/\/www.europesays.com\/fr\/wp-json\/wp\/v2\/media?parent=55629"}],"wp:term":[{"taxonomy":"category","embeddable":true,"href":"https:\/\/www.europesays.com\/fr\/wp-json\/wp\/v2\/categories?post=55629"},{"taxonomy":"post_tag","embeddable":true,"href":"https:\/\/www.europesays.com\/fr\/wp-json\/wp\/v2\/tags?post=55629"}],"curies":[{"name":"wp","href":"https:\/\/api.w.org\/{rel}","templated":true}]}}