{"id":556295,"date":"2025-11-24T22:14:13","date_gmt":"2025-11-24T22:14:13","guid":{"rendered":"https:\/\/www.europesays.com\/fr\/556295\/"},"modified":"2025-11-24T22:14:13","modified_gmt":"2025-11-24T22:14:13","slug":"le-psg-a-lance-la-discussion-pour-upamecano","status":"publish","type":"post","link":"https:\/\/www.europesays.com\/fr\/556295\/","title":{"rendered":"Le PSG a lanc\u00e9 la discussion pour Upamecano !"},"content":{"rendered":"<p><strong>Dayot Upamecano, d\u00e9fenseur de 27 ans de l\u2019Equipe de France et du Bayern Munich, est au c\u0153ur des rumeurs du mercato alors que son contrat s\u2019arr\u00eate en juin 2026. Le Paris Saint-Germain a \u00e9t\u00e9 \u00e9voqu\u00e9 dans ce dossier. Le journaliste Florian Plettenberg affirme ce lundi soir que le PSG est \u00e0 l\u2019aff\u00fbt, comme le Real Madrid. Mais le club allemand est loin d\u2019avoir abandonn\u00e9.<\/strong><\/p>\n<p><img loading=\"lazy\" decoding=\"async\" class=\"aligncenter wp-image-887673 lazyload\" alt=\"\" width=\"382\" height=\"619\" data-eio=\"p\" src=\"https:\/\/www.europesays.com\/fr\/wp-content\/uploads\/2025\/11\/IMG_20251124_184108.jpg\"  data- data-eio-rwidth=\"1080\" data-eio-rheight=\"1748\"\/><\/p>\n<p>\u00ab\u00a0 Des discussions ont eu lieu, notamment avec le Real Madrid.\u00a0\u00bb<\/p>\n<blockquote>\n<p>\u00ab\u00a0Le Paris Saint-Germain est tr\u00e8s int\u00e9ress\u00e9 par Dayot Upamecano s\u2019il venait \u00e0 partir libre. Des discussions ont eu lieu, notamment avec le Real Madrid.<\/p>\n<p>Le Bayern Munich esp\u00e8re toujours qu\u2019Upamecano prolongera son contrat au moins jusqu\u2019en 2030. Le montant de sa clause lib\u00e9ratoire reste un point crucial. Max Eberl fait pression.\u00a0\u00bb<\/p>\n<\/blockquote>\n<p>Rien d\u2019impossible, ni de certain. On se doute qu\u2019un joueur comme Upamecano attire des int\u00e9r\u00eats et le PSG peut bien faire partie des clubs qui se renseignent. Cependant, ce n\u2019est pas s\u00fbr non plus et rien ne dit que la discussion pourrait aboutir \u00e0 une signature. Il y a d\u2019autres clubs dans le dossier, dont le Bayern Munich. La prolongation semble encore \u00eatre l\u2019issue la plus probable.<\/p>\n<p>Le plus sage, c\u2019est d\u2019attendre le r\u00e9sultat officiel des r\u00e9flexions et discussions. Un petit espoir d\u2019arriv\u00e9e au PSG peut exister, sauf que ce serait plut\u00f4t une surprise pour le moment.<\/p>\n<p>\t\t\t\t\t\t\t\t\t\t\t\t\t\t\t\t\t\t\t\t\t\t\t<img loading=\"lazy\" src=\"https:\/\/www.europesays.com\/fr\/wp-content\/uploads\/2025\/04\/ParisFans_Logo.png\" decoding=\"async\" class=\"lazyload\" width=\"240\" height=\"54\" data-eio-rwidth=\"240\" data-eio-rheight=\"54\"\/><\/p>\n","protected":false},"excerpt":{"rendered":"Dayot Upamecano, d\u00e9fenseur de 27 ans de l\u2019Equipe de France et du Bayern Munich, est au c\u0153ur des&hellip;\n","protected":false},"author":2,"featured_media":556296,"comment_status":"","ping_status":"","sticky":false,"template":"","format":"standard","meta":{"footnotes":""},"categories":[1410],"tags":[4784,63,1011,27,60,96],"class_list":{"0":"post-556295","1":"post","2":"type-post","3":"status-publish","4":"format-standard","5":"has-post-thumbnail","7":"category-football","8":"tag-dayot-upamecano","9":"tag-football","10":"tag-fr","11":"tag-france","12":"tag-sports","13":"tag-une"},"share_on_mastodon":{"url":"https:\/\/pubeurope.com\/@fr\/115606983817916186","error":""},"_links":{"self":[{"href":"https:\/\/www.europesays.com\/fr\/wp-json\/wp\/v2\/posts\/556295","targetHints":{"allow":["GET"]}}],"collection":[{"href":"https:\/\/www.europesays.com\/fr\/wp-json\/wp\/v2\/posts"}],"about":[{"href":"https:\/\/www.europesays.com\/fr\/wp-json\/wp\/v2\/types\/post"}],"author":[{"embeddable":true,"href":"https:\/\/www.europesays.com\/fr\/wp-json\/wp\/v2\/users\/2"}],"replies":[{"embeddable":true,"href":"https:\/\/www.europesays.com\/fr\/wp-json\/wp\/v2\/comments?post=556295"}],"version-history":[{"count":0,"href":"https:\/\/www.europesays.com\/fr\/wp-json\/wp\/v2\/posts\/556295\/revisions"}],"wp:featuredmedia":[{"embeddable":true,"href":"https:\/\/www.europesays.com\/fr\/wp-json\/wp\/v2\/media\/556296"}],"wp:attachment":[{"href":"https:\/\/www.europesays.com\/fr\/wp-json\/wp\/v2\/media?parent=556295"}],"wp:term":[{"taxonomy":"category","embeddable":true,"href":"https:\/\/www.europesays.com\/fr\/wp-json\/wp\/v2\/categories?post=556295"},{"taxonomy":"post_tag","embeddable":true,"href":"https:\/\/www.europesays.com\/fr\/wp-json\/wp\/v2\/tags?post=556295"}],"curies":[{"name":"wp","href":"https:\/\/api.w.org\/{rel}","templated":true}]}}