{"id":556297,"date":"2025-11-24T22:15:16","date_gmt":"2025-11-24T22:15:16","guid":{"rendered":"https:\/\/www.europesays.com\/fr\/556297\/"},"modified":"2025-11-24T22:15:16","modified_gmt":"2025-11-24T22:15:16","slug":"ca-reste-un-frein-le-fils-de-yannick-noah-et-isabelle-camus-sisole-il-ne-passera-pas-noel-en-famille","status":"publish","type":"post","link":"https:\/\/www.europesays.com\/fr\/556297\/","title":{"rendered":"\u00ab\u00a0\u00c7a reste un frein\u00a0\u00bb : le fils de Yannick Noah et Isabelle Camus s\u2019isole, il ne passera pas No\u00ebl en famille"},"content":{"rendered":"<p class=\"p1\">Si son p\u00e8re a fait des \u00e9tincelles sur la terre<br \/>\nbattue, lui fait vibrer dans les clubs et autres \u00e9tablissements<br \/>\nhupp\u00e9s de Paris. A 21 ans, <a href=\"https:\/\/www.closermag.fr\/people\/joalukas-noah-a-18-ans-jade-hallyday-stella-belmondo-sasha-nikolic-parterre-de-filles-de-pour-son-incroyable-fete-1597305\" target=\"_blank\" rel=\"noopener\"><br \/>\nJoalukas Noah<\/a> est promis \u00e0 <strong>une grande carri\u00e8re<\/strong><br \/>\nDJ. Le 22 novembre dernier, Le Bambou, son restaurant favori, situ\u00e9<br \/>\ndans le 2e arrondissement de la capitale, lui a d\u00e9roul\u00e9 le tapis<br \/>\nrouge, le temps d&rsquo;un set de haute vol\u00e9e.<\/p>\n<p class=\"p1\">\u00ab\u00a0Et c\u2019est vrai que quand je sais que beaucoup de<br \/>\npersonnes attendent que je mette l\u2019ambiance, <strong>j\u2019ai une<br \/>\nsacr\u00e9e pression sur les \u00e9paules<\/strong>\u00ab\u00a0, confie le fils de<br \/>\nYannick Noah dans une interview accord\u00e9e en exclusivit\u00e9 \u00e0 nos<br \/>\nconfr\u00e8res du magazine Gala. <strong>Un stress qu&rsquo;il ne<br \/>\nressent pas que derri\u00e8re les platines.<\/strong><\/p>\n<p>Yannick Noah : pourquoi son fils ne passera pas No\u00ebl<br \/>\nen famille<\/p>\n<p class=\"p1\">Comme plusieurs millions de Fran\u00e7ais, Joalukas Noah<br \/>\n<strong>souffre d&rsquo;<\/strong><a href=\"https:\/\/www.closermag.fr\/vecu\/faits_divers\/peur-en-avion-les-astuces-dun-steward-a-adopter-pendant-le-vol-3453406\" target=\"_blank\" rel=\"noopener\">aviophobie<\/a>.<br \/>\nUn vrai handicap quand on appartient \u00e0 une grande famille dispers\u00e9e<br \/>\naux quatre coins du monde. \u00ab\u00a0<strong>J\u2019ai fait le stage<br \/>\n&lsquo;antistress&rsquo; chez Air France<\/strong>, je consulte un hypnotiseur<br \/>\ntoutes les trois semaines, mais <strong>\u00e7a reste un frein pour voir<br \/>\nma famille<\/strong> aujourd\u2019hui\u00a0\u00bb, explique le fils de Isabelle<br \/>\nCamus.<\/p>\n<p class=\"p1\">\u00ab\u00a0Ma s\u0153ur a\u00een\u00e9e [Y\u00e9l\u00e9na Noah] habite \u00e0 Hawa\u00ef, mon<br \/>\nfr\u00e8re [le joueur de basket Joakim Noah] habite \u00e0 Miami et mon p\u00e8re<br \/>\nest 90 % du temps au Cameroun\u00a0\u00bb, poursuit-il. Cette peur<br \/>\norganique de l&rsquo;avion le contraint \u00e0 s&rsquo;isoler pendant les f\u00eates de<br \/>\nfin d&rsquo;ann\u00e9e. \u00ab\u00a0Ce qui m\u2019attriste, c\u2019est qu\u2019<strong>ils vont<br \/>\nf\u00eater No\u00ebl au Cameroun tous ensemble<\/strong>.\u00a0\u00bb\u00a0Sans que<br \/>\nle jeune DJ puisse les rejoindre.<\/p>\n<p>Yannick Noah : a-t-il une bonne<br \/>\nrelation avec son fils ?<\/p>\n<p class=\"p1\">Toujours dans cette m\u00eame interview, Joalukas Noah<br \/>\n\u00e9voque <strong>sa tr\u00e8s bonne relation avec ses parents<\/strong>.<br \/>\n\u00ab\u00a0Ils sont tr\u00e8s pr\u00e9sents pour moi, j\u2019ai une grande chance.<br \/>\n<strong>Ils sont comme mes meilleurs amis<\/strong>, je peux leur<br \/>\nparler de tout et je trouve toujours une oreille attentive quand<br \/>\nj\u2019admets que ce milieu me fait un peu peur\u00a0\u00bb, livre-t-il.<\/p>\n<p class=\"p1\">D&rsquo;apr\u00e8s les dires de son fils, <a href=\"https:\/\/www.closermag.fr\/people\/yannick-noah-papa-a-64-ans-premier-cliche-de-son-sixieme-enfant-adorable-bambin-3539003\" target=\"_blank\" rel=\"noopener\"><br \/>\nYannick Noah se montre prodigue en \u00ab\u00a0tr\u00e8s bons tuyaux\u00a0\u00bb sur<br \/>\nla mani\u00e8re de g\u00e9rer le stress.<\/a> \u00ab\u00a0Mon p\u00e8re m\u2019a, par exemple,<br \/>\nconseill\u00e9 de toujours <strong>prendre du temps pour moi juste<br \/>\napr\u00e8s<\/strong>, de prendre le temps de souffler, seul\u00a0\u00bb,<br \/>\n\u00e9claire Joalukas Noah qui adore passer du temps au Cameroun<br \/>\n(\u00ab\u00a0C\u2019est ma deuxi\u00e8me maison\u00a0\u00bb) avec lui d\u00e8s qu&rsquo;il le<br \/>\npeut.<\/p>\n","protected":false},"excerpt":{"rendered":"Si son p\u00e8re a fait des \u00e9tincelles sur la terre battue, lui fait vibrer dans les clubs et&hellip;\n","protected":false},"author":2,"featured_media":556298,"comment_status":"","ping_status":"","sticky":false,"template":"","format":"standard","meta":{"footnotes":""},"categories":[1359],"tags":[10281,58,59,1011,27,973,65861,13010],"class_list":{"0":"post-556297","1":"post","2":"type-post","3":"status-publish","4":"format-standard","5":"has-post-thumbnail","7":"category-people","8":"tag-buzz-nonli","9":"tag-divertissement","10":"tag-entertainment","11":"tag-fr","12":"tag-france","13":"tag-people","14":"tag-trend","15":"tag-yannick-noah"},"share_on_mastodon":{"url":"https:\/\/pubeurope.com\/@fr\/115606986863792849","error":""},"_links":{"self":[{"href":"https:\/\/www.europesays.com\/fr\/wp-json\/wp\/v2\/posts\/556297","targetHints":{"allow":["GET"]}}],"collection":[{"href":"https:\/\/www.europesays.com\/fr\/wp-json\/wp\/v2\/posts"}],"about":[{"href":"https:\/\/www.europesays.com\/fr\/wp-json\/wp\/v2\/types\/post"}],"author":[{"embeddable":true,"href":"https:\/\/www.europesays.com\/fr\/wp-json\/wp\/v2\/users\/2"}],"replies":[{"embeddable":true,"href":"https:\/\/www.europesays.com\/fr\/wp-json\/wp\/v2\/comments?post=556297"}],"version-history":[{"count":0,"href":"https:\/\/www.europesays.com\/fr\/wp-json\/wp\/v2\/posts\/556297\/revisions"}],"wp:featuredmedia":[{"embeddable":true,"href":"https:\/\/www.europesays.com\/fr\/wp-json\/wp\/v2\/media\/556298"}],"wp:attachment":[{"href":"https:\/\/www.europesays.com\/fr\/wp-json\/wp\/v2\/media?parent=556297"}],"wp:term":[{"taxonomy":"category","embeddable":true,"href":"https:\/\/www.europesays.com\/fr\/wp-json\/wp\/v2\/categories?post=556297"},{"taxonomy":"post_tag","embeddable":true,"href":"https:\/\/www.europesays.com\/fr\/wp-json\/wp\/v2\/tags?post=556297"}],"curies":[{"name":"wp","href":"https:\/\/api.w.org\/{rel}","templated":true}]}}