{"id":556299,"date":"2025-11-24T22:16:13","date_gmt":"2025-11-24T22:16:13","guid":{"rendered":"https:\/\/www.europesays.com\/fr\/556299\/"},"modified":"2025-11-24T22:16:13","modified_gmt":"2025-11-24T22:16:13","slug":"equerre-dargent-2025-le-palmares-complet","status":"publish","type":"post","link":"https:\/\/www.europesays.com\/fr\/556299\/","title":{"rendered":"\u00c9querre d&rsquo;argent 2025 : le palmar\u00e8s complet"},"content":{"rendered":"<p>&#13;<br \/>\n\tVingt r\u00e9alisations nomm\u00e9es \u00e0 l&rsquo;\u00c9querre d&rsquo;argent 2025 ont \u00e9t\u00e9 soumises au jury pr\u00e9sid\u00e9 par\u00a0Philippe Prost qui, apr\u00e8s avoir auditionn\u00e9 l&rsquo;ensemble des architectes, a d\u00e9sign\u00e9, le 24 novembre 2025, le laur\u00e9at du prix: le groupe scolaire Simone Veil\u00a0\u00e0 Tremblay-en-France (Seine-Saint-Denis) men\u00e9 par Le Penhuel &amp; Associ\u00e9s pour la mairie de Tremblay-en-France. Le jury a \u00e9galement distingu\u00e9 des laur\u00e9ats dans les cat\u00e9gories \u00ab\u00a0Habitat\u00a0\u00bb, \u00ab\u00a0Culture, jeunesse et sport\u00a0\u00bb, \u00ab\u00a0Lieux d&rsquo;activit\u00e9\u00a0\u00bb, \u00ab\u00a0Infrastructures et ouvrages d&rsquo;art\u00a0\u00bb et \u00ab\u00a0Espaces publics et paysagers\u00a0\u00bb. Enfin, le prix de la Premi\u00e8re \u0152uvre 2025 est attribu\u00e9\u00a0au p\u00f4le enfance des Loges \u00e0 Evry-Courcouronnes (Essonne) men\u00e9 par Hemaa pour la mairie d&rsquo;Evry-Courcouronnes.\u00a0<\/p>\n<p>&#13;<br \/>\n\t\u00a0<\/p>\n<p>&#13;<br \/>\n\t<strong>PALMAR<\/strong><strong>\u00c8S COMPLET<\/strong><br \/>\n&#13;<br \/>\n\t\u00c9querre d\u2019argent 2025<\/p>\n<ul>&#13;<\/p>\n<li>&#13;<br \/>\n\t\tGroupe scolaire \u00e0 Tremblay-en-France (Seine-Saint-Denis)<\/li>\n<p>&#13;\n<\/ul>\n<p style=\"margin-left: 40px;\">&#13;<br \/>\n\t<strong>Ma\u00eetrise d\u2019ouvrage :<\/strong>\u00a0Mairie de\u00a0Tremblay-en-France<br \/>&#13;<br \/>\n\t<strong>Architectes :<\/strong>\u00a0Le Penhuel &amp; Associ\u00e9s<\/p>\n<p>&#13;<br \/>\n\t\u00a0<\/p>\n<p>&#13;<br \/>\n\t<img decoding=\"async\" alt=\"Groupe scolaire \u00e0 Tremblay-en-France (Seine-Saint-Denis), Le Penhuel &amp; Associ\u00e9s pour la mairie de Tremblay-en-France, nomm\u00e9 \u00e0 l'\u00c9querre d'argent 2025\" src=\"data:image\/gif;base64,R0lGODdhAQABAPAAAMPDwwAAACwAAAAAAQABAAACAkQBADs=\" data-original=\"https:\/\/www.amc-archi.com\/mediatheque\/2\/7\/7\/000414772_illustration_large.jpg\"\/><\/p>\n<p>&#13;<br \/>\n\tGroupe scolaire \u00e0 Tremblay-en-France (Seine-Saint-Denis), nomm\u00e9 dans la cat\u00e9gorie Culture, jeunesse et sport, ma\u00eetrise d&rsquo;ouvrage :\u00a0Mairie de\u00a0Tremblay-en-France\u00a0; architectes :\u00a0Le Penhuel &amp; Associ\u00e9s\u00a0\u00a9\u00a0Vladimir de Mollerat du Jeu.<\/p>\n<p>&#13;<br \/>\n\t\u00a0<\/p>\n<p>&#13;<br \/>\n\tLaur\u00e9ats par cat\u00e9gorie<br \/>\n&#13;<br \/>\n\t<strong>Habitat<\/strong><\/p>\n<ul>&#13;<\/p>\n<li>&#13;<br \/>\n\t\tR\u00e9habilitation d\u2019un \u00eelot en 14 logements sociaux \u00e0 Aurillac (Cantal)<\/li>\n<p>&#13;\n<\/ul>\n<p style=\"margin-left: 40px;\">&#13;<br \/>\n\t<strong>Ma\u00eetrise d\u2019ouvrage :<\/strong>\u00a0Polygone SA HLM<br \/>&#13;<br \/>\n\t<strong>Architectes :<\/strong>\u00a0<strong><a href=\"https:\/\/www.amc-archi.com\/article\/boris-bouchet-portrait,94433\" target=\"_blank\" rel=\"noopener\">Boris Bouchet<\/a><\/strong><\/p>\n<p style=\"margin-left: 40px;\">&#13;<br \/>\n\t\u00a0<\/p>\n<p>&#13;<br \/>\n\t<img decoding=\"async\" alt=\"R\u00e9habilitation d\u2019un \u00eelot en 14 logements sociaux \u00e0 Aurillac (Cantal), Boris Bouchet pour Polygone SA HLM, nomm\u00e9s \u00e0 l'\u00c9querre d'argent 2025\" src=\"data:image\/gif;base64,R0lGODdhAQABAPAAAMPDwwAAACwAAAAAAQABAAACAkQBADs=\" data-original=\"https:\/\/www.amc-archi.com\/mediatheque\/7\/3\/7\/000414737_illustration_large.jpg\"\/><\/p>\n<p>&#13;<br \/>\n\tR\u00e9habilitation d\u2019un \u00eelot en 14 logements sociaux \u00e0 Aurillac (Cantal),\u00a0ma\u00eetrise d&rsquo;ouvrage :\u00a0Polygone SA HLM\u00a0; architectes :\u00a0Boris Bouchet\u00a0\u00a9 Beno\u00eet Alazard.<\/p>\n<p>&#13;<br \/>\n\t\u00a0<\/p>\n<p>&#13;<br \/>\n\t<strong>Culture, jeunesse et sport<\/strong><\/p>\n<p style=\"margin-left: 40px;\">&#13;<br \/>\n\t<strong>Ma\u00eetrise d\u2019ouvrage :<\/strong>\u00a0Conseil\u00a0d\u00e9partemental de l&rsquo;Ari\u00e8ge<br \/>&#13;<br \/>\n\t<strong>Architecte :<\/strong>\u00a0Cros &amp; Leclercq \u00a0<\/p>\n<p style=\"margin-left: 40px;\">&#13;<br \/>\n\t\u00a0<\/p>\n<p>&#13;<br \/>\n\t<img decoding=\"async\" alt=\"Am\u00e9nagement du ch\u00e2teau de Foix (Ari\u00e8ge), Cros &amp; Leclercq pour le Conseil d\u00e9partemental de l'Ari\u00e8ge, nomm\u00e9 \u00e0 l'\u00c9querre d'argent 2025\" src=\"data:image\/gif;base64,R0lGODdhAQABAPAAAMPDwwAAACwAAAAAAQABAAACAkQBADs=\" data-original=\"https:\/\/www.amc-archi.com\/mediatheque\/3\/4\/7\/000414743_illustration_large.jpg\"\/><\/p>\n<p>&#13;<br \/>\n\tAm\u00e9nagement du ch\u00e2teau de Foix (Ari\u00e8ge), ma\u00eetrise d\u2019ouvrage :\u00a0Conseil\u00a0d\u00e9partemental de l&rsquo;Ari\u00e8ge\u00a0; architecte :\u00a0Cros &amp; Leclercq\u00a0\u00a9\u00a0Antoine Bonnafous.<\/p>\n<p>&#13;<br \/>\n\t\u00a0<\/p>\n<p>&#13;<br \/>\n\t<strong>Lieux d&rsquo;activit\u00e9<\/strong><\/p>\n<p style=\"margin-left: 40px;\">&#13;<br \/>\n\t<strong>Ma\u00eetrise d\u2019ouvrage :<\/strong>\u00a0Quartus\u00a0<br \/>&#13;<br \/>\n\t<strong>Architecte :<\/strong>\u00a0Alexandre Chemetoff \u2013 Bureau des paysages<\/p>\n<p style=\"margin-left: 40px;\">&#13;<br \/>\n\t\u00a0<\/p>\n<p>&#13;<br \/>\n\t<img decoding=\"async\" alt=\"Bureaux et logements \u00e0 Nantes (Loire-Atlantique), Alexandre Chemetoff \u2013 Bureau des paysages pour Quartus, nomm\u00e9s \u00e0 l'\u00c9querre d'argent 2025\" src=\"data:image\/gif;base64,R0lGODdhAQABAPAAAMPDwwAAACwAAAAAAQABAAACAkQBADs=\" data-original=\"https:\/\/www.amc-archi.com\/mediatheque\/9\/8\/7\/000414789_illustration_large.jpg\"\/><\/p>\n<p>&#13;<br \/>\n\tBureaux et logements \u00e0 Nantes (Loire-Atlantique), ma\u00eetrise d\u2019ouvrage :\u00a0Quartus\u00a0; architecte :\u00a0Alexandre Chemetoff \u2013 Bureau des paysages\u00a0\u00a9\u00a0Alexandre Chemetoff \u2013 Bureau des paysages.<\/p>\n<p>&#13;<br \/>\n\t\u00a0<\/p>\n<p>&#13;<br \/>\n\t<b>Espaces publics et paysagers<\/b><\/p>\n<p style=\"margin-left: 40px;\">&#13;<br \/>\n\t<strong>Ma\u00eetrise d\u2019ouvrage :<\/strong>\u00a0Soci\u00e9t\u00e9 de livraison des ouvrages olympiques (Solideo)<br \/>&#13;<br \/>\n\t<strong>Ma\u00eetrise d\u2019\u0153uvre :<\/strong>\u00a0D\u2019ici l\u00e0<\/p>\n<p style=\"margin-left: 40px;\">&#13;<br \/>\n\t\u00a0<\/p>\n<p>&#13;<br \/>\n\t<img decoding=\"async\" alt=\"Parc sportif et paysager \u00e0 Elancourt (Yvelines), D\u2019ici l\u00e0 pour la Soci\u00e9t\u00e9 de livraison des ouvrages olympiques (Solideo), nomm\u00e9 \u00e0 l'\u00c9querre d'argent 2025\" src=\"data:image\/gif;base64,R0lGODdhAQABAPAAAMPDwwAAACwAAAAAAQABAAACAkQBADs=\" data-original=\"https:\/\/www.amc-archi.com\/mediatheque\/1\/4\/7\/000414741_illustration_large.jpg\"\/><\/p>\n<p>&#13;<br \/>\n\tParc sportif et paysager \u00e0\u00a0Elancourt\u00a0(Yvelines), ma\u00eetrise d&rsquo;ouvrage :\u00a0Soci\u00e9t\u00e9 de livraison des ouvrages olympiques (Solideo), ma\u00eetrise d\u2019\u0153uvre :\u00a0D\u2019ici l\u00e0\u00a0\u00a9\u00a0Drone Press \/ Sennse \/ SOLIDEO.<\/p>\n<p>&#13;<br \/>\n\t\u00a0<\/p>\n<p>&#13;<br \/>\n\t<b>Infrastructures et ouvrages d&rsquo;art<\/b><\/p>\n<p style=\"margin-left: 40px;\">&#13;<br \/>\n\t<strong>Ma\u00eetrise d\u2019ouvrage :<\/strong>\u00a0Communaut\u00e9 de communes de la\u00a0Veyle\u00a0<br \/>&#13;<br \/>\n\t<strong>Ma\u00eetrise d\u2019\u0153uvre :<\/strong>\u00a0Atelier Tropisme M\u00e9canique<\/p>\n<p style=\"margin-left: 40px;\">&#13;<br \/>\n\t\u00a0<\/p>\n<p>&#13;<br \/>\n\t<img decoding=\"async\" alt=\"Passerelle cyclo-pi\u00e9tonne \u00e0 Cormoranche-sur-Sa\u00f4ne (Ain), Atelier Tropisme M\u00e9canique pour la Communaut\u00e9 de communes de la Veyle, nomm\u00e9e \u00e0 l'\u00c9querre d'argent 2025\" src=\"data:image\/gif;base64,R0lGODdhAQABAPAAAMPDwwAAACwAAAAAAQABAAACAkQBADs=\" data-original=\"https:\/\/www.amc-archi.com\/mediatheque\/8\/8\/7\/000414788_illustration_large.jpg\"\/><\/p>\n<p>&#13;<br \/>\n\tPasserelle cyclo-pi\u00e9tonne \u00e0\u00a0Cormoranche-sur-Sa\u00f4ne\u00a0(Ain), ma\u00eetrise d&rsquo;ouvrage :\u00a0Communaut\u00e9 de communes de la\u00a0Veyle, ma\u00eetrise d\u2019\u0153uvre :\u00a0Atelier Tropisme M\u00e9canique\u00a0\u00a9\u00a0Fran\u00e7ois Baudry.<\/p>\n<p>&#13;<br \/>\n\t\u00a0<\/p>\n<p>&#13;<br \/>\n\t<strong>Premi\u00e8re \u0152uvre 2025<\/strong><\/p>\n<p style=\"margin-left: 40px;\">&#13;<br \/>\n\t<strong>Ma\u00eetrise d\u2019ouvrage :<\/strong>\u00a0Mairie d&rsquo;Evry-Courcouronnes\u00a0<\/p>\n<p style=\"margin-left: 40px;\">&#13;<br \/>\n\t<strong>Architecte :<\/strong>\u00a0Hemaa<\/p>\n<p style=\"margin-left: 40px;\">&#13;<br \/>\n\t\u00a0<\/p>\n<p>&#13;<br \/>\n\t<img decoding=\"async\" alt=\"P\u00f4le enfance et sport \u00e0 Evry-Courcouronnes (Essonne), Hemaa pour la Mairie d'Evry-Courcouronnes, nomm\u00e9 au prix de la Premi\u00e8re \u0152uvre 2025\" src=\"data:image\/gif;base64,R0lGODdhAQABAPAAAMPDwwAAACwAAAAAAQABAAACAkQBADs=\" data-original=\"https:\/\/www.amc-archi.com\/mediatheque\/4\/7\/7\/000414774_illustration_large.jpg\"\/><\/p>\n<p>&#13;<br \/>\n\tP\u00f4le\u00a0enfance et\u00a0sport \u00e0\u00a0Evry-Courcouronnes (Essonne), ma\u00eetrise d\u2019ouvrage :\u00a0Mairie d&rsquo;Evry-Courcouronnes, architecte :\u00a0Hemaa\u00a0\u00a9\u00a0Charles Boucha\u00efb.<\/p>\n<p>&#13;<br \/>\n\t\u00a0<\/p>\n","protected":false},"excerpt":{"rendered":"&#13; Vingt r\u00e9alisations nomm\u00e9es \u00e0 l&rsquo;\u00c9querre d&rsquo;argent 2025 ont \u00e9t\u00e9 soumises au jury pr\u00e9sid\u00e9 par\u00a0Philippe Prost qui, apr\u00e8s&hellip;\n","protected":false},"author":2,"featured_media":556300,"comment_status":"","ping_status":"","sticky":false,"template":"","format":"standard","meta":{"footnotes":""},"categories":[1358],"tags":[1348,1384,1385,1386,58,59,63034,1011,27,63845,63033],"class_list":{"0":"post-556299","1":"post","2":"type-post","3":"status-publish","4":"format-standard","5":"has-post-thumbnail","7":"category-arts-et-design","8":"tag-arts","9":"tag-arts-and-design","10":"tag-arts-et-design","11":"tag-design","12":"tag-divertissement","13":"tag-entertainment","14":"tag-equerre-dargent-2025","15":"tag-fr","16":"tag-france","17":"tag-premiu00e8re-oeuvre","18":"tag-u00c9querre-dargent"},"share_on_mastodon":{"url":"https:\/\/pubeurope.com\/@fr\/115606990555518238","error":""},"_links":{"self":[{"href":"https:\/\/www.europesays.com\/fr\/wp-json\/wp\/v2\/posts\/556299","targetHints":{"allow":["GET"]}}],"collection":[{"href":"https:\/\/www.europesays.com\/fr\/wp-json\/wp\/v2\/posts"}],"about":[{"href":"https:\/\/www.europesays.com\/fr\/wp-json\/wp\/v2\/types\/post"}],"author":[{"embeddable":true,"href":"https:\/\/www.europesays.com\/fr\/wp-json\/wp\/v2\/users\/2"}],"replies":[{"embeddable":true,"href":"https:\/\/www.europesays.com\/fr\/wp-json\/wp\/v2\/comments?post=556299"}],"version-history":[{"count":0,"href":"https:\/\/www.europesays.com\/fr\/wp-json\/wp\/v2\/posts\/556299\/revisions"}],"wp:featuredmedia":[{"embeddable":true,"href":"https:\/\/www.europesays.com\/fr\/wp-json\/wp\/v2\/media\/556300"}],"wp:attachment":[{"href":"https:\/\/www.europesays.com\/fr\/wp-json\/wp\/v2\/media?parent=556299"}],"wp:term":[{"taxonomy":"category","embeddable":true,"href":"https:\/\/www.europesays.com\/fr\/wp-json\/wp\/v2\/categories?post=556299"},{"taxonomy":"post_tag","embeddable":true,"href":"https:\/\/www.europesays.com\/fr\/wp-json\/wp\/v2\/tags?post=556299"}],"curies":[{"name":"wp","href":"https:\/\/api.w.org\/{rel}","templated":true}]}}