{"id":556305,"date":"2025-11-24T22:20:25","date_gmt":"2025-11-24T22:20:25","guid":{"rendered":"https:\/\/www.europesays.com\/fr\/556305\/"},"modified":"2025-11-24T22:20:25","modified_gmt":"2025-11-24T22:20:25","slug":"jusqua-5h-du-matin-james-et-oliver-phelps-jumeaux-weasley-revelent-les-coulisses-agitees-de-leur-dernier-tournage-a-poudlard","status":"publish","type":"post","link":"https:\/\/www.europesays.com\/fr\/556305\/","title":{"rendered":"\u00ab\u00a0Jusqu&rsquo;\u00e0 5h du matin !\u00a0\u00bb James et Oliver Phelps (jumeaux Weasley) r\u00e9v\u00e8lent les coulisses agit\u00e9es de leur dernier tournage \u00e0 Poudlard"},"content":{"rendered":"<p>Interpr\u00e8tes originaux de Fred et George, les c\u00e9l\u00e8bres jumeaux de la famille Weasley, dans la saga Harry Potter, les fr\u00e8res Phelps ont r\u00e9cemment repris le chemin des d\u00e9cors des films pour un tournage exceptionnel. <\/p>\n<p>Ils sont certainement les personnages les plus espi\u00e8gles de la franchise Harry Potter : Fred et George Weasley, les fr\u00e8res a\u00een\u00e9s de Ron et Ginny, se sont fait une place tr\u00e8s sp\u00e9ciale dans le c\u0153ur des fans en redoublant de ruse et d&rsquo;inventivit\u00e9 pour faire les quatre cents coups dans l&rsquo;univers imagin\u00e9 par <a href=\"https:\/\/www.programme-tv.net\/biographie\/246232-rowling-j-k\/\" data-link-people=\"ae1dc87f-3916-450f-9293-4c21f1c3a357\" target=\"_blank\" rel=\"noopener\">J.K. Rowling<\/a>. Par extension, James et Oliver Phelps, qui leur ont pr\u00eat\u00e9 leurs traits durant les huit films de la saga cin\u00e9matographique, sont \u00e9galement devenus inoubliables pour les Potterheads. Alors, lorsque HBO Max a d\u00e9cid\u00e9 d&rsquo;imaginer <a href=\"https:\/\/www.programme-tv.net\/news\/tv\/364934-fans-d-harry-potter-accrochez-vous-a-vos-baguettes-les-freres-weasley-vous-embarquent-dans-une-nouvelle-emission-ensorcelante\/\" data-api-deeplink=\"teleloisirs:\/\/news\/364934\" target=\"_blank\" rel=\"noopener\">une \u00e9mission de p\u00e2tisserie th\u00e9matis\u00e9e Harry Potter<\/a>, la plateforme de streaming a imm\u00e9diatement fait appel \u00e0 l&rsquo;\u00e9nergie d\u00e9bordante du duo pour animer le concours. De quoi si bien fonctionner que <a href=\"https:\/\/www.programme-tv.net\/news\/tv\/391190-harry-potter-on-ne-croyait-pas-pouvoir-le-refaire-un-jour-james-et-oliver-phelps-fred-et-george-se-confient-sur-leur-retour-evenement-a-poudlard\/\" data-api-deeplink=\"teleloisirs:\/\/news\/391190\" target=\"_blank\" rel=\"noopener\">Harry Potter : Les sorciers de la p\u00e2tisserie est de retour avec une saison 2<\/a>. T\u00e9l\u00e9-Loisirs a pu \u00e9changer avec le tandem pour ce retour en terre magique !<\/p>\n<p>                        \u00ab\u00a0On est oblig\u00e9 de tourner toute la nuit\u00a0\u00bb r\u00e9v\u00e8lent James et Oliver Phelps concernant le tournage de Harry Potter : Les sorciers de la p\u00e2tisserie<\/p>\n<p>De 2000 \u00e0 2010, les \u00e9quipes des films Harry Potter ont investi les studios de tournage de Leavesden, \u00e0 quelques encablures de Londres. Les plus grands d\u00e9cors de l&rsquo;univers, tels que Poudlard, Privet Drive ou le Minist\u00e8re de la magie, y ont \u00e9t\u00e9 construits. Depuis, \u00e0 d\u00e9faut d&rsquo;avoir \u00e9t\u00e9 d\u00e9truits, ces d\u00e9cors ont \u00e9t\u00e9 ouverts au public et accueillent des milliers de visiteurs chaque jour. Mais parce qu&rsquo;il \u00e9tait inenvisageable pour les \u00e9quipes des Sorciers de la p\u00e2tisserie de tourner ailleurs que dans ces lieux mythiques, le tournage s&rsquo;est av\u00e9r\u00e9 plus que contraignant&#8230; \u00ab\u00a0Ce que les gens ne comprennent pas, c&rsquo;est que, comme les visites du studio sont toujours tr\u00e8s populaires, nous ne pouvons tourner les sc\u00e8nes ou faire les prises de vues sur les plateaux que la nuit. Notre journ\u00e9e commence donc vers 14 ou 15 heures et peut se finir jusqu&rsquo;\u00e0 5 heures du matin ! Les gens ne se rendent pas vraiment compte que tout se passe la nuit\u00a0\u00bb confient les deux fr\u00e8res.<\/p>\n<p>            Cet autre secret de tournage que nous r\u00e9v\u00e8lent James et Oliver Phelps<\/p>\n<p>Alors que la saison 2 voit revenir d&rsquo;autres acteurs de la saga <a href=\"https:\/\/www.programme-tv.net\/news\/tv\/392199-harry-potter-je-ne-pouvais-pas-m-en-empecher-james-et-oliver-phelps-fred-et-george-balancent-sur-leurs-retrouvailles-hilarantes-avec-devon-murray-seamus\/\" data-api-deeplink=\"teleloisirs:\/\/news\/392199\" target=\"_blank\" rel=\"noopener\">comme Devon Murray (Seamus), que les fr\u00e8res Phelps se sont bien amus\u00e9s \u00e0 taquiner,<\/a> le dispositif de tournage pour capturer chaque instant de ce concours intensif est impressionnant. En plus de la grande cam\u00e9ra sur grue fix\u00e9e dans la Grande salle de Poudlard, \u00ab\u00a0ce sont 14 cam\u00e9ras qui tournent toutes en m\u00eame temps dans la cuisine tellement il se passe de choses en simultan\u00e9e\u00a0\u00bb nous r\u00e9v\u00e8lent James et Oliver.<\/p>\n","protected":false},"excerpt":{"rendered":"Interpr\u00e8tes originaux de Fred et George, les c\u00e9l\u00e8bres jumeaux de la famille Weasley, dans la saga Harry Potter,&hellip;\n","protected":false},"author":2,"featured_media":556306,"comment_status":"","ping_status":"","sticky":false,"template":"","format":"standard","meta":{"footnotes":""},"categories":[1354],"tags":[244,58,59,1346,1011,27,6610,63189,67387,63188,5371,1360,10395,129],"class_list":{"0":"post-556305","1":"post","2":"type-post","3":"status-publish","4":"format-standard","5":"has-post-thumbnail","7":"category-films","8":"tag-commentaire","9":"tag-divertissement","10":"tag-entertainment","11":"tag-films","12":"tag-fr","13":"tag-france","14":"tag-harry-potter","15":"tag-harry-potter-les-sorciers-de-la-pu00e2tisserie","16":"tag-harry-potter-les-sorciers-de-la-pu00e2tisserie-saison-2-52195479","17":"tag-harry-potter-les-sorciers-de-la-pu00e2tisserie-su00e9rie-52178074","18":"tag-hbo-max","19":"tag-movies","20":"tag-pub-streaming","21":"tag-svod"},"share_on_mastodon":{"url":"https:\/\/pubeurope.com\/@fr\/115607006292427674","error":""},"_links":{"self":[{"href":"https:\/\/www.europesays.com\/fr\/wp-json\/wp\/v2\/posts\/556305","targetHints":{"allow":["GET"]}}],"collection":[{"href":"https:\/\/www.europesays.com\/fr\/wp-json\/wp\/v2\/posts"}],"about":[{"href":"https:\/\/www.europesays.com\/fr\/wp-json\/wp\/v2\/types\/post"}],"author":[{"embeddable":true,"href":"https:\/\/www.europesays.com\/fr\/wp-json\/wp\/v2\/users\/2"}],"replies":[{"embeddable":true,"href":"https:\/\/www.europesays.com\/fr\/wp-json\/wp\/v2\/comments?post=556305"}],"version-history":[{"count":0,"href":"https:\/\/www.europesays.com\/fr\/wp-json\/wp\/v2\/posts\/556305\/revisions"}],"wp:featuredmedia":[{"embeddable":true,"href":"https:\/\/www.europesays.com\/fr\/wp-json\/wp\/v2\/media\/556306"}],"wp:attachment":[{"href":"https:\/\/www.europesays.com\/fr\/wp-json\/wp\/v2\/media?parent=556305"}],"wp:term":[{"taxonomy":"category","embeddable":true,"href":"https:\/\/www.europesays.com\/fr\/wp-json\/wp\/v2\/categories?post=556305"},{"taxonomy":"post_tag","embeddable":true,"href":"https:\/\/www.europesays.com\/fr\/wp-json\/wp\/v2\/tags?post=556305"}],"curies":[{"name":"wp","href":"https:\/\/api.w.org\/{rel}","templated":true}]}}