{"id":556317,"date":"2025-11-24T22:26:20","date_gmt":"2025-11-24T22:26:20","guid":{"rendered":"https:\/\/www.europesays.com\/fr\/556317\/"},"modified":"2025-11-24T22:26:20","modified_gmt":"2025-11-24T22:26:20","slug":"un-jeune-homme-de-18-ans-arme-dun-couteau-a-poignarde-trois-pietons-a-madrid-lassaillant-a-crie-allah-akbar-avant-detre-touche-par-des-tirs-policiers","status":"publish","type":"post","link":"https:\/\/www.europesays.com\/fr\/556317\/","title":{"rendered":"Un jeune homme de 18 ans arm\u00e9 d\u2019un couteau a poignard\u00e9 trois pi\u00e9tons \u00e0 Madrid\u00a0: l\u2019assaillant a cri\u00e9 \u00ab\u00a0Allah Akbar\u00a0\u00bb avant d\u2019\u00eatre touch\u00e9 par des tirs policiers"},"content":{"rendered":"<p>\n                                                                L\u2019assaillant a \u00e9t\u00e9 hospitalis\u00e9. Les autorit\u00e9s suspectent une attaque terroriste.\n                            <\/p>\n<p>La capitale de l\u2019Espagne est en alerte apr\u00e8s un possible attentat djihadiste survenu samedi 22\u00a0novembre en pleine rue \u00e0 Madrid. L\u2019homme a poignard\u00e9 trois pi\u00e9tons avec un couteau avant d\u2019\u00eatre bless\u00e9 par un tir policier.<\/p>\n<p>Le quartier de Puente de Vallecas de Madrid est encore sous le choc. Samedi apr\u00e8s-midi, un homme arm\u00e9 d\u2019un couteau s\u2019en est pris \u00e0 plusieurs pi\u00e9tons, en blessant trois en pleine rue. Apr\u00e8s avoir pris la fuite, l\u2019homme s\u2019est retranch\u00e9 dans un appartement. Sur place, l\u2019homme a cri\u00e9 \u00ab\u00a0Allah Akbar\u00a0\u00bb en s\u2019attaquant aux forces de l\u2019ordre avant d\u2019\u00eatre gri\u00e8vement touch\u00e9 par des tirs de d\u00e9fense. Il est depuis hospitalis\u00e9 tandis que les services espagnols antiterroristes ont ouvert une enqu\u00eate pour possible attentat djihadiste, rapporte <a href=\"https:\/\/okdiario.com\/madrid\/asi-abatio-policia-atacante-que-les-grito-ala-grande-herir-3-vecinos-15813129\" target=\"_self\" rel=\"noopener\">OK Diario<\/a> ce dimanche 23\u00a0novembre.<\/p>\n<p>Parmi les victimes, deux sont gri\u00e8vement bless\u00e9es. Une femme pr\u00e9sente une plaie au thorax, tandis qu\u2019une autre victime a \u00e9t\u00e9 poignard\u00e9e au niveau de la nuque. Le troisi\u00e8me bless\u00e9 a \u00e9t\u00e9 l\u00e9g\u00e8rement atteint. Les trois victimes ont \u00e9t\u00e9 prises en charge par des \u00e9quipes m\u00e9dicales qui ont indiqu\u00e9 que leurs jours ne sont pas en danger.<\/p>\n<p>C\u2019est le fr\u00e8re de l\u2019assaillant qui a d\u00e9nonc\u00e9 sa localisation aux autorit\u00e9s locales. Ce dernier, extr\u00eamement agressif, \u00e9tait arm\u00e9 d\u2019une arme blanche de grande taille. Lorsque les forces de l\u2019ordre ont p\u00e9n\u00e9tr\u00e9 dans l\u2019appartement, le suspect r\u00e9citait des versets du Coran en brandissant une machette en se ruant vers les agents de police.<\/p>\n<p>Dans un premier temps, les fonctionnaires ont tent\u00e9 vainement de ma\u00eetriser l\u2019individu avec des tasers, et ont \u00e9t\u00e9 dans l\u2019obligation de recourir \u00e0 leurs armes \u00e0 feu. Plusieurs coups de feu ont \u00e9t\u00e9 tir\u00e9s en direction de la poitrine et de l\u2019abdomen du suspect. Il a \u00e9t\u00e9 transport\u00e9 en urgence \u00e0 l\u2019h\u00f4pital Gregorio Mara\u00f1\u00f3n.<\/p>\n","protected":false},"excerpt":{"rendered":"L\u2019assaillant a \u00e9t\u00e9 hospitalis\u00e9. Les autorit\u00e9s suspectent une attaque terroriste. La capitale de l\u2019Espagne est en alerte apr\u00e8s&hellip;\n","protected":false},"author":2,"featured_media":556318,"comment_status":"","ping_status":"","sticky":false,"template":"","format":"standard","meta":{"footnotes":""},"categories":[5],"tags":[11,1011,27,14,12,28],"class_list":{"0":"post-556317","1":"post","2":"type-post","3":"status-publish","4":"format-standard","5":"has-post-thumbnail","7":"category-international","8":"tag-actualites","9":"tag-fr","10":"tag-france","11":"tag-international","12":"tag-news","13":"tag-world"},"share_on_mastodon":{"url":"https:\/\/pubeurope.com\/@fr\/115607030159504964","error":""},"_links":{"self":[{"href":"https:\/\/www.europesays.com\/fr\/wp-json\/wp\/v2\/posts\/556317","targetHints":{"allow":["GET"]}}],"collection":[{"href":"https:\/\/www.europesays.com\/fr\/wp-json\/wp\/v2\/posts"}],"about":[{"href":"https:\/\/www.europesays.com\/fr\/wp-json\/wp\/v2\/types\/post"}],"author":[{"embeddable":true,"href":"https:\/\/www.europesays.com\/fr\/wp-json\/wp\/v2\/users\/2"}],"replies":[{"embeddable":true,"href":"https:\/\/www.europesays.com\/fr\/wp-json\/wp\/v2\/comments?post=556317"}],"version-history":[{"count":0,"href":"https:\/\/www.europesays.com\/fr\/wp-json\/wp\/v2\/posts\/556317\/revisions"}],"wp:featuredmedia":[{"embeddable":true,"href":"https:\/\/www.europesays.com\/fr\/wp-json\/wp\/v2\/media\/556318"}],"wp:attachment":[{"href":"https:\/\/www.europesays.com\/fr\/wp-json\/wp\/v2\/media?parent=556317"}],"wp:term":[{"taxonomy":"category","embeddable":true,"href":"https:\/\/www.europesays.com\/fr\/wp-json\/wp\/v2\/categories?post=556317"},{"taxonomy":"post_tag","embeddable":true,"href":"https:\/\/www.europesays.com\/fr\/wp-json\/wp\/v2\/tags?post=556317"}],"curies":[{"name":"wp","href":"https:\/\/api.w.org\/{rel}","templated":true}]}}