{"id":556319,"date":"2025-11-24T22:27:11","date_gmt":"2025-11-24T22:27:11","guid":{"rendered":"https:\/\/www.europesays.com\/fr\/556319\/"},"modified":"2025-11-24T22:27:11","modified_gmt":"2025-11-24T22:27:11","slug":"des-quantites-dantesques-tombent-des-communes-ensevelies","status":"publish","type":"post","link":"https:\/\/www.europesays.com\/fr\/556319\/","title":{"rendered":"des quantit\u00e9s dantesques tombent, des communes ensevelies"},"content":{"rendered":"<p>                    Par<br \/>\n        <strong><br \/>\n            <a href=\"https:\/\/actu.fr\/auteur\/nicolas-zaugra\" title=\"Consulter tous les articles de Nicolas Zaugra\" target=\"_blank\" rel=\"noopener\">Nicolas Zaugra<\/a><br \/>\n                    <\/strong><\/p>\n<p>        Publi\u00e9 le<\/p>\n<p>            24 nov. 2025 \u00e0 19h40        <\/p>\n<p>Des voitures ensevelies de <a href=\"https:\/\/actu.fr\/auvergne-rhone-alpes\/orcines_63263\/puy-de-dome-grosse-frayeur-pour-une-mere-et-ses-deux-filles-coincees-dans-la-neige_63477931.html\" target=\"_blank\" rel=\"noopener\">neige<\/a>, villages croulant sous les flocons, des routes difficiles \u00e0 pratiquer, de <strong>quelques dizaines de centim\u00e8tres par endroit \u00e0 2 m localement<\/strong> et de premiers skieurs ravis dans les stations ouvertes : de la neige en tr\u00e8s forte quantit\u00e9 est tomb\u00e9e ce week-end et ce lundi 24 novembre dans les <a href=\"https:\/\/actu.fr\/tag\/alpes\" target=\"_blank\" rel=\"noopener\">Alpes<\/a>. De la poudreuse qui offre un spectaculaire paysage hivernal dans les massifs alpins, y compris \u00e0 basse altitude.<\/p>\n<p>\u00ab\u00a0Jusqu\u2019\u00e0 2 m\u00e8tres de neige en 48 heures\u00a0\u00bb<\/p>\n<p class=\" wall-content\">\u00ab\u00a0Jusqu\u2019\u00e0 2 m\u00e8tres de neige en 48 heures\u00a0\u00bb, selon le site m\u00e9t\u00e9o de Guillaume S\u00e9chet \u00e0 la t\u00eate notamment de M\u00e9t\u00e9o-Lyon.<\/p>\n<p class=\" wall-content\">\u00ab\u00a0Si la neige a fait son retour jusqu\u2019en vall\u00e9e la semaine derni\u00e8re, la limite pluie-neige est remont\u00e9e ce lundi sur les Alpes avec l\u2019arriv\u00e9e d\u2019air oc\u00e9anique sensiblement plus doux. N\u00e9anmoins, si cet air oc\u00e9anique se montre plus doux, il se montre \u00e9galement bien plus humide\u00a0\u00bb, \u00e9crit l\u2019expert. Ce qui g\u00e9n\u00e8re d\u2019importantes chutes de neige, une tendance qui va se poursuivre.<\/p>\n<p>    <a href=\"https:\/\/www.facebook.com\/plugins\/video.php?height=476&amp;href=https%3A%2F%2Fwww.facebook.com%2FEmissionLaPlaceDuVillage%2Fvideos%2F1365391758555741%2F&amp;show_text=false&amp;width=350&amp;t=0\" title=\"Ouvrie le lien\" target=\"_blank\" rel=\"noopener\">Cliquez ici pour visualiser le contenu<\/a><\/p>\n<p>    <a href=\"https:\/\/www.facebook.com\/plugins\/post.php?href=https%3A%2F%2Fwww.facebook.com%2Fparadiski%2Fposts%2Fpfbid02GaQCucpPecAg5R8tXgND8VdBHjHRTFqfZxzBaxiwCq4iMomQTANoUAAhSU32Dapcl&amp;show_text=true&amp;width=350\" title=\"Ouvrie le lien\" target=\"_blank\" rel=\"noopener\">Cliquez ici pour visualiser le contenu<\/a><\/p>\n<p>    <a href=\"https:\/\/www.facebook.com\/plugins\/post.php?href=https%3A%2F%2Fwww.facebook.com%2Fmeteoalpes%2Fposts%2Fpfbid02UaPzxTPBzNwfwjY7y88jQikUrbe75cZsqjX2FxDcy9EfXmJA8aYvvZGiJkF6gxCpl&amp;show_text=true&amp;width=350\" title=\"Ouvrie le lien\" target=\"_blank\" rel=\"noopener\">Cliquez ici pour visualiser le contenu<\/a><\/p>\n<p>    <a href=\"https:\/\/www.facebook.com\/plugins\/video.php?height=314&amp;href=https%3A%2F%2Fwww.facebook.com%2FMeteoExpress%2Fvideos%2F1545470083023217%2F&amp;show_text=false&amp;width=350&amp;t=0\" title=\"Ouvrie le lien\" target=\"_blank\" rel=\"noopener\">Cliquez ici pour visualiser le contenu<\/a><\/p>\n<p>    <a href=\"https:\/\/www.facebook.com\/plugins\/post.php?href=https%3A%2F%2Fwww.facebook.com%2FMeteoExpress%2Fposts%2Fpfbid05njiHkqiTJBNftbfvWK9rhX4a7asAukLSfRCucTZtdnuHmmoL2F1yc4dFLNMFupol&amp;show_text=true&amp;width=350\" title=\"Ouvrie le lien\" target=\"_blank\" rel=\"noopener\">Cliquez ici pour visualiser le contenu<\/a><\/p>\n<p>Votre r\u00e9gion, votre actu !<\/p>\n<p>Recevez chaque jour les infos qui comptent pour vous.<\/p>\n<p>\t<a href=\"https:\/\/actu.fr\/newsletter\" class=\"ac-btn ac-btn--corner ac-btn--medium ac-btn--blue800\" target=\"_blank\" rel=\"noopener\">S&rsquo;incrire<\/a><\/p>\n<p>    <a href=\"https:\/\/www.facebook.com\/plugins\/post.php?href=https%3A%2F%2Fwww.facebook.com%2FMeteoExpress%2Fposts%2Fpfbid02QdiDN4y7yvCQxGAs4spK4T73eBE924H62bftHarJFPX1XcjB69HGsuwxe6GYx3ctl&amp;show_text=true&amp;width=350\" title=\"Ouvrie le lien\" target=\"_blank\" rel=\"noopener\">Cliquez ici pour visualiser le contenu<\/a><\/p>\n<p>Des chutes de neige qui vont continuer<\/p>\n<p class=\" wall-content\">Les pr\u00e9cipitations neigeuses vont en tout cas se poursuivre ces prochains jours. En moyenne montagne, les cumuls de neige s\u2019annoncent de ce fait particuli\u00e8rement importants d\u2019ici mercredi avec parfois plus de 150 cm de neige au-dessus de 2000m sur le nord des Alpes, particuli\u00e8rement pr\u00e8s de la fronti\u00e8re italienne.<\/p>\n<p class=\" wall-content\">On devrait relever plus de 50-70cm sur la quasi-totalit\u00e9 du nord des Alpes au-dessus de 1500-1700m d\u2019altitude, en g\u00e9n\u00e9ral 15 \u00e0 30 cm au-dessus de 1100-1200m, note le <a href=\"https:\/\/www.meteo-paris.com\/actualites\/abondantes-chutes-de-neige-et-risque-d-avalanche-marque-sur-les-alpes-ces-prochains-jours\" target=\"_blank\" rel=\"noopener\">site m\u00e9t\u00e9o de Guillaume S\u00e9chet<\/a>.<\/p>\n<p class=\" wall-content\">Le sud du massif alpin devrait rester un peu plus \u00e0 l\u2019\u00e9cart, notamment en allant vers le Mercantour o\u00f9 le temps restera plus sec. N\u00e9anmoins, des cumuls notables sont tout de m\u00eame attendus sur les Hautes-Alpes avec parfois plus de 50 cm au-dessus de 1500-1700m l\u00e0 aussi.<\/p>\n<p class=\" wall-content\">Si ces chutes de neige sont une excellente nouvelle pour les stations qui commencent \u00e0 ouvrir sur cette fin novembre et jusqu\u2019\u00e0 d\u00e9but d\u00e9cembre, il convient de faire attention aux risques d\u2019avalanches.\u00a0<\/p>\n<p class=\" wall-content\">Personnalisez votre actualit\u00e9 en ajoutant vos villes et m\u00e9dias en favori avec <a href=\"https:\/\/moncompte.actu.fr\" title=\"D\u00e9couvez Mon Actu\" rel=\"nofollow noopener\" data-trk=\"{&quot;cta&quot;:{&quot;action&quot;:&quot;https:\\\/\\\/moncompte.actu.fr&quot;,&quot;category&quot;:&quot;mon compte&quot;,&quot;from&quot;:&quot;article footer&quot;,&quot;name&quot;:&quot;Mon actu&quot;,&quot;type&quot;:&quot;cta&quot;}}\" target=\"_blank\">Mon Actu<\/a>.<\/p>\n","protected":false},"excerpt":{"rendered":"Par Nicolas Zaugra Publi\u00e9 le 24 nov. 2025 \u00e0 19h40 Des voitures ensevelies de neige, villages croulant sous&hellip;\n","protected":false},"author":2,"featured_media":556320,"comment_status":"","ping_status":"","sticky":false,"template":"","format":"standard","meta":{"footnotes":""},"categories":[4],"tags":[11,7733,1011,27,2487,10584,12,25],"class_list":{"0":"post-556319","1":"post","2":"type-post","3":"status-publish","4":"format-standard","5":"has-post-thumbnail","7":"category-france","8":"tag-actualites","9":"tag-alpes","10":"tag-fr","11":"tag-france","12":"tag-meteo","13":"tag-neige","14":"tag-news","15":"tag-republique-francaise"},"share_on_mastodon":{"url":"https:\/\/pubeurope.com\/@fr\/115607035054329470","error":""},"_links":{"self":[{"href":"https:\/\/www.europesays.com\/fr\/wp-json\/wp\/v2\/posts\/556319","targetHints":{"allow":["GET"]}}],"collection":[{"href":"https:\/\/www.europesays.com\/fr\/wp-json\/wp\/v2\/posts"}],"about":[{"href":"https:\/\/www.europesays.com\/fr\/wp-json\/wp\/v2\/types\/post"}],"author":[{"embeddable":true,"href":"https:\/\/www.europesays.com\/fr\/wp-json\/wp\/v2\/users\/2"}],"replies":[{"embeddable":true,"href":"https:\/\/www.europesays.com\/fr\/wp-json\/wp\/v2\/comments?post=556319"}],"version-history":[{"count":0,"href":"https:\/\/www.europesays.com\/fr\/wp-json\/wp\/v2\/posts\/556319\/revisions"}],"wp:featuredmedia":[{"embeddable":true,"href":"https:\/\/www.europesays.com\/fr\/wp-json\/wp\/v2\/media\/556320"}],"wp:attachment":[{"href":"https:\/\/www.europesays.com\/fr\/wp-json\/wp\/v2\/media?parent=556319"}],"wp:term":[{"taxonomy":"category","embeddable":true,"href":"https:\/\/www.europesays.com\/fr\/wp-json\/wp\/v2\/categories?post=556319"},{"taxonomy":"post_tag","embeddable":true,"href":"https:\/\/www.europesays.com\/fr\/wp-json\/wp\/v2\/tags?post=556319"}],"curies":[{"name":"wp","href":"https:\/\/api.w.org\/{rel}","templated":true}]}}