{"id":556321,"date":"2025-11-24T22:28:26","date_gmt":"2025-11-24T22:28:26","guid":{"rendered":"https:\/\/www.europesays.com\/fr\/556321\/"},"modified":"2025-11-24T22:28:26","modified_gmt":"2025-11-24T22:28:26","slug":"date-exacte-douverture-attractions-tout-ce-quil-faut-savoir","status":"publish","type":"post","link":"https:\/\/www.europesays.com\/fr\/556321\/","title":{"rendered":"date exacte d\u2019ouverture, attractions, tout ce qu\u2019il faut savoir"},"content":{"rendered":"<p>Ce 24\u00a0novembre, <a href=\"https:\/\/www.laprovence.com\/article\/sorties-loisirs\/6719468\/il-y-a-30-ans-disneyland-paris-ouvrait-ses-portes.html\" target=\"_blank\" rel=\"noopener\">Disneyland Paris<\/a> a convi\u00e9 quelques m\u00e9dias tri\u00e9s sur le volet \u00e0 un \u00e9v\u00e9nement exceptionnel organis\u00e9 dans la capitale. Objectif\u00a0: enfin d\u00e9voiler la <strong>date d\u2019ouverture de World of Frozen, <\/strong>la nouvelle zone consacr\u00e9e \u00e0 La Reine des neiges. Une annonce tr\u00e8s attendue par les fans de la destination.<\/p>\n<p>\u00c0 partir du <strong>29\u00a0mars\u00a02026<\/strong>, le public pourra donc enfin p\u00e9n\u00e9trer dans le <a href=\"https:\/\/www.laprovence.com\/actu\/en-direct\/5687469\/cinema-la-reine-des-neiges-2-se-devoile-dans-une-nouvelle-bande-annonce.html\" target=\"_blank\" rel=\"noopener\">royaume d\u2019Arendelle<\/a>, nouvelle \u00e9tape visible de la transformation du parc Walt Disney Studios, qui deviendra <a href=\"https:\/\/www.laprovence.com\/article\/france-monde\/16887376989148\/disney-adventure-world-reine-des-neiges-raiponce-pres-de-paris-le-parc-walt-disney-studios-change\" target=\"_blank\" rel=\"noopener\"><strong>Disney Adventure World<\/strong><\/a> d\u00e8s l\u2019ouverture du land.<\/p>\n<p>L&rsquo;arriv\u00e9e de ce nouvel univers s&rsquo;inscrit dans la vaste m\u00e9tamorphose engag\u00e9e depuis 2018. Une refonte totale, pens\u00e9e pour renouveler plus de 90% des attractions existantes et presque doubler la superficie du parc par rapport \u00e0 son ouverture en 2002. Pour comprendre les choix architecturaux et la vision artistique \u00e0 l\u2019\u0153uvre, <a href=\"https:\/\/www.laprovence.com\/\" target=\"_blank\" rel=\"noopener\">La Provence<\/a> avait pu r\u00e9aliser une <a href=\"https:\/\/www.laprovence.com\/article\/tourisme\/3961341837999614\/les-secrets-de-lextension-de-disneyland-paris-racontee-en-exclusivite-par-son-maitre-doeuvre-artistique-michel-den-dulk\" target=\"_blank\" rel=\"noopener\"><strong>interview exclusive<\/strong> de Michel Den Dulk<\/a>, vice-pr\u00e9sident et executive creative director chez Walt Disney Imagineering (WDI), l\u2019un des ma\u00eetres d\u2019\u0153uvre de cette m\u00e9tamorphose.<\/p>\n<p>Une montagne du nord de 36 m\u00e8tres<\/p>\n<p>\u00ab\u00a0L\u2019histoire du parc Walt Disney Studios est en pleine transformation, expliquait-il. On tourne la page des anciens studios de tournage et d\u2019enregistrement pour laisser place \u00e0 des th\u00e9\u00e2tres qui c\u00e9l\u00e8brent les histoires Disney, et surtout \u00e0 des aventures qui prennent vie dans des mondes totalement immersifs..\u00a0\u00bb<\/p>\n<p><img alt=\"Le parc Walt Disney Studios poursuit sa m\u00e9tamorphose en Disney Adventure World, une transformation historique port\u00e9e par de nouvelles zones immersives et un vaste lac central.\" loading=\"lazy\" decoding=\"async\" data-nimg=\"fill\" class=\" TwicCore_img__i9TC1 undefined  undefined\" style=\"position:absolute;height:100%;width:100%;left:0;top:0;right:0;bottom:0;color:transparent;background-size:cover;background-position:50% 50%;background-repeat:no-repeat;background-image:url(&quot;data:image\/svg+xml;charset=utf-8,%3Csvg xmlns='http:\/\/www.w3.org\/2000\/svg' %3E%3Cfilter id='b' color-interpolation-filters='sRGB'%3E%3CfeGaussianBlur stdDeviation='20'\/%3E%3CfeColorMatrix values='1 0 0 0 0 0 1 0 0 0 0 0 1 0 0 0 0 0 100 -1' result='s'\/%3E%3CfeFlood x='0' y='0' width='100%25' height='100%25'\/%3E%3CfeComposite operator='out' in='s'\/%3E%3CfeComposite in2='SourceGraphic'\/%3E%3CfeGaussianBlur stdDeviation='20'\/%3E%3C\/filter%3E%3Cimage width='100%25' height='100%25' x='0' y='0' preserveAspectRatio='none' style='filter: url(%23b);' href='https:\/\/pictures.laprovence.com\/cdn-cgi\/image\/blur=250\/media\/melody\/2025\/11\/24\/le-parc-walt-disney-studios-poursuit-sa-metamorphose-en-disney-adventure-world-une-transformation-hi-1764011391_a0da23be94296c3da23be942968da2v_.jpg'\/%3E%3C\/svg%3E&quot;)\"   src=\"https:\/\/www.europesays.com\/fr\/wp-content\/uploads\/2025\/11\/le-parc-walt-disney-studios-poursuit-sa-metamorphose-en-disney-adventure-world-une-transformation-hi.jpeg\"\/>Le parc Walt Disney Studios poursuit sa m\u00e9tamorphose en Disney Adventure World, une transformation historique port\u00e9e par de nouvelles zones immersives et un vaste lac central. \/ PHOTO DR DISNEY \/ SYLVAIN BECHE<\/p>\n<p>Une immersion qui atteindra un niveau in\u00e9dit avec Arendelle, reconstitu\u00e9e dans ses moindres d\u00e9tails\u00a0: fa\u00e7ades nordiques, fjord, for\u00eat vivante, et surtout une montagne du nord de 36 m\u00e8tres, couronn\u00e9e du Palais de glace d\u2019Elsa.<\/p>\n<p>Au c\u0153ur du land, l\u2019attraction Frozen Ever After embarquera les visiteurs aux c\u00f4t\u00e9s d\u2019Anna, Elsa, Olaf et Kristoff. \u00ab\u00a0Nous ne nous limitons pas \u00e0 une seule sc\u00e8ne de film, insistait Michel Den Dulk. Nous voulons que nos histoires existent comme un espace permanent, que nos visiteurs peuvent d\u00e9couvrir diff\u00e9remment \u00e0 chaque fois.\u00a0\u00bb<\/p>\n<p>Autour de l\u2019attraction, le public pourra d\u00e9couvrir des restaurants et boutiques th\u00e9matis\u00e9s, ainsi que des d\u00e9cors con\u00e7us pour fonctionner de jour comme de nuit. Sans oublier la promesse d\u2019une rencontre royale in\u00e9dite avec <a href=\"https:\/\/www.laprovence.com\/actu\/en-direct\/5320539\/cinema-la-voix-francaise-delsa-devoile-une-premiere-affiche-de-la-reine-des-neiges-2.html\" target=\"_blank\" rel=\"noopener\">Anna et Elsa<\/a>.<\/p>\n<p>Adventure Way et un lac spectaculaire\u00a0: le nouveau visage du parc<\/p>\n<p>Pour acc\u00e9der \u00e0 Arendelle, les visiteurs emprunteront Adventure Way, une promenade verdoyante bord\u00e9e de jardins th\u00e9matiques inspir\u00e9s de Disney et Pixar. On y retrouvera \u00e9galement l\u2019attraction familiale Raiponce Tangled Spin, hommage \u00e0 la c\u00e9l\u00e8bre sc\u00e8ne des lanternes.<\/p>\n<p>Cette all\u00e9e d\u00e9bouchera sur Adventure Bay, un lac de trois hectares vou\u00e9 \u00e0 devenir un nouveau lieu central du parc. Il accueillera un spectacle nocturne d\u2019envergure m\u00ealant fontaines, projections, effets sp\u00e9ciaux et une chor\u00e9graphie de drones in\u00e9dite, d\u00e9velopp\u00e9e avec l\u2019entreprise fran\u00e7aise Dronisos. Sur les rives, le restaurant The Regal View Restaurant &amp; Lounge offrira la possibilit\u00e9 de rencontrer plusieurs princesses Disney.<\/p>\n<p>Et apr\u00e8s Frozen\u00a0? Le \u00ab\u00a0Roi Lion\u00a0\u00bb en approche<\/p>\n<p>Disneyland Paris a d\u00e9j\u00e0 commenc\u00e9 \u00e0 dessiner l\u2019avenir au-del\u00e0 de World of Frozen. Une premi\u00e8re attraction inspir\u00e9e de <a href=\"https:\/\/www.laprovence.com\/article\/loisirs\/41951\/la-haut-survole-le-box-office.html\" target=\"_blank\" rel=\"noopener\">L\u00e0-Haut,<\/a> un carrousel volant offrant une vue panoramique sur Adventure Way, d\u00e9butera sa construction d\u2019ici la fin de l\u2019ann\u00e9e.<\/p>\n<p><img alt=\"Premi\u00e8res images du futur land d\u00e9di\u00e9 au Roi Lion : une attraction aquatique monumentale, avec chutes et Audio-Animatronics nouvelle g\u00e9n\u00e9ration, dont les travaux d\u00e9buteront \u00e0 la fin d\u2019ann\u00e9e 2025.\" loading=\"lazy\" decoding=\"async\" data-nimg=\"fill\" class=\" TwicCore_img__i9TC1 undefined  undefined\" style=\"position:absolute;height:100%;width:100%;left:0;top:0;right:0;bottom:0;color:transparent;background-size:cover;background-position:50% 50%;background-repeat:no-repeat;background-image:url(&quot;data:image\/svg+xml;charset=utf-8,%3Csvg xmlns='http:\/\/www.w3.org\/2000\/svg' %3E%3Cfilter id='b' color-interpolation-filters='sRGB'%3E%3CfeGaussianBlur stdDeviation='20'\/%3E%3CfeColorMatrix values='1 0 0 0 0 0 1 0 0 0 0 0 1 0 0 0 0 0 100 -1' result='s'\/%3E%3CfeFlood x='0' y='0' width='100%25' height='100%25'\/%3E%3CfeComposite operator='out' in='s'\/%3E%3CfeComposite in2='SourceGraphic'\/%3E%3CfeGaussianBlur stdDeviation='20'\/%3E%3C\/filter%3E%3Cimage width='100%25' height='100%25' x='0' y='0' preserveAspectRatio='none' style='filter: url(%23b);' href='https:\/\/pictures.laprovence.com\/cdn-cgi\/image\/blur=250\/media\/melody\/2025\/11\/24\/les-travaux-de-la-nouvelle-zone-thematique-dediee-au-roi-lion-devrait-debuter-d-ici-la-fin-de-l-anne-1764011391_28cbda525bb866ccbda525bb820dbdv_.jpg'\/%3E%3C\/svg%3E&quot;)\"   src=\"https:\/\/www.europesays.com\/fr\/wp-content\/uploads\/2025\/11\/les-travaux-de-la-nouvelle-zone-thematique-dediee-au-roi-lion-devrait-debuter-d-ici-la-fin-de-l-anne.jpeg\"\/>Premi\u00e8res images du futur land d\u00e9di\u00e9 au Roi Lion : une attraction aquatique monumentale, avec chutes et Audio-Animatronics nouvelle g\u00e9n\u00e9ration, dont les travaux d\u00e9buteront \u00e0 la fin d\u2019ann\u00e9e 2025. \/ PHOTO DR<\/p>\n<p>Puis viendra l\u2019un des projets les plus ambitieux jamais con\u00e7us pour la destination\u00a0: <strong>le tout premier land au monde d\u00e9di\u00e9 au <a href=\"https:\/\/www.laprovence.com\/article\/sorties-loisirs\/5596576\/cinema-roi-lion-pour-rugir-de-plaisir.html\" target=\"_blank\" rel=\"noopener\">Roi Lion<\/a><\/strong>, dont les travaux ont d\u00e9marr\u00e9 \u00e0 l\u2019automne\u00a02025. Une attraction aquatique spectaculaire -chutes, audio-animatronics nouvelle g\u00e9n\u00e9ration, rocher des Lions de 37 m\u00e8tres- en sera la pi\u00e8ce ma\u00eetresse. Des restaurants, boutiques et d\u00e9cors immersifs compl\u00e8teront \u00e9galement cet univers in\u00e9dit.<\/p>\n<p>\u00ab\u00a0\u00c0 Disneyland Paris, nos choix cr\u00e9atifs sont d\u00e9termin\u00e9s par les histoires qui r\u00e9sonnent le plus aupr\u00e8s des fans de tous \u00e2ges en France et en Europe, confiait Michel Den Dulk. C\u2019est dans cette logique que nous avons choisi de d\u00e9velopper des mondes immersifs inspir\u00e9s de La Reine des neiges et du Roi Lion, deux de nos univers les plus embl\u00e9matiques et appr\u00e9ci\u00e9s localement\u00a0\u00bb.<\/p>\n<p>Cette date d\u2019ouverture n\u2019est que la premi\u00e8re information d\u00e9voil\u00e9e lors de cet \u00e9v\u00e9nement exceptionnel. D\u2019autres r\u00e9v\u00e9lations sont attendues dans les heures qui viennent.<\/p>\n<p>CE QU\u2019IL FAUT RETENIR<\/p>\n<p>\u2192 World of Frozen ouvrira le 29\u00a0mars\u00a02026, donnant enfin acc\u00e8s au royaume d\u2019Arendelle.<\/p>\n<p>\u2192Le parc Walt Disney Studios deviendra officiellement Disney Adventure World d\u00e8s cette ouverture.<\/p>\n<p>\u2192Frozen Ever After sera l\u2019attraction majeure du nouveau land, entour\u00e9e de boutiques, restaurants et d\u2019une rencontre royale avec Anna et Elsa.<\/p>\n<p>\u2192Le public d\u00e9couvrira \u00e9galement Adventure Way, une promenade verdoyante incluant l\u2019attraction Raiponce Tangled Spin.<\/p>\n<p>\u2192Le nouveau lac Adventure Bay accueillera un spectacle nocturne m\u00ealant fontaines, projections et chor\u00e9graphies de drones in\u00e9dites.<\/p>\n<p>\u2192Une nouvelle attraction familiale inspir\u00e9e de \u00ab\u00a0L\u00e0-Haut\u201d d\u00e9butera sa construction d\u2019ici la fin de l\u2019ann\u00e9e.<\/p>\n<p>\u2192 Apr\u00e8s 2026, Disneyland Paris lancera le premier land au monde d\u00e9di\u00e9 au Roi Lion, avec une attraction aquatique d\u2019envergure. Aucune date pr\u00e9cise n\u2019est encore annonc\u00e9e, les travaux ont \u00e9t\u00e9 lanc\u00e9s \u00e0 l\u2019automne\u00a02025.<\/p>\n<p><a target=\"_self\" aria-label=\"Acc\u00e9der au dossier Id\u00e9es sorties\" class=\"w-full h-full flex flex-row rounded-lg\" data-xiti-chapter1=\"dossier\" data-xiti-chapter2=\"tag\" type=\"navigation\" href=\"https:\/\/www.laprovence.com\/dossiers\/125145\/idees-sorties\" rel=\"noopener\"><img alt=\"Illustration du dossier Id\u00e9es sorties\" loading=\"lazy\" decoding=\"async\" data-nimg=\"fill\" class=\"rounded-lg\" style=\"position:absolute;height:100%;width:100%;left:0;top:0;right:0;bottom:0;object-fit:cover;color:transparent\"   src=\"https:\/\/www.europesays.com\/fr\/wp-content\/uploads\/2025\/07\/1753640176_457_la-fete-foraine-d-aix-a-ouvert-ses-portes-aux-visiteurs-samedi-8-fevrier-2025-1739171705_29c17869c8a.jpeg\"\/><\/a><\/p>\n","protected":false},"excerpt":{"rendered":"Ce 24\u00a0novembre, Disneyland Paris a convi\u00e9 quelques m\u00e9dias tri\u00e9s sur le volet \u00e0 un \u00e9v\u00e9nement exceptionnel organis\u00e9 dans&hellip;\n","protected":false},"author":2,"featured_media":556322,"comment_status":"","ping_status":"","sticky":false,"template":"","format":"standard","meta":{"footnotes":""},"categories":[2],"tags":[17,11,154,7791,1011,27,4743,67388,12,626,12483,602,8436],"class_list":{"0":"post-556321","1":"post","2":"type-post","3":"status-publish","4":"format-standard","5":"has-post-thumbnail","7":"category-actualites","8":"tag-17","9":"tag-actualites","10":"tag-des","11":"tag-disneyland","12":"tag-fr","13":"tag-france","14":"tag-la","15":"tag-neiges","16":"tag-news","17":"tag-paris","18":"tag-reine","19":"tag-tourisme","20":"tag-zone"},"share_on_mastodon":{"url":"https:\/\/pubeurope.com\/@fr\/115607040563320833","error":""},"_links":{"self":[{"href":"https:\/\/www.europesays.com\/fr\/wp-json\/wp\/v2\/posts\/556321","targetHints":{"allow":["GET"]}}],"collection":[{"href":"https:\/\/www.europesays.com\/fr\/wp-json\/wp\/v2\/posts"}],"about":[{"href":"https:\/\/www.europesays.com\/fr\/wp-json\/wp\/v2\/types\/post"}],"author":[{"embeddable":true,"href":"https:\/\/www.europesays.com\/fr\/wp-json\/wp\/v2\/users\/2"}],"replies":[{"embeddable":true,"href":"https:\/\/www.europesays.com\/fr\/wp-json\/wp\/v2\/comments?post=556321"}],"version-history":[{"count":0,"href":"https:\/\/www.europesays.com\/fr\/wp-json\/wp\/v2\/posts\/556321\/revisions"}],"wp:featuredmedia":[{"embeddable":true,"href":"https:\/\/www.europesays.com\/fr\/wp-json\/wp\/v2\/media\/556322"}],"wp:attachment":[{"href":"https:\/\/www.europesays.com\/fr\/wp-json\/wp\/v2\/media?parent=556321"}],"wp:term":[{"taxonomy":"category","embeddable":true,"href":"https:\/\/www.europesays.com\/fr\/wp-json\/wp\/v2\/categories?post=556321"},{"taxonomy":"post_tag","embeddable":true,"href":"https:\/\/www.europesays.com\/fr\/wp-json\/wp\/v2\/tags?post=556321"}],"curies":[{"name":"wp","href":"https:\/\/api.w.org\/{rel}","templated":true}]}}