{"id":556327,"date":"2025-11-24T22:32:17","date_gmt":"2025-11-24T22:32:17","guid":{"rendered":"https:\/\/www.europesays.com\/fr\/556327\/"},"modified":"2025-11-24T22:32:17","modified_gmt":"2025-11-24T22:32:17","slug":"vous-qui-passez-sans-me-voir-au-theatre-de-la-roele","status":"publish","type":"post","link":"https:\/\/www.europesays.com\/fr\/556327\/","title":{"rendered":"Vous, qui passez sans me voir \u2026 au th\u00e9\u00e2tre de la Ro\u00eble"},"content":{"rendered":"<p>Un com\u00e9dien sort de sc\u00e8ne apr\u00e8s sa 300e repr\u00e9sentation d\u2019Othello. Dans sa loge, une femme l\u2019attend qu\u2019il ne conna\u00eet pas. Quel secret lie ces deux personnages\u00a0? \u00ab\u00a0Vous, qui passez sans me voir\u2026\u00a0\u00bb est une pi\u00e8ce intime, qui met en sc\u00e8ne l\u2019histoire d\u2019un amour passionn\u00e9, d\u00e9vorant mais tout \u00e0 la fois impossible et \u00e0 sens unique. Huis clos confin\u00e9 dans une loge de th\u00e9\u00e2tre mais qui pourtant emm\u00e8ne le spectateur jusqu\u2019\u00e0 Rio de Janeiro.<\/p>\n<p>Cette pi\u00e8ce de S\u00e9bastien Biessy est jou\u00e9e par Yves Chambert Loir et B\u00e9atrice Biessy. Elle est produite par le th\u00e9\u00e2tre de la Mansonni\u00e8re de Paris.<\/p>\n<p class=\"note\">Trois repr\u00e9sentations sont pr\u00e9vues\u00a0: vendredi 28\u00a0novembre \u00e0 20\u00a0h, samedi 29\u00a0novembre \u00e0 19\u00a0h\u00a030 et dimanche 30\u00a0novembre \u00e0 16\u00a0h. R\u00e9servation obligatoire sur www.theatredelaroele.fr ou au 03\u00a083\u00a040\u00a064\u00a093. Th\u00e9\u00e2tre de la Ro\u00eble, esplanade du Souvenir Fran\u00e7ais (anciennement Place de l\u2019\u00c9glise) \u00e0 Villers-l\u00e8s-Nancy.<\/p>\n","protected":false},"excerpt":{"rendered":"Un com\u00e9dien sort de sc\u00e8ne apr\u00e8s sa 300e repr\u00e9sentation d\u2019Othello. Dans sa loge, une femme l\u2019attend qu\u2019il ne&hellip;\n","protected":false},"author":2,"featured_media":556328,"comment_status":"","ping_status":"","sticky":false,"template":"","format":"standard","meta":{"footnotes":""},"categories":[9635],"tags":[1111,11,1687,1704,1777,674,1011,27,775,10262,1702,12,25,3140,10261],"class_list":{"0":"post-556327","1":"post","2":"type-post","3":"status-publish","4":"format-standard","5":"has-post-thumbnail","7":"category-nancy","8":"tag-actu","9":"tag-actualites","10":"tag-culture-loisirs","11":"tag-edition-nancy-et-agglomeration","12":"tag-eu","13":"tag-europe","14":"tag-fr","15":"tag-france","16":"tag-grand-est","17":"tag-metropole-du-grand-nancy-54b5","18":"tag-nancy","19":"tag-news","20":"tag-republique-francaise","21":"tag-spectacle","22":"tag-villers-les-nancy"},"share_on_mastodon":{"url":"https:\/\/pubeurope.com\/@fr\/115607053590150048","error":""},"_links":{"self":[{"href":"https:\/\/www.europesays.com\/fr\/wp-json\/wp\/v2\/posts\/556327","targetHints":{"allow":["GET"]}}],"collection":[{"href":"https:\/\/www.europesays.com\/fr\/wp-json\/wp\/v2\/posts"}],"about":[{"href":"https:\/\/www.europesays.com\/fr\/wp-json\/wp\/v2\/types\/post"}],"author":[{"embeddable":true,"href":"https:\/\/www.europesays.com\/fr\/wp-json\/wp\/v2\/users\/2"}],"replies":[{"embeddable":true,"href":"https:\/\/www.europesays.com\/fr\/wp-json\/wp\/v2\/comments?post=556327"}],"version-history":[{"count":0,"href":"https:\/\/www.europesays.com\/fr\/wp-json\/wp\/v2\/posts\/556327\/revisions"}],"wp:featuredmedia":[{"embeddable":true,"href":"https:\/\/www.europesays.com\/fr\/wp-json\/wp\/v2\/media\/556328"}],"wp:attachment":[{"href":"https:\/\/www.europesays.com\/fr\/wp-json\/wp\/v2\/media?parent=556327"}],"wp:term":[{"taxonomy":"category","embeddable":true,"href":"https:\/\/www.europesays.com\/fr\/wp-json\/wp\/v2\/categories?post=556327"},{"taxonomy":"post_tag","embeddable":true,"href":"https:\/\/www.europesays.com\/fr\/wp-json\/wp\/v2\/tags?post=556327"}],"curies":[{"name":"wp","href":"https:\/\/api.w.org\/{rel}","templated":true}]}}