{"id":556329,"date":"2025-11-24T22:33:19","date_gmt":"2025-11-24T22:33:19","guid":{"rendered":"https:\/\/www.europesays.com\/fr\/556329\/"},"modified":"2025-11-24T22:33:19","modified_gmt":"2025-11-24T22:33:19","slug":"nancy-lena-et-lorchestre-enchante-un-conte-musical-pour-les-enfants","status":"publish","type":"post","link":"https:\/\/www.europesays.com\/fr\/556329\/","title":{"rendered":"Nancy. L\u00e9na et l\u2019Orchestre enchant\u00e9 , un conte musical pour les enfants"},"content":{"rendered":"<p>Souvent, les belles histoires naissent dans des moments difficiles. Telle cette temp\u00eate interminable qui emp\u00eache les enfants de la ville d\u2019Heurtebise d\u2019aller \u00e0 l\u2019\u00e9cole ou de rencontrer des amis.<\/p>\n<p>L\u00e9na est cette petite fille espi\u00e8gle qui profite d\u2019une accalmie pour prendre son chat dans ses bras et partir \u00e0 la d\u00e9couverte d\u2019un th\u00e9\u00e2tre \u00e0 l\u2019abandon au bout de la rue. Elle y fera la rencontre des instruments de l\u2019Orchestre, personnages imaginaires de cette histoire o\u00f9 l\u2019enfant est guid\u00e9 par les m\u00e9lodies et la voix de la com\u00e9dienne <strong> Julie Gayet<\/strong>.<\/p>\n<p class=\"note\">Repr\u00e9sentations \u00e0 partir de 6 ans\u00a0: vendredi 28\u00a0novembre \u00e0 19\u00a0h et samedi 29\u00a0novembre \u00e0 11\u00a0h salle Poirel \u00e0 Nancy. Dur\u00e9e\u00a0: 1\u00a0h. Tarifs enfants (- de 12 ans)\u00a0: 5\u00a0\u20ac. Adultes\u00a0: 10\u00a0\u20ac. R\u00e9servation en ligne sur le site de la salle Poirel ou l\u2019Op\u00e9ra de Nancy.<\/p>\n","protected":false},"excerpt":{"rendered":"Souvent, les belles histoires naissent dans des moments difficiles. Telle cette temp\u00eate interminable qui emp\u00eache les enfants de&hellip;\n","protected":false},"author":2,"featured_media":556330,"comment_status":"","ping_status":"","sticky":false,"template":"","format":"standard","meta":{"footnotes":""},"categories":[9635],"tags":[1111,11,1687,1704,1777,674,1011,27,775,1702,1703,12,25,3140],"class_list":{"0":"post-556329","1":"post","2":"type-post","3":"status-publish","4":"format-standard","5":"has-post-thumbnail","7":"category-nancy","8":"tag-actu","9":"tag-actualites","10":"tag-culture-loisirs","11":"tag-edition-nancy-et-agglomeration","12":"tag-eu","13":"tag-europe","14":"tag-fr","15":"tag-france","16":"tag-grand-est","17":"tag-nancy","18":"tag-nancy-ville-54b","19":"tag-news","20":"tag-republique-francaise","21":"tag-spectacle"},"share_on_mastodon":{"url":"https:\/\/pubeurope.com\/@fr\/115607057635665626","error":""},"_links":{"self":[{"href":"https:\/\/www.europesays.com\/fr\/wp-json\/wp\/v2\/posts\/556329","targetHints":{"allow":["GET"]}}],"collection":[{"href":"https:\/\/www.europesays.com\/fr\/wp-json\/wp\/v2\/posts"}],"about":[{"href":"https:\/\/www.europesays.com\/fr\/wp-json\/wp\/v2\/types\/post"}],"author":[{"embeddable":true,"href":"https:\/\/www.europesays.com\/fr\/wp-json\/wp\/v2\/users\/2"}],"replies":[{"embeddable":true,"href":"https:\/\/www.europesays.com\/fr\/wp-json\/wp\/v2\/comments?post=556329"}],"version-history":[{"count":0,"href":"https:\/\/www.europesays.com\/fr\/wp-json\/wp\/v2\/posts\/556329\/revisions"}],"wp:featuredmedia":[{"embeddable":true,"href":"https:\/\/www.europesays.com\/fr\/wp-json\/wp\/v2\/media\/556330"}],"wp:attachment":[{"href":"https:\/\/www.europesays.com\/fr\/wp-json\/wp\/v2\/media?parent=556329"}],"wp:term":[{"taxonomy":"category","embeddable":true,"href":"https:\/\/www.europesays.com\/fr\/wp-json\/wp\/v2\/categories?post=556329"},{"taxonomy":"post_tag","embeddable":true,"href":"https:\/\/www.europesays.com\/fr\/wp-json\/wp\/v2\/tags?post=556329"}],"curies":[{"name":"wp","href":"https:\/\/api.w.org\/{rel}","templated":true}]}}